{"id":106455,"date":"2023-05-31T15:54:58","date_gmt":"2023-05-31T18:54:58","guid":{"rendered":"https:\/\/www.institutodeengenharia.org.br\/site\/?p=106455"},"modified":"2023-06-05T10:53:52","modified_gmt":"2023-06-05T13:53:52","slug":"a-sociobiodiversidade-amazonica-em-busca-de-mercados-internacionais","status":"publish","type":"post","link":"https:\/\/www.institutodeengenharia.org.br\/site\/2023\/05\/31\/a-sociobiodiversidade-amazonica-em-busca-de-mercados-internacionais\/","title":{"rendered":"A Sociobiodiversidade Amaz\u00f4nica em busca de mercados internacionais"},"content":{"rendered":"<div><strong>Assista abaixo \u00e0 grava\u00e7\u00e3o do evento:<\/strong><\/div>\n<div><\/div>\n<div>\n<div style=\"padding: 56.25% 0 0 0; position: relative;\"><iframe style=\"position: absolute; top: 0; left: 0; width: 100%; height: 100%;\" title=\"A Sociobiodiversidade Amaz\u00f4nica em Busca de Mercados Internacionais\" src=\"https:\/\/player.vimeo.com\/video\/832704876?h=8c9a904c67&amp;badge=0&amp;autopause=0&amp;player_id=0&amp;app_id=58479\" frameborder=\"0\" allowfullscreen=\"allowfullscreen\"><\/iframe><\/div>\n<p>&nbsp;<\/p>\n<\/div>\n<div><strong>+ Informa\u00e7\u00f5es:<\/strong><\/div>\n<p>Neste pr\u00f3ximo encontro aberto do GT Bioecomia Nacional, receberemos a Ana Euler. Ana Euler foi recentemente indicada a assumir a Diretoria de Neg\u00f3cios da Embrapa, tem trabalhado os \u00faltimos 20 anos com Amaz\u00f4nia. A sociobiodiversidade amaz\u00f4nica em busca de mercados internacionais \u00e9 o t\u00edtulo da \u00faltima pesquisa que realizou durante seu p\u00f3s-doutorado na Fran\u00e7a. Neste encontro ela vai compartilhar esta pesquisa com a gente e contar um pouco sobre trabalho em bioeconomia que tem desenvolvido como pesquisadora no Embrapa.<\/p>\n<p><strong>P\u00fablico-alvo:<\/strong><\/p>\n<p>Profissionais de Engenharia, professores e estudantes.<\/p>\n<p><strong>Realiza\u00e7\u00e3o:<\/strong><\/p>\n<p><img loading=\"lazy\" decoding=\"async\" class=\"alignnone wp-image-101136\" src=\"https:\/\/www.institutodeengenharia.org.br\/site\/wp-content\/uploads\/2022\/12\/Logo-Colorido.png\" alt=\"\" width=\"387\" height=\"131\" srcset=\"https:\/\/www.institutodeengenharia.org.br\/site\/wp-content\/uploads\/2022\/12\/Logo-Colorido.png 596w, https:\/\/www.institutodeengenharia.org.br\/site\/wp-content\/uploads\/2022\/12\/Logo-Colorido-300x102.png 300w\" sizes=\"auto, (max-width: 387px) 100vw, 387px\" \/><\/p>\n<p><strong>Apoio Institucional:<\/strong><\/p>\n<p><img loading=\"lazy\" decoding=\"async\" class=\"alignnone wp-image-77696\" src=\"https:\/\/www.institutodeengenharia.org.br\/site\/wp-content\/uploads\/2021\/02\/crea.jpg\" alt=\"\" width=\"140\" height=\"98\" srcset=\"https:\/\/www.institutodeengenharia.org.br\/site\/wp-content\/uploads\/2021\/02\/crea.jpg 448w, https:\/\/www.institutodeengenharia.org.br\/site\/wp-content\/uploads\/2021\/02\/crea-300x211.jpg 300w, https:\/\/www.institutodeengenharia.org.br\/site\/wp-content\/uploads\/2021\/02\/crea-100x70.jpg 100w\" sizes=\"auto, (max-width: 140px) 100vw, 140px\" \/><\/p>\n<p><strong>Apoio \u00e0 forma\u00e7\u00e3o:\u00a0<\/strong><\/p>\n<p>Espa\u00e7o aberto ao CREA-SP, objetivando o aperfei\u00e7oamento dos profissionais e o aprimoramento da fiscaliza\u00e7\u00e3o das \u00e1reas abrangidas pelo Sistema Confea\/CREAs, al\u00e9m de promover a conscientiza\u00e7\u00e3o da sociedade quanto \u00e0 necessidade e obrigatoriedade de contratar um profissional devidamente habilitado.<\/p>\n","protected":false},"excerpt":{"rendered":"<p>Assista abaixo \u00e0 grava\u00e7\u00e3o do evento: &nbsp; + Informa\u00e7\u00f5es: Neste pr\u00f3ximo encontro aberto do GT Bioecomia Nacional, receberemos a Ana Euler. Ana Euler foi recentemente indicada a assumir a Diretoria de Neg\u00f3cios da Embrapa, tem trabalhado os \u00faltimos 20 anos com Amaz\u00f4nia. A sociobiodiversidade amaz\u00f4nica em busca de mercados internacionais \u00e9 o t\u00edtulo da \u00faltima [&hellip;]<\/p>\n","protected":false},"author":13,"featured_media":105253,"comment_status":"open","ping_status":"open","sticky":false,"template":"","format":"video","meta":{"footnotes":""},"categories":[1119,968,969],"tags":[1176],"class_list":{"0":"post-106455","1":"post","2":"type-post","3":"status-publish","4":"format-video","5":"has-post-thumbnail","7":"category-amazonia-e-bioeconomia","8":"category-nova-tv-engenharia","9":"category-palestra","10":"tag-video-home","11":"post_format-post-format-video"},"yoast_head":"<!-- This site is optimized with the Yoast SEO plugin v27.2 - https:\/\/yoast.com\/product\/yoast-seo-wordpress\/ -->\n<title>A Sociobiodiversidade Amaz\u00f4nica em busca de mercados internacionais - Instituto de Engenharia<\/title>\n<meta name=\"robots\" content=\"index, follow, max-snippet:-1, max-image-preview:large, max-video-preview:-1\" \/>\n<link rel=\"canonical\" href=\"https:\/\/www.institutodeengenharia.org.br\/site\/2023\/05\/31\/a-sociobiodiversidade-amazonica-em-busca-de-mercados-internacionais\/\" \/>\n<meta property=\"og:locale\" content=\"pt_BR\" \/>\n<meta property=\"og:type\" content=\"article\" \/>\n<meta property=\"og:title\" content=\"A Sociobiodiversidade Amaz\u00f4nica em busca de mercados internacionais\" \/>\n<meta property=\"og:description\" content=\"Neste pr\u00f3ximo encontro aberto do GT Bioecomia Nacional, receberemos a Ana Euler. Ana Euler foi recentemente indicada a assumir a Diretoria de Neg\u00f3cios da Embrapa, tem trabalhado os \u00faltimos 20 anos com Amaz\u00f4nia. A sociobiodiversidade amaz\u00f4nica em busca de mercados internacionais \u00e9 o t\u00edtulo da \u00faltima pesquisa que realizou durante seu p\u00f3s-doutorado na Fran\u00e7a. Neste encontro ela vai compartilhar esta pesquisa com a gente e contar um pouco sobre trabalho em bioeconomia que tem desenvolvido como pesquisadora no Embrapa.\" \/>\n<meta property=\"og:url\" content=\"https:\/\/www.institutodeengenharia.org.br\/site\/2023\/05\/31\/a-sociobiodiversidade-amazonica-em-busca-de-mercados-internacionais\/\" \/>\n<meta property=\"og:site_name\" content=\"Instituto de Engenharia\" \/>\n<meta property=\"article:publisher\" content=\"https:\/\/www.facebook.com\/institutodeengenharia\" \/>\n<meta property=\"article:published_time\" content=\"2023-05-31T18:54:58+00:00\" \/>\n<meta property=\"article:modified_time\" content=\"2023-06-05T13:53:52+00:00\" \/>\n<meta property=\"og:image\" content=\"https:\/\/www.institutodeengenharia.org.br\/site\/wp-content\/uploads\/2023\/05\/Encontro-Aberto_090523_artesite-1.jpg\" \/>\n\t<meta property=\"og:image:width\" content=\"1920\" \/>\n\t<meta property=\"og:image:height\" content=\"1080\" \/>\n\t<meta property=\"og:image:type\" content=\"image\/jpeg\" \/>\n<meta name=\"author\" content=\"Bianca\" \/>\n<meta name=\"twitter:card\" content=\"summary_large_image\" \/>\n<meta name=\"twitter:title\" content=\"A Sociobiodiversidade Amaz\u00f4nica em busca de mercados internacionais\" \/>\n<meta name=\"twitter:description\" content=\"Neste pr\u00f3ximo encontro aberto do GT Bioecomia Nacional, receberemos a Ana Euler. Ana Euler foi recentemente indicada a assumir a Diretoria de Neg\u00f3cios da Embrapa, tem trabalhado os \u00faltimos 20 anos com Amaz\u00f4nia. A sociobiodiversidade amaz\u00f4nica em busca de mercados internacionais \u00e9 o t\u00edtulo da \u00faltima pesquisa que realizou durante seu p\u00f3s-doutorado na Fran\u00e7a. Neste encontro ela vai compartilhar esta pesquisa com a gente e contar um pouco sobre trabalho em bioeconomia que tem desenvolvido como pesquisadora no Embrapa.\" \/>\n<meta name=\"twitter:image\" content=\"https:\/\/www.institutodeengenharia.org.br\/site\/wp-content\/uploads\/2023\/05\/Encontro-Aberto_090523_artesite-1.jpg\" \/>\n<meta name=\"twitter:creator\" content=\"@iengenharia\" \/>\n<meta name=\"twitter:site\" content=\"@iengenharia\" \/>\n<meta name=\"twitter:label1\" content=\"Escrito por\" \/>\n\t<meta name=\"twitter:data1\" content=\"Bianca\" \/>\n\t<meta name=\"twitter:label2\" content=\"Est. tempo de leitura\" \/>\n\t<meta name=\"twitter:data2\" content=\"2 minutos\" \/>\n<script type=\"application\/ld+json\" class=\"yoast-schema-graph\">{\"@context\":\"https:\/\/schema.org\",\"@graph\":[{\"@type\":\"Article\",\"@id\":\"https:\/\/www.institutodeengenharia.org.br\/site\/2023\/05\/31\/a-sociobiodiversidade-amazonica-em-busca-de-mercados-internacionais\/#article\",\"isPartOf\":{\"@id\":\"https:\/\/www.institutodeengenharia.org.br\/site\/2023\/05\/31\/a-sociobiodiversidade-amazonica-em-busca-de-mercados-internacionais\/\"},\"author\":{\"name\":\"Bianca\",\"@id\":\"https:\/\/www.institutodeengenharia.org.br\/site\/#\/schema\/person\/aeb64951c405e100d26d30b033dd423f\"},\"headline\":\"A Sociobiodiversidade Amaz\u00f4nica em busca de mercados internacionais\",\"datePublished\":\"2023-05-31T18:54:58+00:00\",\"dateModified\":\"2023-06-05T13:53:52+00:00\",\"mainEntityOfPage\":{\"@id\":\"https:\/\/www.institutodeengenharia.org.br\/site\/2023\/05\/31\/a-sociobiodiversidade-amazonica-em-busca-de-mercados-internacionais\/\"},\"wordCount\":160,\"commentCount\":0,\"publisher\":{\"@id\":\"https:\/\/www.institutodeengenharia.org.br\/site\/#organization\"},\"image\":{\"@id\":\"https:\/\/www.institutodeengenharia.org.br\/site\/2023\/05\/31\/a-sociobiodiversidade-amazonica-em-busca-de-mercados-internacionais\/#primaryimage\"},\"thumbnailUrl\":\"https:\/\/www.institutodeengenharia.org.br\/site\/wp-content\/uploads\/2023\/05\/Encontro-Aberto_090523_artesite-1.jpg\",\"keywords\":[\"video-home\"],\"articleSection\":[\"Amaz\u00f4nia e Bioeconomia\",\"Nova TV Engenharia\",\"Palestra\"],\"inLanguage\":\"pt-BR\",\"potentialAction\":[{\"@type\":\"CommentAction\",\"name\":\"Comment\",\"target\":[\"https:\/\/www.institutodeengenharia.org.br\/site\/2023\/05\/31\/a-sociobiodiversidade-amazonica-em-busca-de-mercados-internacionais\/#respond\"]}]},{\"@type\":\"WebPage\",\"@id\":\"https:\/\/www.institutodeengenharia.org.br\/site\/2023\/05\/31\/a-sociobiodiversidade-amazonica-em-busca-de-mercados-internacionais\/\",\"url\":\"https:\/\/www.institutodeengenharia.org.br\/site\/2023\/05\/31\/a-sociobiodiversidade-amazonica-em-busca-de-mercados-internacionais\/\",\"name\":\"A Sociobiodiversidade Amaz\u00f4nica em busca de mercados internacionais - Instituto de Engenharia\",\"isPartOf\":{\"@id\":\"https:\/\/www.institutodeengenharia.org.br\/site\/#website\"},\"primaryImageOfPage\":{\"@id\":\"https:\/\/www.institutodeengenharia.org.br\/site\/2023\/05\/31\/a-sociobiodiversidade-amazonica-em-busca-de-mercados-internacionais\/#primaryimage\"},\"image\":{\"@id\":\"https:\/\/www.institutodeengenharia.org.br\/site\/2023\/05\/31\/a-sociobiodiversidade-amazonica-em-busca-de-mercados-internacionais\/#primaryimage\"},\"thumbnailUrl\":\"https:\/\/www.institutodeengenharia.org.br\/site\/wp-content\/uploads\/2023\/05\/Encontro-Aberto_090523_artesite-1.jpg\",\"datePublished\":\"2023-05-31T18:54:58+00:00\",\"dateModified\":\"2023-06-05T13:53:52+00:00\",\"breadcrumb\":{\"@id\":\"https:\/\/www.institutodeengenharia.org.br\/site\/2023\/05\/31\/a-sociobiodiversidade-amazonica-em-busca-de-mercados-internacionais\/#breadcrumb\"},\"inLanguage\":\"pt-BR\",\"potentialAction\":[{\"@type\":\"ReadAction\",\"target\":[\"https:\/\/www.institutodeengenharia.org.br\/site\/2023\/05\/31\/a-sociobiodiversidade-amazonica-em-busca-de-mercados-internacionais\/\"]}]},{\"@type\":\"ImageObject\",\"inLanguage\":\"pt-BR\",\"@id\":\"https:\/\/www.institutodeengenharia.org.br\/site\/2023\/05\/31\/a-sociobiodiversidade-amazonica-em-busca-de-mercados-internacionais\/#primaryimage\",\"url\":\"https:\/\/www.institutodeengenharia.org.br\/site\/wp-content\/uploads\/2023\/05\/Encontro-Aberto_090523_artesite-1.jpg\",\"contentUrl\":\"https:\/\/www.institutodeengenharia.org.br\/site\/wp-content\/uploads\/2023\/05\/Encontro-Aberto_090523_artesite-1.jpg\",\"width\":1920,\"height\":1080},{\"@type\":\"BreadcrumbList\",\"@id\":\"https:\/\/www.institutodeengenharia.org.br\/site\/2023\/05\/31\/a-sociobiodiversidade-amazonica-em-busca-de-mercados-internacionais\/#breadcrumb\",\"itemListElement\":[{\"@type\":\"ListItem\",\"position\":1,\"name\":\"In\u00edcio\",\"item\":\"https:\/\/www.institutodeengenharia.org.br\/site\/\"},{\"@type\":\"ListItem\",\"position\":2,\"name\":\"A Sociobiodiversidade Amaz\u00f4nica em busca de mercados internacionais\"}]},{\"@type\":\"WebSite\",\"@id\":\"https:\/\/www.institutodeengenharia.org.br\/site\/#website\",\"url\":\"https:\/\/www.institutodeengenharia.org.br\/site\/\",\"name\":\"Instituto de Engenharia\",\"description\":\"O Instituto de Engenharia promove a Engenharia em benef\u00edcio do desenvolvimento e da qualidade de vida da sociedade.\",\"publisher\":{\"@id\":\"https:\/\/www.institutodeengenharia.org.br\/site\/#organization\"},\"potentialAction\":[{\"@type\":\"SearchAction\",\"target\":{\"@type\":\"EntryPoint\",\"urlTemplate\":\"https:\/\/www.institutodeengenharia.org.br\/site\/?s={search_term_string}\"},\"query-input\":{\"@type\":\"PropertyValueSpecification\",\"valueRequired\":true,\"valueName\":\"search_term_string\"}}],\"inLanguage\":\"pt-BR\"},{\"@type\":\"Organization\",\"@id\":\"https:\/\/www.institutodeengenharia.org.br\/site\/#organization\",\"name\":\"Instituto de Engenharia\",\"url\":\"https:\/\/www.institutodeengenharia.org.br\/site\/\",\"logo\":{\"@type\":\"ImageObject\",\"inLanguage\":\"pt-BR\",\"@id\":\"https:\/\/www.institutodeengenharia.org.br\/site\/#\/schema\/logo\/image\/\",\"url\":\"https:\/\/www.institutodeengenharia.org.br\/site\/wp-content\/uploads\/2019\/03\/logo-novo-IE2018-1.jpg\",\"contentUrl\":\"https:\/\/www.institutodeengenharia.org.br\/site\/wp-content\/uploads\/2019\/03\/logo-novo-IE2018-1.jpg\",\"width\":1486,\"height\":1879,\"caption\":\"Instituto de Engenharia\"},\"image\":{\"@id\":\"https:\/\/www.institutodeengenharia.org.br\/site\/#\/schema\/logo\/image\/\"},\"sameAs\":[\"https:\/\/www.facebook.com\/institutodeengenharia\",\"https:\/\/x.com\/iengenharia\",\"https:\/\/www.instagram.com\/institutodeengenharia\/\",\"https:\/\/www.linkedin.com\/company\/instituto-de-engenharia\/\",\"https:\/\/www.youtube.com\/channel\/UCXiCAlsSMe977vamW915HxA\"]},{\"@type\":\"Person\",\"@id\":\"https:\/\/www.institutodeengenharia.org.br\/site\/#\/schema\/person\/aeb64951c405e100d26d30b033dd423f\",\"name\":\"Bianca\",\"image\":{\"@type\":\"ImageObject\",\"inLanguage\":\"pt-BR\",\"@id\":\"https:\/\/secure.gravatar.com\/avatar\/a6fbe9bff57405baf4c1e2c5c1811e072b558253974a9f9508f4678900c97c2a?s=96&d=mm&r=g\",\"url\":\"https:\/\/secure.gravatar.com\/avatar\/a6fbe9bff57405baf4c1e2c5c1811e072b558253974a9f9508f4678900c97c2a?s=96&d=mm&r=g\",\"contentUrl\":\"https:\/\/secure.gravatar.com\/avatar\/a6fbe9bff57405baf4c1e2c5c1811e072b558253974a9f9508f4678900c97c2a?s=96&d=mm&r=g\",\"caption\":\"Bianca\"},\"url\":\"https:\/\/www.institutodeengenharia.org.br\/site\/author\/comunicacao1\/\"}]}<\/script>\n<!-- \/ Yoast SEO plugin. -->","yoast_head_json":{"title":"A Sociobiodiversidade Amaz\u00f4nica em busca de mercados internacionais - Instituto de Engenharia","robots":{"index":"index","follow":"follow","max-snippet":"max-snippet:-1","max-image-preview":"max-image-preview:large","max-video-preview":"max-video-preview:-1"},"canonical":"https:\/\/www.institutodeengenharia.org.br\/site\/2023\/05\/31\/a-sociobiodiversidade-amazonica-em-busca-de-mercados-internacionais\/","og_locale":"pt_BR","og_type":"article","og_title":"A Sociobiodiversidade Amaz\u00f4nica em busca de mercados internacionais","og_description":"Neste pr\u00f3ximo encontro aberto do GT Bioecomia Nacional, receberemos a Ana Euler. Ana Euler foi recentemente indicada a assumir a Diretoria de Neg\u00f3cios da Embrapa, tem trabalhado os \u00faltimos 20 anos com Amaz\u00f4nia. A sociobiodiversidade amaz\u00f4nica em busca de mercados internacionais \u00e9 o t\u00edtulo da \u00faltima pesquisa que realizou durante seu p\u00f3s-doutorado na Fran\u00e7a. Neste encontro ela vai compartilhar esta pesquisa com a gente e contar um pouco sobre trabalho em bioeconomia que tem desenvolvido como pesquisadora no Embrapa.","og_url":"https:\/\/www.institutodeengenharia.org.br\/site\/2023\/05\/31\/a-sociobiodiversidade-amazonica-em-busca-de-mercados-internacionais\/","og_site_name":"Instituto de Engenharia","article_publisher":"https:\/\/www.facebook.com\/institutodeengenharia","article_published_time":"2023-05-31T18:54:58+00:00","article_modified_time":"2023-06-05T13:53:52+00:00","og_image":[{"width":1920,"height":1080,"url":"https:\/\/www.institutodeengenharia.org.br\/site\/wp-content\/uploads\/2023\/05\/Encontro-Aberto_090523_artesite-1.jpg","type":"image\/jpeg"}],"author":"Bianca","twitter_card":"summary_large_image","twitter_title":"A Sociobiodiversidade Amaz\u00f4nica em busca de mercados internacionais","twitter_description":"Neste pr\u00f3ximo encontro aberto do GT Bioecomia Nacional, receberemos a Ana Euler. Ana Euler foi recentemente indicada a assumir a Diretoria de Neg\u00f3cios da Embrapa, tem trabalhado os \u00faltimos 20 anos com Amaz\u00f4nia. A sociobiodiversidade amaz\u00f4nica em busca de mercados internacionais \u00e9 o t\u00edtulo da \u00faltima pesquisa que realizou durante seu p\u00f3s-doutorado na Fran\u00e7a. Neste encontro ela vai compartilhar esta pesquisa com a gente e contar um pouco sobre trabalho em bioeconomia que tem desenvolvido como pesquisadora no Embrapa.","twitter_image":"https:\/\/www.institutodeengenharia.org.br\/site\/wp-content\/uploads\/2023\/05\/Encontro-Aberto_090523_artesite-1.jpg","twitter_creator":"@iengenharia","twitter_site":"@iengenharia","twitter_misc":{"Escrito por":"Bianca","Est. tempo de leitura":"2 minutos"},"schema":{"@context":"https:\/\/schema.org","@graph":[{"@type":"Article","@id":"https:\/\/www.institutodeengenharia.org.br\/site\/2023\/05\/31\/a-sociobiodiversidade-amazonica-em-busca-de-mercados-internacionais\/#article","isPartOf":{"@id":"https:\/\/www.institutodeengenharia.org.br\/site\/2023\/05\/31\/a-sociobiodiversidade-amazonica-em-busca-de-mercados-internacionais\/"},"author":{"name":"Bianca","@id":"https:\/\/www.institutodeengenharia.org.br\/site\/#\/schema\/person\/aeb64951c405e100d26d30b033dd423f"},"headline":"A Sociobiodiversidade Amaz\u00f4nica em busca de mercados internacionais","datePublished":"2023-05-31T18:54:58+00:00","dateModified":"2023-06-05T13:53:52+00:00","mainEntityOfPage":{"@id":"https:\/\/www.institutodeengenharia.org.br\/site\/2023\/05\/31\/a-sociobiodiversidade-amazonica-em-busca-de-mercados-internacionais\/"},"wordCount":160,"commentCount":0,"publisher":{"@id":"https:\/\/www.institutodeengenharia.org.br\/site\/#organization"},"image":{"@id":"https:\/\/www.institutodeengenharia.org.br\/site\/2023\/05\/31\/a-sociobiodiversidade-amazonica-em-busca-de-mercados-internacionais\/#primaryimage"},"thumbnailUrl":"https:\/\/www.institutodeengenharia.org.br\/site\/wp-content\/uploads\/2023\/05\/Encontro-Aberto_090523_artesite-1.jpg","keywords":["video-home"],"articleSection":["Amaz\u00f4nia e Bioeconomia","Nova TV Engenharia","Palestra"],"inLanguage":"pt-BR","potentialAction":[{"@type":"CommentAction","name":"Comment","target":["https:\/\/www.institutodeengenharia.org.br\/site\/2023\/05\/31\/a-sociobiodiversidade-amazonica-em-busca-de-mercados-internacionais\/#respond"]}]},{"@type":"WebPage","@id":"https:\/\/www.institutodeengenharia.org.br\/site\/2023\/05\/31\/a-sociobiodiversidade-amazonica-em-busca-de-mercados-internacionais\/","url":"https:\/\/www.institutodeengenharia.org.br\/site\/2023\/05\/31\/a-sociobiodiversidade-amazonica-em-busca-de-mercados-internacionais\/","name":"A Sociobiodiversidade Amaz\u00f4nica em busca de mercados internacionais - Instituto de Engenharia","isPartOf":{"@id":"https:\/\/www.institutodeengenharia.org.br\/site\/#website"},"primaryImageOfPage":{"@id":"https:\/\/www.institutodeengenharia.org.br\/site\/2023\/05\/31\/a-sociobiodiversidade-amazonica-em-busca-de-mercados-internacionais\/#primaryimage"},"image":{"@id":"https:\/\/www.institutodeengenharia.org.br\/site\/2023\/05\/31\/a-sociobiodiversidade-amazonica-em-busca-de-mercados-internacionais\/#primaryimage"},"thumbnailUrl":"https:\/\/www.institutodeengenharia.org.br\/site\/wp-content\/uploads\/2023\/05\/Encontro-Aberto_090523_artesite-1.jpg","datePublished":"2023-05-31T18:54:58+00:00","dateModified":"2023-06-05T13:53:52+00:00","breadcrumb":{"@id":"https:\/\/www.institutodeengenharia.org.br\/site\/2023\/05\/31\/a-sociobiodiversidade-amazonica-em-busca-de-mercados-internacionais\/#breadcrumb"},"inLanguage":"pt-BR","potentialAction":[{"@type":"ReadAction","target":["https:\/\/www.institutodeengenharia.org.br\/site\/2023\/05\/31\/a-sociobiodiversidade-amazonica-em-busca-de-mercados-internacionais\/"]}]},{"@type":"ImageObject","inLanguage":"pt-BR","@id":"https:\/\/www.institutodeengenharia.org.br\/site\/2023\/05\/31\/a-sociobiodiversidade-amazonica-em-busca-de-mercados-internacionais\/#primaryimage","url":"https:\/\/www.institutodeengenharia.org.br\/site\/wp-content\/uploads\/2023\/05\/Encontro-Aberto_090523_artesite-1.jpg","contentUrl":"https:\/\/www.institutodeengenharia.org.br\/site\/wp-content\/uploads\/2023\/05\/Encontro-Aberto_090523_artesite-1.jpg","width":1920,"height":1080},{"@type":"BreadcrumbList","@id":"https:\/\/www.institutodeengenharia.org.br\/site\/2023\/05\/31\/a-sociobiodiversidade-amazonica-em-busca-de-mercados-internacionais\/#breadcrumb","itemListElement":[{"@type":"ListItem","position":1,"name":"In\u00edcio","item":"https:\/\/www.institutodeengenharia.org.br\/site\/"},{"@type":"ListItem","position":2,"name":"A Sociobiodiversidade Amaz\u00f4nica em busca de mercados internacionais"}]},{"@type":"WebSite","@id":"https:\/\/www.institutodeengenharia.org.br\/site\/#website","url":"https:\/\/www.institutodeengenharia.org.br\/site\/","name":"Instituto de Engenharia","description":"O Instituto de Engenharia promove a Engenharia em benef\u00edcio do desenvolvimento e da qualidade de vida da sociedade.","publisher":{"@id":"https:\/\/www.institutodeengenharia.org.br\/site\/#organization"},"potentialAction":[{"@type":"SearchAction","target":{"@type":"EntryPoint","urlTemplate":"https:\/\/www.institutodeengenharia.org.br\/site\/?s={search_term_string}"},"query-input":{"@type":"PropertyValueSpecification","valueRequired":true,"valueName":"search_term_string"}}],"inLanguage":"pt-BR"},{"@type":"Organization","@id":"https:\/\/www.institutodeengenharia.org.br\/site\/#organization","name":"Instituto de Engenharia","url":"https:\/\/www.institutodeengenharia.org.br\/site\/","logo":{"@type":"ImageObject","inLanguage":"pt-BR","@id":"https:\/\/www.institutodeengenharia.org.br\/site\/#\/schema\/logo\/image\/","url":"https:\/\/www.institutodeengenharia.org.br\/site\/wp-content\/uploads\/2019\/03\/logo-novo-IE2018-1.jpg","contentUrl":"https:\/\/www.institutodeengenharia.org.br\/site\/wp-content\/uploads\/2019\/03\/logo-novo-IE2018-1.jpg","width":1486,"height":1879,"caption":"Instituto de Engenharia"},"image":{"@id":"https:\/\/www.institutodeengenharia.org.br\/site\/#\/schema\/logo\/image\/"},"sameAs":["https:\/\/www.facebook.com\/institutodeengenharia","https:\/\/x.com\/iengenharia","https:\/\/www.instagram.com\/institutodeengenharia\/","https:\/\/www.linkedin.com\/company\/instituto-de-engenharia\/","https:\/\/www.youtube.com\/channel\/UCXiCAlsSMe977vamW915HxA"]},{"@type":"Person","@id":"https:\/\/www.institutodeengenharia.org.br\/site\/#\/schema\/person\/aeb64951c405e100d26d30b033dd423f","name":"Bianca","image":{"@type":"ImageObject","inLanguage":"pt-BR","@id":"https:\/\/secure.gravatar.com\/avatar\/a6fbe9bff57405baf4c1e2c5c1811e072b558253974a9f9508f4678900c97c2a?s=96&d=mm&r=g","url":"https:\/\/secure.gravatar.com\/avatar\/a6fbe9bff57405baf4c1e2c5c1811e072b558253974a9f9508f4678900c97c2a?s=96&d=mm&r=g","contentUrl":"https:\/\/secure.gravatar.com\/avatar\/a6fbe9bff57405baf4c1e2c5c1811e072b558253974a9f9508f4678900c97c2a?s=96&d=mm&r=g","caption":"Bianca"},"url":"https:\/\/www.institutodeengenharia.org.br\/site\/author\/comunicacao1\/"}]}},"_links":{"self":[{"href":"https:\/\/www.institutodeengenharia.org.br\/site\/wp-json\/wp\/v2\/posts\/106455","targetHints":{"allow":["GET"]}}],"collection":[{"href":"https:\/\/www.institutodeengenharia.org.br\/site\/wp-json\/wp\/v2\/posts"}],"about":[{"href":"https:\/\/www.institutodeengenharia.org.br\/site\/wp-json\/wp\/v2\/types\/post"}],"author":[{"embeddable":true,"href":"https:\/\/www.institutodeengenharia.org.br\/site\/wp-json\/wp\/v2\/users\/13"}],"replies":[{"embeddable":true,"href":"https:\/\/www.institutodeengenharia.org.br\/site\/wp-json\/wp\/v2\/comments?post=106455"}],"version-history":[{"count":2,"href":"https:\/\/www.institutodeengenharia.org.br\/site\/wp-json\/wp\/v2\/posts\/106455\/revisions"}],"predecessor-version":[{"id":106496,"href":"https:\/\/www.institutodeengenharia.org.br\/site\/wp-json\/wp\/v2\/posts\/106455\/revisions\/106496"}],"wp:featuredmedia":[{"embeddable":true,"href":"https:\/\/www.institutodeengenharia.org.br\/site\/wp-json\/wp\/v2\/media\/105253"}],"wp:attachment":[{"href":"https:\/\/www.institutodeengenharia.org.br\/site\/wp-json\/wp\/v2\/media?parent=106455"}],"wp:term":[{"taxonomy":"category","embeddable":true,"href":"https:\/\/www.institutodeengenharia.org.br\/site\/wp-json\/wp\/v2\/categories?post=106455"},{"taxonomy":"post_tag","embeddable":true,"href":"https:\/\/www.institutodeengenharia.org.br\/site\/wp-json\/wp\/v2\/tags?post=106455"}],"curies":[{"name":"wp","href":"https:\/\/api.w.org\/{rel}","templated":true}]}}