{"id":106321,"date":"2023-05-30T10:03:46","date_gmt":"2023-05-30T13:03:46","guid":{"rendered":"https:\/\/www.institutodeengenharia.org.br\/site\/?p=106321"},"modified":"2023-06-02T15:25:07","modified_gmt":"2023-06-02T18:25:07","slug":"por-jose-eduardo-cavalcanti-consideracoes-sobre-as-alteracoes-propostas-pelo-governo-federal-no-marco-legal-do-saneamento","status":"publish","type":"post","link":"https:\/\/www.institutodeengenharia.org.br\/site\/2023\/05\/30\/por-jose-eduardo-cavalcanti-consideracoes-sobre-as-alteracoes-propostas-pelo-governo-federal-no-marco-legal-do-saneamento\/","title":{"rendered":"Por Jos\u00e9 Eduardo Cavalcanti \u2013 Considera\u00e7\u00f5es sobre as altera\u00e7\u00f5es propostas pelo Governo Federal no marco legal do saneamento"},"content":{"rendered":"<p>Em maio passado, por 295 votos a favor e 136 contra, com uma absten\u00e7\u00e3o, a C\u00e2mara dos Deputados sustou, por meio de um PDL, parte das mudan\u00e7as no Marco Legal do Saneamento consubstanciadas em dois Decretos 11.466 e 11.467 de 5 de abril de 2023 de iniciativa do Poder Executivo.<\/p>\n<p>No Decreto 11466\/23, segundo a Ag\u00eancia C\u00e2mara de Not\u00edcias, o substitutivo suspendeu trecho que permite ao prestador de servi\u00e7os de saneamento em atua\u00e7\u00e3o incluir no processo de comprova\u00e7\u00e3o da capacidade econ\u00f4mico-financeira eventuais contratos provis\u00f3rios n\u00e3o formalizados ou mesmo instrumentos de natureza prec\u00e1ria. J\u00e1 no Decreto 11467\/23, segundo esta mesma fonte, o projeto suspendeu cinco dispositivos com detalhes de regulamenta\u00e7\u00e3o da presta\u00e7\u00e3o regionalizada dos servi\u00e7os de saneamento.<\/p>\n<p>Como se recorda, o Decreto 11.466 regulamentou o art. 10-B da Lei n\u00ba 11.445, de 5 de janeiro de 2007, (Lei que estabelece as diretrizes nacionais para o saneamento b\u00e1sico e para a pol\u00edtica federal de saneamento b\u00e1sico) para estabelecer a metodologia para comprova\u00e7\u00e3o da capacidade econ\u00f4mico-financeira dos prestadores de servi\u00e7os p\u00fablicos de abastecimento de \u00e1gua pot\u00e1vel.<\/p>\n<p>Por sua vez, o Decreto 11.467 disp\u00f4s sobre a presta\u00e7\u00e3o regionalizada dos servi\u00e7os p\u00fablicos de saneamento b\u00e1sico, o apoio t\u00e9cnico e financeiro de que trata o art. 13 da Lei n\u00ba 14.026, de 15 de julho de 2020 (Lei que disp\u00f5e sobre a cria\u00e7\u00e3o da ANA &#8211; Ag\u00eancia Nacional de \u00c1guas e Saneamento B\u00e1sico), a aloca\u00e7\u00e3o de recursos p\u00fablicos federais e os financiamentos com recursos da Uni\u00e3o ou geridos ou operados por \u00f3rg\u00e3os ou entidades da Uni\u00e3o de que trata o art. 50 da Lei n\u00ba 11.445, de 5 de janeiro de 2007 (Lei que estabelece as diretrizes nacionais para o saneamento b\u00e1sico e para a pol\u00edtica federal de saneamento b\u00e1sico), e a altera\u00e7\u00e3o do Decreto n\u00ba 7.217, de 21 de junho de 2010 que regulamenta a Lei n\u00ba 11.4445, e do Decreto n\u00ba 10.430, de 20 de julho de 2020 que disp\u00f5e sobre o Comit\u00ea Interministerial de Saneamento B\u00e1sico..<\/p>\n<p>A justificativa do atual Governo para a promulga\u00e7\u00e3o de ambos os Decretos diz respeito a institui\u00e7\u00e3o de medidas para incentivar investimentos em saneamento b\u00e1sico.<\/p>\n<p>Em resumo, as modifica\u00e7\u00f5es propostas nestes Decretos foram no sentido de uma flexibiliza\u00e7\u00e3o de modo a permitir a reabertura de prazos para que estatais que n\u00e3o provaram capacidade financeira para cumprir a meta da universaliza\u00e7\u00e3o at\u00e9 2033, em conformidade com o Decreto 10.710 de 31 de maio de 2021 (revogado pelo Decreto 11.466), possam, at\u00e9 o final do ano, apresentar a documenta\u00e7\u00e3o necess\u00e1ria para ser avaliada pelo regulador at\u00e9 mar\u00e7o de 2024. Ainda, caso o hist\u00f3rico seja insuficiente e os indicadores n\u00e3o sejam atendidos, a estatal poder\u00e1 ter sua capacidade reconhecida mediante a apresenta\u00e7\u00e3o de um plano de metas para atingimento em um prazo de 5 anos.<\/p>\n<p>Resulta que na pr\u00e1tica os contratos de servi\u00e7o de 1117 cidades, (ou cerca de 20% do total dos munic\u00edpios) que apresentaram irregularidades entre 2020 e 2021 poder\u00e3o ser regularizados com muito maior facilidade. O prazo para regionaliza\u00e7\u00e3o dos servi\u00e7os que venceu em 31 de mar\u00e7o de 2023 foi prolongado por este Decreto para 31 de dezembro de 2025. Ap\u00f3s essa data, os Munic\u00edpios ter\u00e3o prazo de 180 dias para aderir \u00e0s estruturas de regionaliza\u00e7\u00e3o que vierem a ser criadas. Enquanto isto, os munic\u00edpios poder\u00e3o voltar a acessar recursos federais em fun\u00e7\u00e3o da permiss\u00e3o trazida pelo Decreto para regulariza\u00e7\u00e3o dos contratos.<\/p>\n<p>Outra altera\u00e7\u00e3o foi a permiss\u00e3o para que as companhias estaduais prestem servi\u00e7os sem licita\u00e7\u00e3o em microrregi\u00f5es, aglomera\u00e7\u00f5es urbanas e regi\u00f5es metropolitanas sem necessidade de licita\u00e7\u00e3o bastando uma autoriza\u00e7\u00e3o da unidade interfederativa do bloco regional. De fato, no artigo 60 do Decreto 11.467\/2023, os par\u00e1grafos 16 e 17 do art. 6\u00ba permitem que os munic\u00edpios que fazem parte de uma unidade de presta\u00e7\u00e3o regionalizada (URAES) deleguem \u00e0s empresas estatais controladas pelos respectivos estados a execu\u00e7\u00e3o dos servi\u00e7os de saneamento b\u00e1sico sem licita\u00e7\u00e3o na forma de contratos de programa.<\/p>\n<p>Este modelo, inclusive, j\u00e1 foi adotado pela CAGEPA da Para\u00edba, tendo j\u00e1 sofrido uma a\u00e7\u00e3o de inconstitucionalidade impetrada pela ABCON.<\/p>\n<p>Outra modifica\u00e7\u00e3o trazida pelo Decreto 11.467\/23 em seu art. 13, \u00a71\u00ba,I, estabelece que, na edi\u00e7\u00e3o das normas de refer\u00eancia, a ANA dever\u00e1 observar as diretrizes de pol\u00edtica de saneamento estabelecidas pelo Minist\u00e9rio da Cidade. O Decreto n\u00e3o impediu a ANA de editar normas de refer\u00eancia, mas estabeleceu que esta regula\u00e7\u00e3o se limitasse ao m\u00ednimo necess\u00e1rio para as necessidades de padroniza\u00e7\u00e3o.<\/p>\n<p>Por fim destaca-se que o Decreto Federal 11.467\/2023 deu solu\u00e7\u00e3o \u00e0 uma situa\u00e7\u00e3o de incerteza jur\u00eddica ao firmar que o limite de 25% n\u00e3o se aplica aos contratos de PPP.<\/p>\n<p>Objetivando dar uma solu\u00e7\u00e3o pol\u00edtica para o impasse evitando-se entraves com o Governo, a C\u00e2mara Federal cogita, atrav\u00e9s de um projeto de Decreto Legislativo, sustar apenas alguns par\u00e1grafos do artigo 6\u00ba do Decreto 11.467, justamente \u00e0queles que tratam da regionaliza\u00e7\u00e3o, em especial da possibilidade de contrata\u00e7\u00e3o direta das empresas p\u00fablicas de saneamento sem licita\u00e7\u00e3o.<\/p>\n<p>De qualquer forma, o impacto causado pelos mencionados Decretos tem o poder de elevar a politiza\u00e7\u00e3o e os conflitos judiciais no setor introduzindo o risco de interrup\u00e7\u00e3o das atividades e adiamento da meta de universaliza\u00e7\u00e3o prevista a acontecer at\u00e9 2033, em conformidade com a Agenda 2030 da ONU.<\/p>\n<p>________________________________________________________________________<\/p>\n<p><img loading=\"lazy\" decoding=\"async\" class=\"wp-image-31353 alignleft td-animation-stack-type0-2\" src=\"https:\/\/www.institutodeengenharia.org.br\/site\/wp-content\/uploads\/2018\/02\/cavalcanti-alta2-e1547225067645.jpg\" sizes=\"auto, (max-width: 169px) 100vw, 169px\" srcset=\"https:\/\/www.institutodeengenharia.org.br\/site\/wp-content\/uploads\/2018\/02\/cavalcanti-alta2-e1547225067645.jpg 606w, https:\/\/www.institutodeengenharia.org.br\/site\/wp-content\/uploads\/2018\/02\/cavalcanti-alta2-e1547225067645-150x150.jpg 150w, https:\/\/www.institutodeengenharia.org.br\/site\/wp-content\/uploads\/2018\/02\/cavalcanti-alta2-e1547225067645-298x300.jpg 298w, https:\/\/www.institutodeengenharia.org.br\/site\/wp-content\/uploads\/2018\/02\/cavalcanti-alta2-e1547225067645-417x420.jpg 417w\" alt=\"\" width=\"169\" height=\"170\" \/><\/p>\n<p>Jos\u00e9 Eduardo Cavalcanti \u00e9 engenheiro consultor, diretor do Departamento de Engenharia da Ambiental do Brasil, diretor da Divis\u00e3o de Saneamento do Deinfra \u2013 Departamento de Infraestrutura da Federa\u00e7\u00e3o das Ind\u00fastrias do Estado de S\u00e3o Paulo (Fiesp), conselheiro do Instituto de Engenharia, e membro da Comiss\u00e3o Editorial da Revista Engenharia. E-mail:\u00a0<a href=\"mailto:cavalcanti@ambientaldobrasil.com.br\">cavalcanti@ambientaldobrasil.com.br<\/a><\/p>\n<p>*<em>Os artigos publicados com assinatura, n\u00e3o traduzem necessariamente a opini\u00e3o do Instituto de Engenharia. Sua publica\u00e7\u00e3o obedece ao prop\u00f3sito de estimular o debate dos problemas brasileiros e de refletir as diversas tend\u00eancias do pensamento contempor\u00e2neo<\/em><\/p>\n","protected":false},"excerpt":{"rendered":"<p>Em maio passado, por 295 votos a favor e 136 contra, com uma absten\u00e7\u00e3o, a C\u00e2mara dos Deputados sustou, por meio de um PDL, parte das mudan\u00e7as no Marco Legal do Saneamento consubstanciadas em dois Decretos 11.466 e 11.467 de 5 de abril de 2023 de iniciativa do Poder Executivo. No Decreto 11466\/23, segundo a [&hellip;]<\/p>\n","protected":false},"author":13,"featured_media":106322,"comment_status":"open","ping_status":"open","sticky":false,"template":"","format":"standard","meta":{"footnotes":""},"categories":[11,92],"tags":[],"class_list":{"0":"post-106321","1":"post","2":"type-post","3":"status-publish","4":"format-standard","5":"has-post-thumbnail","7":"category-articulistas","8":"category-jose-eduardo-cavalcanti"},"yoast_head":"<!-- This site is optimized with the Yoast SEO plugin v27.2 - https:\/\/yoast.com\/product\/yoast-seo-wordpress\/ -->\n<title>Por Jos\u00e9 Eduardo Cavalcanti \u2013 Considera\u00e7\u00f5es sobre as altera\u00e7\u00f5es propostas pelo Governo Federal no marco legal do saneamento - Instituto de Engenharia<\/title>\n<meta name=\"robots\" content=\"index, follow, max-snippet:-1, max-image-preview:large, max-video-preview:-1\" \/>\n<link rel=\"canonical\" href=\"https:\/\/www.institutodeengenharia.org.br\/site\/2023\/05\/30\/por-jose-eduardo-cavalcanti-consideracoes-sobre-as-alteracoes-propostas-pelo-governo-federal-no-marco-legal-do-saneamento\/\" \/>\n<meta property=\"og:locale\" content=\"pt_BR\" \/>\n<meta property=\"og:type\" content=\"article\" \/>\n<meta property=\"og:title\" content=\"Por Jos\u00e9 Eduardo Cavalcanti \u2013 Considera\u00e7\u00f5es sobre as altera\u00e7\u00f5es propostas pelo Governo Federal no marco legal do saneamento\" \/>\n<meta property=\"og:description\" content=\"Em maio passado, por 295 votos a favor e 136 contra, com uma absten\u00e7\u00e3o, a C\u00e2mara dos Deputados sustou, por meio de um PDL, parte das mudan\u00e7as no Marco Legal do Saneamento consubstanciadas em dois Decretos 11.466 e 11.467 de 5 de abril de 2023 de iniciativa do Poder Executivo. O texto seguiu para an\u00e1lise do Senado Federal que ainda n\u00e3o se pronunciou.\" \/>\n<meta property=\"og:url\" content=\"https:\/\/www.institutodeengenharia.org.br\/site\/2023\/05\/30\/por-jose-eduardo-cavalcanti-consideracoes-sobre-as-alteracoes-propostas-pelo-governo-federal-no-marco-legal-do-saneamento\/\" \/>\n<meta property=\"og:site_name\" content=\"Instituto de Engenharia\" \/>\n<meta property=\"article:publisher\" content=\"https:\/\/www.facebook.com\/institutodeengenharia\" \/>\n<meta property=\"article:published_time\" content=\"2023-05-30T13:03:46+00:00\" \/>\n<meta property=\"article:modified_time\" content=\"2023-06-02T18:25:07+00:00\" \/>\n<meta property=\"og:image\" content=\"https:\/\/www.institutodeengenharia.org.br\/site\/wp-content\/uploads\/2023\/05\/health-g21713b89c_1280.jpg\" \/>\n\t<meta property=\"og:image:width\" content=\"851\" \/>\n\t<meta property=\"og:image:height\" content=\"799\" \/>\n\t<meta property=\"og:image:type\" content=\"image\/jpeg\" \/>\n<meta name=\"author\" content=\"Bianca\" \/>\n<meta name=\"twitter:card\" content=\"summary_large_image\" \/>\n<meta name=\"twitter:title\" content=\"Por Jos\u00e9 Eduardo Cavalcanti \u2013 Considera\u00e7\u00f5es sobre as altera\u00e7\u00f5es propostas pelo Governo Federal no marco legal do saneamento\" \/>\n<meta name=\"twitter:description\" content=\"Em maio passado, por 295 votos a favor e 136 contra, com uma absten\u00e7\u00e3o, a C\u00e2mara dos Deputados sustou, por meio de um PDL, parte das mudan\u00e7as no Marco Legal do Saneamento consubstanciadas em dois Decretos 11.466 e 11.467 de 5 de abril de 2023 de iniciativa do Poder Executivo. O texto seguiu para an\u00e1lise do Senado Federal que ainda n\u00e3o se pronunciou.\" \/>\n<meta name=\"twitter:image\" content=\"https:\/\/www.institutodeengenharia.org.br\/site\/wp-content\/uploads\/2023\/05\/health-g21713b89c_1280.jpg\" \/>\n<meta name=\"twitter:creator\" content=\"@iengenharia\" \/>\n<meta name=\"twitter:site\" content=\"@iengenharia\" \/>\n<meta name=\"twitter:label1\" content=\"Escrito por\" \/>\n\t<meta name=\"twitter:data1\" content=\"Bianca\" \/>\n\t<meta name=\"twitter:label2\" content=\"Est. tempo de leitura\" \/>\n\t<meta name=\"twitter:data2\" content=\"6 minutos\" \/>\n<script type=\"application\/ld+json\" class=\"yoast-schema-graph\">{\"@context\":\"https:\/\/schema.org\",\"@graph\":[{\"@type\":\"Article\",\"@id\":\"https:\/\/www.institutodeengenharia.org.br\/site\/2023\/05\/30\/por-jose-eduardo-cavalcanti-consideracoes-sobre-as-alteracoes-propostas-pelo-governo-federal-no-marco-legal-do-saneamento\/#article\",\"isPartOf\":{\"@id\":\"https:\/\/www.institutodeengenharia.org.br\/site\/2023\/05\/30\/por-jose-eduardo-cavalcanti-consideracoes-sobre-as-alteracoes-propostas-pelo-governo-federal-no-marco-legal-do-saneamento\/\"},\"author\":{\"name\":\"Bianca\",\"@id\":\"https:\/\/www.institutodeengenharia.org.br\/site\/#\/schema\/person\/aeb64951c405e100d26d30b033dd423f\"},\"headline\":\"Por Jos\u00e9 Eduardo Cavalcanti \u2013 Considera\u00e7\u00f5es sobre as altera\u00e7\u00f5es propostas pelo Governo Federal no marco legal do saneamento\",\"datePublished\":\"2023-05-30T13:03:46+00:00\",\"dateModified\":\"2023-06-02T18:25:07+00:00\",\"mainEntityOfPage\":{\"@id\":\"https:\/\/www.institutodeengenharia.org.br\/site\/2023\/05\/30\/por-jose-eduardo-cavalcanti-consideracoes-sobre-as-alteracoes-propostas-pelo-governo-federal-no-marco-legal-do-saneamento\/\"},\"wordCount\":1031,\"commentCount\":0,\"publisher\":{\"@id\":\"https:\/\/www.institutodeengenharia.org.br\/site\/#organization\"},\"image\":{\"@id\":\"https:\/\/www.institutodeengenharia.org.br\/site\/2023\/05\/30\/por-jose-eduardo-cavalcanti-consideracoes-sobre-as-alteracoes-propostas-pelo-governo-federal-no-marco-legal-do-saneamento\/#primaryimage\"},\"thumbnailUrl\":\"https:\/\/www.institutodeengenharia.org.br\/site\/wp-content\/uploads\/2023\/05\/health-g21713b89c_1280.jpg\",\"articleSection\":[\"Articulistas\",\"Jos\u00e9 Eduardo Cavalcanti\"],\"inLanguage\":\"pt-BR\",\"potentialAction\":[{\"@type\":\"CommentAction\",\"name\":\"Comment\",\"target\":[\"https:\/\/www.institutodeengenharia.org.br\/site\/2023\/05\/30\/por-jose-eduardo-cavalcanti-consideracoes-sobre-as-alteracoes-propostas-pelo-governo-federal-no-marco-legal-do-saneamento\/#respond\"]}]},{\"@type\":\"WebPage\",\"@id\":\"https:\/\/www.institutodeengenharia.org.br\/site\/2023\/05\/30\/por-jose-eduardo-cavalcanti-consideracoes-sobre-as-alteracoes-propostas-pelo-governo-federal-no-marco-legal-do-saneamento\/\",\"url\":\"https:\/\/www.institutodeengenharia.org.br\/site\/2023\/05\/30\/por-jose-eduardo-cavalcanti-consideracoes-sobre-as-alteracoes-propostas-pelo-governo-federal-no-marco-legal-do-saneamento\/\",\"name\":\"Por Jos\u00e9 Eduardo Cavalcanti \u2013 Considera\u00e7\u00f5es sobre as altera\u00e7\u00f5es propostas pelo Governo Federal no marco legal do saneamento - Instituto de Engenharia\",\"isPartOf\":{\"@id\":\"https:\/\/www.institutodeengenharia.org.br\/site\/#website\"},\"primaryImageOfPage\":{\"@id\":\"https:\/\/www.institutodeengenharia.org.br\/site\/2023\/05\/30\/por-jose-eduardo-cavalcanti-consideracoes-sobre-as-alteracoes-propostas-pelo-governo-federal-no-marco-legal-do-saneamento\/#primaryimage\"},\"image\":{\"@id\":\"https:\/\/www.institutodeengenharia.org.br\/site\/2023\/05\/30\/por-jose-eduardo-cavalcanti-consideracoes-sobre-as-alteracoes-propostas-pelo-governo-federal-no-marco-legal-do-saneamento\/#primaryimage\"},\"thumbnailUrl\":\"https:\/\/www.institutodeengenharia.org.br\/site\/wp-content\/uploads\/2023\/05\/health-g21713b89c_1280.jpg\",\"datePublished\":\"2023-05-30T13:03:46+00:00\",\"dateModified\":\"2023-06-02T18:25:07+00:00\",\"breadcrumb\":{\"@id\":\"https:\/\/www.institutodeengenharia.org.br\/site\/2023\/05\/30\/por-jose-eduardo-cavalcanti-consideracoes-sobre-as-alteracoes-propostas-pelo-governo-federal-no-marco-legal-do-saneamento\/#breadcrumb\"},\"inLanguage\":\"pt-BR\",\"potentialAction\":[{\"@type\":\"ReadAction\",\"target\":[\"https:\/\/www.institutodeengenharia.org.br\/site\/2023\/05\/30\/por-jose-eduardo-cavalcanti-consideracoes-sobre-as-alteracoes-propostas-pelo-governo-federal-no-marco-legal-do-saneamento\/\"]}]},{\"@type\":\"ImageObject\",\"inLanguage\":\"pt-BR\",\"@id\":\"https:\/\/www.institutodeengenharia.org.br\/site\/2023\/05\/30\/por-jose-eduardo-cavalcanti-consideracoes-sobre-as-alteracoes-propostas-pelo-governo-federal-no-marco-legal-do-saneamento\/#primaryimage\",\"url\":\"https:\/\/www.institutodeengenharia.org.br\/site\/wp-content\/uploads\/2023\/05\/health-g21713b89c_1280.jpg\",\"contentUrl\":\"https:\/\/www.institutodeengenharia.org.br\/site\/wp-content\/uploads\/2023\/05\/health-g21713b89c_1280.jpg\",\"width\":851,\"height\":799},{\"@type\":\"BreadcrumbList\",\"@id\":\"https:\/\/www.institutodeengenharia.org.br\/site\/2023\/05\/30\/por-jose-eduardo-cavalcanti-consideracoes-sobre-as-alteracoes-propostas-pelo-governo-federal-no-marco-legal-do-saneamento\/#breadcrumb\",\"itemListElement\":[{\"@type\":\"ListItem\",\"position\":1,\"name\":\"In\u00edcio\",\"item\":\"https:\/\/www.institutodeengenharia.org.br\/site\/\"},{\"@type\":\"ListItem\",\"position\":2,\"name\":\"Por Jos\u00e9 Eduardo Cavalcanti \u2013 Considera\u00e7\u00f5es sobre as altera\u00e7\u00f5es propostas pelo Governo Federal no marco legal do saneamento\"}]},{\"@type\":\"WebSite\",\"@id\":\"https:\/\/www.institutodeengenharia.org.br\/site\/#website\",\"url\":\"https:\/\/www.institutodeengenharia.org.br\/site\/\",\"name\":\"Instituto de Engenharia\",\"description\":\"O Instituto de Engenharia promove a Engenharia em benef\u00edcio do desenvolvimento e da qualidade de vida da sociedade.\",\"publisher\":{\"@id\":\"https:\/\/www.institutodeengenharia.org.br\/site\/#organization\"},\"potentialAction\":[{\"@type\":\"SearchAction\",\"target\":{\"@type\":\"EntryPoint\",\"urlTemplate\":\"https:\/\/www.institutodeengenharia.org.br\/site\/?s={search_term_string}\"},\"query-input\":{\"@type\":\"PropertyValueSpecification\",\"valueRequired\":true,\"valueName\":\"search_term_string\"}}],\"inLanguage\":\"pt-BR\"},{\"@type\":\"Organization\",\"@id\":\"https:\/\/www.institutodeengenharia.org.br\/site\/#organization\",\"name\":\"Instituto de Engenharia\",\"url\":\"https:\/\/www.institutodeengenharia.org.br\/site\/\",\"logo\":{\"@type\":\"ImageObject\",\"inLanguage\":\"pt-BR\",\"@id\":\"https:\/\/www.institutodeengenharia.org.br\/site\/#\/schema\/logo\/image\/\",\"url\":\"https:\/\/www.institutodeengenharia.org.br\/site\/wp-content\/uploads\/2019\/03\/logo-novo-IE2018-1.jpg\",\"contentUrl\":\"https:\/\/www.institutodeengenharia.org.br\/site\/wp-content\/uploads\/2019\/03\/logo-novo-IE2018-1.jpg\",\"width\":1486,\"height\":1879,\"caption\":\"Instituto de Engenharia\"},\"image\":{\"@id\":\"https:\/\/www.institutodeengenharia.org.br\/site\/#\/schema\/logo\/image\/\"},\"sameAs\":[\"https:\/\/www.facebook.com\/institutodeengenharia\",\"https:\/\/x.com\/iengenharia\",\"https:\/\/www.instagram.com\/institutodeengenharia\/\",\"https:\/\/www.linkedin.com\/company\/instituto-de-engenharia\/\",\"https:\/\/www.youtube.com\/channel\/UCXiCAlsSMe977vamW915HxA\"]},{\"@type\":\"Person\",\"@id\":\"https:\/\/www.institutodeengenharia.org.br\/site\/#\/schema\/person\/aeb64951c405e100d26d30b033dd423f\",\"name\":\"Bianca\",\"image\":{\"@type\":\"ImageObject\",\"inLanguage\":\"pt-BR\",\"@id\":\"https:\/\/secure.gravatar.com\/avatar\/a6fbe9bff57405baf4c1e2c5c1811e072b558253974a9f9508f4678900c97c2a?s=96&d=mm&r=g\",\"url\":\"https:\/\/secure.gravatar.com\/avatar\/a6fbe9bff57405baf4c1e2c5c1811e072b558253974a9f9508f4678900c97c2a?s=96&d=mm&r=g\",\"contentUrl\":\"https:\/\/secure.gravatar.com\/avatar\/a6fbe9bff57405baf4c1e2c5c1811e072b558253974a9f9508f4678900c97c2a?s=96&d=mm&r=g\",\"caption\":\"Bianca\"},\"url\":\"https:\/\/www.institutodeengenharia.org.br\/site\/author\/comunicacao1\/\"}]}<\/script>\n<!-- \/ Yoast SEO plugin. -->","yoast_head_json":{"title":"Por Jos\u00e9 Eduardo Cavalcanti \u2013 Considera\u00e7\u00f5es sobre as altera\u00e7\u00f5es propostas pelo Governo Federal no marco legal do saneamento - Instituto de Engenharia","robots":{"index":"index","follow":"follow","max-snippet":"max-snippet:-1","max-image-preview":"max-image-preview:large","max-video-preview":"max-video-preview:-1"},"canonical":"https:\/\/www.institutodeengenharia.org.br\/site\/2023\/05\/30\/por-jose-eduardo-cavalcanti-consideracoes-sobre-as-alteracoes-propostas-pelo-governo-federal-no-marco-legal-do-saneamento\/","og_locale":"pt_BR","og_type":"article","og_title":"Por Jos\u00e9 Eduardo Cavalcanti \u2013 Considera\u00e7\u00f5es sobre as altera\u00e7\u00f5es propostas pelo Governo Federal no marco legal do saneamento","og_description":"Em maio passado, por 295 votos a favor e 136 contra, com uma absten\u00e7\u00e3o, a C\u00e2mara dos Deputados sustou, por meio de um PDL, parte das mudan\u00e7as no Marco Legal do Saneamento consubstanciadas em dois Decretos 11.466 e 11.467 de 5 de abril de 2023 de iniciativa do Poder Executivo. O texto seguiu para an\u00e1lise do Senado Federal que ainda n\u00e3o se pronunciou.","og_url":"https:\/\/www.institutodeengenharia.org.br\/site\/2023\/05\/30\/por-jose-eduardo-cavalcanti-consideracoes-sobre-as-alteracoes-propostas-pelo-governo-federal-no-marco-legal-do-saneamento\/","og_site_name":"Instituto de Engenharia","article_publisher":"https:\/\/www.facebook.com\/institutodeengenharia","article_published_time":"2023-05-30T13:03:46+00:00","article_modified_time":"2023-06-02T18:25:07+00:00","og_image":[{"width":851,"height":799,"url":"https:\/\/www.institutodeengenharia.org.br\/site\/wp-content\/uploads\/2023\/05\/health-g21713b89c_1280.jpg","type":"image\/jpeg"}],"author":"Bianca","twitter_card":"summary_large_image","twitter_title":"Por Jos\u00e9 Eduardo Cavalcanti \u2013 Considera\u00e7\u00f5es sobre as altera\u00e7\u00f5es propostas pelo Governo Federal no marco legal do saneamento","twitter_description":"Em maio passado, por 295 votos a favor e 136 contra, com uma absten\u00e7\u00e3o, a C\u00e2mara dos Deputados sustou, por meio de um PDL, parte das mudan\u00e7as no Marco Legal do Saneamento consubstanciadas em dois Decretos 11.466 e 11.467 de 5 de abril de 2023 de iniciativa do Poder Executivo. O texto seguiu para an\u00e1lise do Senado Federal que ainda n\u00e3o se pronunciou.","twitter_image":"https:\/\/www.institutodeengenharia.org.br\/site\/wp-content\/uploads\/2023\/05\/health-g21713b89c_1280.jpg","twitter_creator":"@iengenharia","twitter_site":"@iengenharia","twitter_misc":{"Escrito por":"Bianca","Est. tempo de leitura":"6 minutos"},"schema":{"@context":"https:\/\/schema.org","@graph":[{"@type":"Article","@id":"https:\/\/www.institutodeengenharia.org.br\/site\/2023\/05\/30\/por-jose-eduardo-cavalcanti-consideracoes-sobre-as-alteracoes-propostas-pelo-governo-federal-no-marco-legal-do-saneamento\/#article","isPartOf":{"@id":"https:\/\/www.institutodeengenharia.org.br\/site\/2023\/05\/30\/por-jose-eduardo-cavalcanti-consideracoes-sobre-as-alteracoes-propostas-pelo-governo-federal-no-marco-legal-do-saneamento\/"},"author":{"name":"Bianca","@id":"https:\/\/www.institutodeengenharia.org.br\/site\/#\/schema\/person\/aeb64951c405e100d26d30b033dd423f"},"headline":"Por Jos\u00e9 Eduardo Cavalcanti \u2013 Considera\u00e7\u00f5es sobre as altera\u00e7\u00f5es propostas pelo Governo Federal no marco legal do saneamento","datePublished":"2023-05-30T13:03:46+00:00","dateModified":"2023-06-02T18:25:07+00:00","mainEntityOfPage":{"@id":"https:\/\/www.institutodeengenharia.org.br\/site\/2023\/05\/30\/por-jose-eduardo-cavalcanti-consideracoes-sobre-as-alteracoes-propostas-pelo-governo-federal-no-marco-legal-do-saneamento\/"},"wordCount":1031,"commentCount":0,"publisher":{"@id":"https:\/\/www.institutodeengenharia.org.br\/site\/#organization"},"image":{"@id":"https:\/\/www.institutodeengenharia.org.br\/site\/2023\/05\/30\/por-jose-eduardo-cavalcanti-consideracoes-sobre-as-alteracoes-propostas-pelo-governo-federal-no-marco-legal-do-saneamento\/#primaryimage"},"thumbnailUrl":"https:\/\/www.institutodeengenharia.org.br\/site\/wp-content\/uploads\/2023\/05\/health-g21713b89c_1280.jpg","articleSection":["Articulistas","Jos\u00e9 Eduardo Cavalcanti"],"inLanguage":"pt-BR","potentialAction":[{"@type":"CommentAction","name":"Comment","target":["https:\/\/www.institutodeengenharia.org.br\/site\/2023\/05\/30\/por-jose-eduardo-cavalcanti-consideracoes-sobre-as-alteracoes-propostas-pelo-governo-federal-no-marco-legal-do-saneamento\/#respond"]}]},{"@type":"WebPage","@id":"https:\/\/www.institutodeengenharia.org.br\/site\/2023\/05\/30\/por-jose-eduardo-cavalcanti-consideracoes-sobre-as-alteracoes-propostas-pelo-governo-federal-no-marco-legal-do-saneamento\/","url":"https:\/\/www.institutodeengenharia.org.br\/site\/2023\/05\/30\/por-jose-eduardo-cavalcanti-consideracoes-sobre-as-alteracoes-propostas-pelo-governo-federal-no-marco-legal-do-saneamento\/","name":"Por Jos\u00e9 Eduardo Cavalcanti \u2013 Considera\u00e7\u00f5es sobre as altera\u00e7\u00f5es propostas pelo Governo Federal no marco legal do saneamento - Instituto de Engenharia","isPartOf":{"@id":"https:\/\/www.institutodeengenharia.org.br\/site\/#website"},"primaryImageOfPage":{"@id":"https:\/\/www.institutodeengenharia.org.br\/site\/2023\/05\/30\/por-jose-eduardo-cavalcanti-consideracoes-sobre-as-alteracoes-propostas-pelo-governo-federal-no-marco-legal-do-saneamento\/#primaryimage"},"image":{"@id":"https:\/\/www.institutodeengenharia.org.br\/site\/2023\/05\/30\/por-jose-eduardo-cavalcanti-consideracoes-sobre-as-alteracoes-propostas-pelo-governo-federal-no-marco-legal-do-saneamento\/#primaryimage"},"thumbnailUrl":"https:\/\/www.institutodeengenharia.org.br\/site\/wp-content\/uploads\/2023\/05\/health-g21713b89c_1280.jpg","datePublished":"2023-05-30T13:03:46+00:00","dateModified":"2023-06-02T18:25:07+00:00","breadcrumb":{"@id":"https:\/\/www.institutodeengenharia.org.br\/site\/2023\/05\/30\/por-jose-eduardo-cavalcanti-consideracoes-sobre-as-alteracoes-propostas-pelo-governo-federal-no-marco-legal-do-saneamento\/#breadcrumb"},"inLanguage":"pt-BR","potentialAction":[{"@type":"ReadAction","target":["https:\/\/www.institutodeengenharia.org.br\/site\/2023\/05\/30\/por-jose-eduardo-cavalcanti-consideracoes-sobre-as-alteracoes-propostas-pelo-governo-federal-no-marco-legal-do-saneamento\/"]}]},{"@type":"ImageObject","inLanguage":"pt-BR","@id":"https:\/\/www.institutodeengenharia.org.br\/site\/2023\/05\/30\/por-jose-eduardo-cavalcanti-consideracoes-sobre-as-alteracoes-propostas-pelo-governo-federal-no-marco-legal-do-saneamento\/#primaryimage","url":"https:\/\/www.institutodeengenharia.org.br\/site\/wp-content\/uploads\/2023\/05\/health-g21713b89c_1280.jpg","contentUrl":"https:\/\/www.institutodeengenharia.org.br\/site\/wp-content\/uploads\/2023\/05\/health-g21713b89c_1280.jpg","width":851,"height":799},{"@type":"BreadcrumbList","@id":"https:\/\/www.institutodeengenharia.org.br\/site\/2023\/05\/30\/por-jose-eduardo-cavalcanti-consideracoes-sobre-as-alteracoes-propostas-pelo-governo-federal-no-marco-legal-do-saneamento\/#breadcrumb","itemListElement":[{"@type":"ListItem","position":1,"name":"In\u00edcio","item":"https:\/\/www.institutodeengenharia.org.br\/site\/"},{"@type":"ListItem","position":2,"name":"Por Jos\u00e9 Eduardo Cavalcanti \u2013 Considera\u00e7\u00f5es sobre as altera\u00e7\u00f5es propostas pelo Governo Federal no marco legal do saneamento"}]},{"@type":"WebSite","@id":"https:\/\/www.institutodeengenharia.org.br\/site\/#website","url":"https:\/\/www.institutodeengenharia.org.br\/site\/","name":"Instituto de Engenharia","description":"O Instituto de Engenharia promove a Engenharia em benef\u00edcio do desenvolvimento e da qualidade de vida da sociedade.","publisher":{"@id":"https:\/\/www.institutodeengenharia.org.br\/site\/#organization"},"potentialAction":[{"@type":"SearchAction","target":{"@type":"EntryPoint","urlTemplate":"https:\/\/www.institutodeengenharia.org.br\/site\/?s={search_term_string}"},"query-input":{"@type":"PropertyValueSpecification","valueRequired":true,"valueName":"search_term_string"}}],"inLanguage":"pt-BR"},{"@type":"Organization","@id":"https:\/\/www.institutodeengenharia.org.br\/site\/#organization","name":"Instituto de Engenharia","url":"https:\/\/www.institutodeengenharia.org.br\/site\/","logo":{"@type":"ImageObject","inLanguage":"pt-BR","@id":"https:\/\/www.institutodeengenharia.org.br\/site\/#\/schema\/logo\/image\/","url":"https:\/\/www.institutodeengenharia.org.br\/site\/wp-content\/uploads\/2019\/03\/logo-novo-IE2018-1.jpg","contentUrl":"https:\/\/www.institutodeengenharia.org.br\/site\/wp-content\/uploads\/2019\/03\/logo-novo-IE2018-1.jpg","width":1486,"height":1879,"caption":"Instituto de Engenharia"},"image":{"@id":"https:\/\/www.institutodeengenharia.org.br\/site\/#\/schema\/logo\/image\/"},"sameAs":["https:\/\/www.facebook.com\/institutodeengenharia","https:\/\/x.com\/iengenharia","https:\/\/www.instagram.com\/institutodeengenharia\/","https:\/\/www.linkedin.com\/company\/instituto-de-engenharia\/","https:\/\/www.youtube.com\/channel\/UCXiCAlsSMe977vamW915HxA"]},{"@type":"Person","@id":"https:\/\/www.institutodeengenharia.org.br\/site\/#\/schema\/person\/aeb64951c405e100d26d30b033dd423f","name":"Bianca","image":{"@type":"ImageObject","inLanguage":"pt-BR","@id":"https:\/\/secure.gravatar.com\/avatar\/a6fbe9bff57405baf4c1e2c5c1811e072b558253974a9f9508f4678900c97c2a?s=96&d=mm&r=g","url":"https:\/\/secure.gravatar.com\/avatar\/a6fbe9bff57405baf4c1e2c5c1811e072b558253974a9f9508f4678900c97c2a?s=96&d=mm&r=g","contentUrl":"https:\/\/secure.gravatar.com\/avatar\/a6fbe9bff57405baf4c1e2c5c1811e072b558253974a9f9508f4678900c97c2a?s=96&d=mm&r=g","caption":"Bianca"},"url":"https:\/\/www.institutodeengenharia.org.br\/site\/author\/comunicacao1\/"}]}},"_links":{"self":[{"href":"https:\/\/www.institutodeengenharia.org.br\/site\/wp-json\/wp\/v2\/posts\/106321","targetHints":{"allow":["GET"]}}],"collection":[{"href":"https:\/\/www.institutodeengenharia.org.br\/site\/wp-json\/wp\/v2\/posts"}],"about":[{"href":"https:\/\/www.institutodeengenharia.org.br\/site\/wp-json\/wp\/v2\/types\/post"}],"author":[{"embeddable":true,"href":"https:\/\/www.institutodeengenharia.org.br\/site\/wp-json\/wp\/v2\/users\/13"}],"replies":[{"embeddable":true,"href":"https:\/\/www.institutodeengenharia.org.br\/site\/wp-json\/wp\/v2\/comments?post=106321"}],"version-history":[{"count":3,"href":"https:\/\/www.institutodeengenharia.org.br\/site\/wp-json\/wp\/v2\/posts\/106321\/revisions"}],"predecessor-version":[{"id":106495,"href":"https:\/\/www.institutodeengenharia.org.br\/site\/wp-json\/wp\/v2\/posts\/106321\/revisions\/106495"}],"wp:featuredmedia":[{"embeddable":true,"href":"https:\/\/www.institutodeengenharia.org.br\/site\/wp-json\/wp\/v2\/media\/106322"}],"wp:attachment":[{"href":"https:\/\/www.institutodeengenharia.org.br\/site\/wp-json\/wp\/v2\/media?parent=106321"}],"wp:term":[{"taxonomy":"category","embeddable":true,"href":"https:\/\/www.institutodeengenharia.org.br\/site\/wp-json\/wp\/v2\/categories?post=106321"},{"taxonomy":"post_tag","embeddable":true,"href":"https:\/\/www.institutodeengenharia.org.br\/site\/wp-json\/wp\/v2\/tags?post=106321"}],"curies":[{"name":"wp","href":"https:\/\/api.w.org\/{rel}","templated":true}]}}