{"id":105439,"date":"2023-05-08T16:07:27","date_gmt":"2023-05-08T19:07:27","guid":{"rendered":"https:\/\/www.institutodeengenharia.org.br\/site\/?p=105439"},"modified":"2023-05-08T16:17:51","modified_gmt":"2023-05-08T19:17:51","slug":"menos-casas-mais-predios-quais-areas-mais-mudaram-na-cidade-de-sp-nos-ultimos-anos","status":"publish","type":"post","link":"https:\/\/www.institutodeengenharia.org.br\/site\/2023\/05\/08\/menos-casas-mais-predios-quais-areas-mais-mudaram-na-cidade-de-sp-nos-ultimos-anos\/","title":{"rendered":"Menos casas, mais pr\u00e9dios: quais \u00e1reas mais mudaram na cidade de SP nos \u00faltimos anos?"},"content":{"rendered":"<p class=\"styles__ParagraphStyled-rhi54a-0 bUErhD\">Quem n\u00e3o frequenta o<strong>\u00a0Brooklin<\/strong>\u00a0h\u00e1 alguns anos se surpreende ao visitar o bairro da zona sul<a href=\"https:\/\/tudo-sobre.estadao.com.br\/sao-paulo-cidade-sp\" target=\"_blank\" rel=\"noopener\"><strong>\u00a0de S\u00e3o Paulo<\/strong><\/a>. Onde antes estavam lojas variadas, revendas de carros, posto de gasolina e casas, v\u00e1rias casas, hoje despontam\u00a0<strong>edif\u00edcios de apartamentos\u00a0<\/strong>juntinhos \u00e0\u00a0<strong>esta\u00e7\u00e3o de\u00a0<\/strong><a href=\"https:\/\/www.estadao.com.br\/tudo-sobre\/metro-companhia-do-metropolitano-de-sao-paulo\/\" target=\"_blank\" rel=\"noopener\"><strong>metr\u00f4<\/strong><\/a><strong>\u00a0<\/strong>de mesmo nome, inaugurada em 2017.<\/p>\n<p class=\"styles__ParagraphStyled-rhi54a-0 bUErhD\">O entorno da\u00a0<strong>Esta\u00e7\u00e3o Brooklin<\/strong>\u00a0\u00e9 o que mais teve a paisagem alterada pelas regras e incentivos do\u00a0<a href=\"https:\/\/tudo-sobre.estadao.com.br\/plano-diretor-urbanismo\" target=\"_blank\" rel=\"noopener\"><strong>Plano Diretor<\/strong><\/a><strong>\u00a0<\/strong>paulistano, que est\u00e1 em fase de revis\u00e3o. Novo estudo do laborat\u00f3rio\u00a0<strong>Arq.Futuro<\/strong>, do\u00a0<a href=\"https:\/\/tudo-sobre.estadao.com.br\/insper\" target=\"_blank\" rel=\"noopener\"><strong>Insper<\/strong><\/a>, aponta que \u00e9 a \u00e1rea \u00e9 o eixo de transporte com a maior propor\u00e7\u00e3o de apartamentos lan\u00e7ados por quil\u00f4metro quadrado (5,4 mil\/km\u00b2), seguido de perto pelas proximidades das esta\u00e7\u00f5es\u00a0<a href=\"https:\/\/www.estadao.com.br\/tudo-sobre\/butanta-bairro-sao-paulo\/\" target=\"_blank\" rel=\"noopener\"><strong>Butant\u00e3<\/strong><\/a>\u00a0(4,8 mil) e\u00a0<strong>Sumar\u00e9\u00a0<\/strong>(4,6 mil), na zona oeste. O levantamento usou dados de alvar\u00e1 de execu\u00e7\u00e3o.<\/p>\n<p class=\"styles__ParagraphStyled-rhi54a-0 bUErhD\">Basta falar com um frequentador dessas redondezas para ouvir relatos sobre a sensa\u00e7\u00e3o de estar em um canteiro de obras, o que tamb\u00e9m motiva queixas de partee dos vizinhos, por barulho, poeira e movimento de caminh\u00f5es. Alguns citam a impress\u00e3o de que alguns pr\u00e9dios surgem \u201cquase do nada\u201d.<\/p>\n<div id=\"player-teads-arc\"><\/div>\n<p class=\"styles__ParagraphStyled-rhi54a-0 bUErhD\">O designer Ramon Gon\u00e7alves, de 25 anos, percebe que a velocidade de transforma\u00e7\u00e3o do Butant\u00e3 se acelerou desde 2020 e se surpreende por testemunhar tamanha mudan\u00e7a \u201cem tempo real\u201d. Ele se espantou ao voltar para casa ap\u00f3s passar parte da pandemia no interior. \u201cPercebi a verticaliza\u00e7\u00e3o de um jeito muito diferente.\u201d<\/p>\n<p class=\"styles__ParagraphStyled-rhi54a-0 bUErhD\">Parte das associa\u00e7\u00f5es de bairro se manifesta contrariamente \u00e0 profus\u00e3o de edif\u00edcios. J\u00e1 outra parcela da popula\u00e7\u00e3o v\u00ea a mudan\u00e7a como desej\u00e1vel. A transforma\u00e7\u00e3o r\u00e1pida divide especialistas.<\/p>\n<div class=\"styles__Container-sc-1kqto0p-0 lorgUu\">\n<div class=\"styles__Box-sc-1kqto0p-1 czsypc\"><picture class=\"styles__Image-sc-1kqto0p-2 caJJSO\"><source srcset=\"https:\/\/assets.estadao.com.br\/newsletter\/materias\/materias-conectado-mobile.png\" media=\"(max-width:576px)\" \/><source srcset=\"https:\/\/assets.estadao.com.br\/newsletter\/materias\/materias-conectado-desk.png\" media=\"(max-width:1322px)\" \/><\/picture><\/div>\n<div>\n<p class=\"styles__ParagraphStyled-rhi54a-0 bUErhD\">A mudan\u00e7a resulta do cen\u00e1rio atrativo para o mercado imobili\u00e1rio. S\u00e3o v\u00e1rios fatores, como a valoriza\u00e7\u00e3o de \u00e1reas com a chegada do metr\u00f4, o estoque de terrenos nas incorporadoras ap\u00f3s se capitalizarem com a entrada na bolsa h\u00e1 mais de uma d\u00e9cada e o aquecimento do setor (especialmente com a queda recorde de juros de 2018 a 2020). Tamb\u00e9m ajudam incentivos p\u00fablicos e regras municipais atrativas, por meio do Plano Diretor, de 2014, e da Lei de Zoneamento, de 2016.<\/p>\n<div class=\"\">\n<div class=\"styles__Container-sc-1v8tg5g-0 hpzqMC\">\n<h1 class=\"graphic-title\">Eixos de transporte<\/h1>\n<p class=\"graphic-description\">Mapa mostra entorno de esta\u00e7\u00f5es e corredores com proporcionalmente mais apartamentos lan\u00e7ados com regras do Plano Diretor<\/p>\n<figure id=\"attachment_105444\" aria-describedby=\"caption-attachment-105444\" style=\"width: 830px\" class=\"wp-caption alignnone\"><img loading=\"lazy\" decoding=\"async\" class=\"size-full wp-image-105444\" src=\"https:\/\/www.institutodeengenharia.org.br\/site\/wp-content\/uploads\/2023\/05\/PrediosPertoMetro_WEB-col-2.png\" alt=\"\" width=\"830\" height=\"1252\" srcset=\"https:\/\/www.institutodeengenharia.org.br\/site\/wp-content\/uploads\/2023\/05\/PrediosPertoMetro_WEB-col-2.png 830w, https:\/\/www.institutodeengenharia.org.br\/site\/wp-content\/uploads\/2023\/05\/PrediosPertoMetro_WEB-col-2-199x300.png 199w, https:\/\/www.institutodeengenharia.org.br\/site\/wp-content\/uploads\/2023\/05\/PrediosPertoMetro_WEB-col-2-679x1024.png 679w, https:\/\/www.institutodeengenharia.org.br\/site\/wp-content\/uploads\/2023\/05\/PrediosPertoMetro_WEB-col-2-768x1158.png 768w, https:\/\/www.institutodeengenharia.org.br\/site\/wp-content\/uploads\/2023\/05\/PrediosPertoMetro_WEB-col-2-696x1050.png 696w, https:\/\/www.institutodeengenharia.org.br\/site\/wp-content\/uploads\/2023\/05\/PrediosPertoMetro_WEB-col-2-278x420.png 278w, https:\/\/www.institutodeengenharia.org.br\/site\/wp-content\/uploads\/2023\/05\/PrediosPertoMetro_WEB-col-2-600x905.png 600w\" sizes=\"auto, (max-width: 830px) 100vw, 830px\" \/><figcaption id=\"caption-attachment-105444\" class=\"wp-caption-text\">RECHO CIDADE JARDIM<br \/>Fonte<br \/>LABORAT\u00d3RIO ARQ.FUTURO\/INSPER<\/figcaption><\/figure>\n<div class=\"styles__IntertitleWrapper-sc-1mcv1te-0 iOVxiD intertitle-wrapper\">\n<h3>Leis tornam mais vantajoso construir perto de metr\u00f4<\/h3>\n<\/div>\n<p class=\"styles__ParagraphStyled-rhi54a-0 bUErhD\">As novas leis t\u00eam o objetivo de atrair investimento imobili\u00e1rio para o chamado Eixo de Estrutura\u00e7\u00e3o da Transforma\u00e7\u00e3o Urbana, a fim de aumentar a oferta de moradia perto do transporte coletivo e reduzir longos deslocamentos. Esses eixos compreendem um raio de cerca de 400 metros da maioria das esta\u00e7\u00f5es de metr\u00f4 e trem e \u00e1rea linear de 150 metros de cada lado ao longo de corredores de \u00f4nibus.<\/p>\n<p class=\"styles__ParagraphStyled-rhi54a-0 bUErhD\">Entre os incentivos, est\u00e3o descontos no c\u00e1lculo da \u00e1rea constru\u00edda \u201ccomput\u00e1vel\u201d quando o empreendimento tem caracter\u00edsticas estimuladas pelo poder p\u00fablico, como a \u201cfachada ativa\u201d, quando h\u00e1 com\u00e9rcio e servi\u00e7os no t\u00e9rreo abertos ao p\u00fablico, por exemplo.<\/p>\n<p class=\"styles__ParagraphStyled-rhi54a-0 bUErhD\">Tamb\u00e9m \u00e9 incentivado o uso misto: resid\u00eancias, lojas e escrit\u00f3rios no mesmo empreendimento, para aproximar emprego e trabalho. Mas, como o<strong>\u00a0Estad\u00e3o\u00a0<\/strong>mostrou, uma regra de 2016 permitiu que studios sejam considerados unidades n\u00e3o habitacionais, o que\u00a0<a href=\"https:\/\/www.estadao.com.br\/sao-paulo\/sp-tem-boom-de-imoveis-pequenos-em-areas-nobres\/\" target=\"_blank\" rel=\"noopener\"><strong>influenciou no boom de mais de 250 mil im\u00f3veis compactos<\/strong><\/a>, enquanto a mistura de apartamento e escrit\u00f3rio ainda n\u00e3o vingou.<\/p>\n<p class=\"styles__ParagraphStyled-rhi54a-0 bUErhD\">O estudo do Insper identificou que empreendimentos de mercado se concentram no \u201csetor sudoeste\u201d, que abrange \u00e1reas mais desenvolvidas da cidade, de maior oferta de emprego, moradia, servi\u00e7o e com\u00e9rcio. J\u00e1 os voltados \u00e0 habita\u00e7\u00e3o de interesse social e mercado popular est\u00e3o mais espalhados.<\/p>\n<div class=\"styles__Container-sc-1v8tg5g-0 hpzqMC\">\n<p class=\"styles__ParagraphStyled-rhi54a-0 bUErhD\">O levantamento foi desenvolvido pelos pesquisadores\u00a0<strong>Adriano Borges Costa<\/strong>,\u00a0<strong>Joyce Reis Ferreira da Silva<\/strong>\u00a0e\u00a0<strong>Evandro Luis Alves<\/strong>. Al\u00e9m do Brooklin, Butant\u00e3, Sumar\u00e9, a maioria dos primeiros colocados no estudo ficam em trechos mais valorizados do Metr\u00f4, especialmente das Linhas 5-Lil\u00e1s, 4-Amarela, 2-Verde e 1-Azul, como as Esta\u00e7\u00f5es Oscar Freire, Ana Rosa, Vila Madalena e Liberdade.\u00a0<a href=\"https:\/\/www.estadao.com.br\/sao-paulo\/obras-de-predios-perto-de-metro-crescem-em-bairros-de-classes-media-e-alta-mas-patinam-na-periferia\/\" target=\"_blank\" rel=\"noopener\"><strong>Diagn\u00f3stico da Prefeitura j\u00e1 havia apontado a dificuldade de ter os mesmos resultados em bairros mais distantes do centro<\/strong><\/a>.<\/p>\n<p class=\"styles__ParagraphStyled-rhi54a-0 bUErhD\">O estudo do Insper n\u00e3o inclui esta\u00e7\u00f5es da Linha 6-Laranja, ainda em obras. O\u00a0<strong>Estad\u00e3o<\/strong>\u00a0mostrou que o\u00a0<a href=\"https:\/\/sao-paulo.estadao.com.br\/noticias\/geral,pompeia-vira-canteiro-de-obras-e-vive-boom-de-novos-predios,70004027799\" target=\"_blank\" rel=\"noopener\"><strong>entorno das futuras esta\u00e7\u00f5es, como a Sesc-Pompeia, vive tamb\u00e9m um \u201cboom\u201d<\/strong><\/a>.<\/p>\n<p class=\"styles__ParagraphStyled-rhi54a-0 bUErhD\">Nos eixos de transporte j\u00e1 em funcionamento, os pr\u00e9dios est\u00e3o mais altos. A m\u00e9dia de andares subiu de 11,1, em 2013, para 16,4, em 2021, segundo a pesquisa.<\/p>\n<p class=\"styles__ParagraphStyled-rhi54a-0 bUErhD\">Um dos autores do estudo e professor do Insper,\u00a0<strong>Adriano Borges Costa<\/strong>\u00a0destaca que os dados mostram que o Plano Diretor tirou a verticaliza\u00e7\u00e3o do interior dos bairros. A conclus\u00e3o \u00e9 de que a legisla\u00e7\u00e3o de fato atraiu o mercado imobili\u00e1rio para o entorno dos eixos, que passaram a concentrar 54,1% dos lan\u00e7amentos de 2019 a 2021, ante 16,7% entre 2013 e 2015, no caso dos empreendimentos voltados ao p\u00fablico em geral, o que n\u00e3o inclui habita\u00e7\u00e3o popular.<\/p>\n<p class=\"styles__ParagraphStyled-rhi54a-0 bUErhD\">Entre os especialistas, h\u00e1 aqueles que identificam bons resultados, como na aproxima\u00e7\u00e3o com os eixos de transporte e menor verticaliza\u00e7\u00e3o dos miolos de bairro. Outros criticam o impacto na vizinhan\u00e7a e falam que a oferta e o valor das unidades est\u00e1 superestimado.<\/p>\n<p class=\"styles__ParagraphStyled-rhi54a-0 bUErhD\">Professor de Arquitetura e Urbanismo da Mackenzie,\u00a0<strong>Antonio Claudio Fonseca<\/strong>\u00a0\u00e9 pessimista. Ele avalia que os im\u00f3veis dos eixos entram, aos poucos, em crise pela alta oferta e pre\u00e7os &#8211; tend\u00eancia que prev\u00ea se agravar em cerca de quatro anos. \u201cQuem comprou financiado vai ficar com o mico: n\u00e3o vai conseguir alugar.\u201d<\/p>\n<p class=\"styles__ParagraphStyled-rhi54a-0 bUErhD\">Para o urbanista, a infraestrutura em partes dessas regi\u00f5es tamb\u00e9m n\u00e3o comporta a verticaliza\u00e7\u00e3o. \u201c\u00c9 desproporcional \u00e0 capacidade do territ\u00f3rio de receber essas popula\u00e7\u00f5es. Na Vila Madalena\u00a0<em>(8\u00aa eixo mais transformado)<\/em>, as ruas n\u00e3o foram feitas para ter essa verticalidade.\u201d<\/p>\n<p class=\"styles__ParagraphStyled-rhi54a-0 bUErhD\">E, apesar da proximidade com o metr\u00f4, nem todos os moradores recorrem ao transporte p\u00fablico. O publicit\u00e1rio Rennan Aurieni, de 33 anos, comprou um apartamento de dois quartos perto da futura Esta\u00e7\u00e3o PUC-Cardoso de Almeida, mas, por trabalhar em endere\u00e7o longe do metr\u00f4, os trilhos n\u00e3o ser\u00e3o a primeira op\u00e7\u00e3o.<\/p>\n<p class=\"styles__ParagraphStyled-rhi54a-0 bUErhD\">\u201cSeria mais pontual\u201d, afirma ele, ao citar como exemplo idas aos jogos do S\u00e3o Paulo. Ele diz que considerou a proximidade com o metr\u00f4 como um fator para a compra: daqui a uns anos, planeja se mudar para um lugar maior e manter o im\u00f3vel como um investimento.<\/p>\n<p class=\"styles__ParagraphStyled-rhi54a-0 bUErhD\">J\u00e1 a advogada do\u00a0<strong>movimento Defenda S\u00e3o Paulo<\/strong>, Renata Esteves, diz que a verticaliza\u00e7\u00e3o traz impactos negativos, pois aumenta o custo do entorno (expulsando parte dos moradores e pequenos com\u00e9rcios) e piora a qualidade ambiental do entorno.<\/p>\n<div class=\"styles__IntertitleWrapper-sc-1mcv1te-0 iOVxiD intertitle-wrapper\">\n<h3>Por que mudan\u00e7a foi maior nas esta\u00e7\u00f5es Brooklin, Butant\u00e3 e Sumar\u00e9?<\/h3>\n<\/div>\n<p class=\"styles__ParagraphStyled-rhi54a-0 bUErhD\"><a href=\"https:\/\/www.estadao.com.br\/sao-paulo\/com-os-trilhos-da-linha-5-lilas-entorno-muda-e-se-valoriza\/\" target=\"_blank\" rel=\"noopener\"><strong>As mudan\u00e7as no entorno da Linha Lil\u00e1s j\u00e1 eram esperadas na \u00e9poca da inaugura\u00e7\u00e3o, em 2017<\/strong><\/a>, por envolver bairros valorizados e com oferta de servi\u00e7os, com\u00e9rcio e emprego. A proximidade de parte das esta\u00e7\u00f5es \u00e0s Avenidas Engenheiro Luiz Carlos Berrini e Chucri Zaidan se tornou um atrativo, assim como a Avenida Brigadeiro Faria Lima para o entorno da Esta\u00e7\u00e3o Butant\u00e3.<\/p>\n<p class=\"styles__ParagraphStyled-rhi54a-0 bUErhD\">Autor do estudo, Adriano Borges Costa destaca que a transforma\u00e7\u00e3o ainda est\u00e1 em curso. Parte dos empreendimentos receberem aval nos \u00faltimos quatro anos e, portanto, foram rec\u00e9m-entregues ou est\u00e3o em obras.<\/p>\n<p class=\"styles__ParagraphStyled-rhi54a-0 bUErhD\">\u201cO Butant\u00e3 \u00e9 uma nova centralidade que se fortalece. Tem crescido tamb\u00e9m em com\u00e9rcios e vitalidade urbana. O Brooklin vive processo de transforma\u00e7\u00e3o brutal. Em Pinheiros, esse processo era mais pulverizado e houve a aproxima\u00e7\u00e3o dos eixos, quando se intensifica muito\u201d, diz.<\/p>\n<p class=\"styles__ParagraphStyled-rhi54a-0 bUErhD\">O professor do Insper explica que a mudan\u00e7a tamb\u00e9m \u00e9 expressiva por se tratarem de \u00e1reas que ainda eram predominantemente de im\u00f3veis de um ou dois andares. \u201cE s\u00e3o \u00e1reas com fragmenta\u00e7\u00e3o fundi\u00e1ria que n\u00e3o era t\u00e3o grande, em que se consegue juntar alguns terrenos relativamente grandes e fazer um empreendimento.\u201d<\/p>\n<p class=\"styles__ParagraphStyled-rhi54a-0 bUErhD\">A proximidade do metr\u00f4 \u00e9 destacada nos an\u00fancios das incorporadoras. No Brooklin, alguns pr\u00e9dios novos s\u00e3o divulgados como \u201ca 30 passos\u201d e \u201c40 passos\u201d da esta\u00e7\u00e3o. J\u00e1 um empreendimento do Butant\u00e3 p\u00f4s um totem na frente do estande de vendas que alude aos utilizados pelo Metr\u00f4, na cor amarela e com o s\u00edmbolo do vag\u00e3o.<\/p>\n<p class=\"styles__ParagraphStyled-rhi54a-0 bUErhD\">VP de novos neg\u00f3cios da incorporadora\u00a0<strong>Mitre,<\/strong>\u00a0Gabriela Canfora conta que a empresa se voltou, em grande parte, aos eixos do entorno do Brooklin, Butant\u00e3 e Pinheiros, com oito empreendimentos, porque s\u00e3o \u00e1reas em que as \u201cpessoas querem morar\u201d, o \u201ccombo perfeito\u201d, com tudo perto, como escrit\u00f3rios, com\u00e9rcio, servi\u00e7o, educa\u00e7\u00e3o.<\/p>\n<p class=\"styles__ParagraphStyled-rhi54a-0 bUErhD\">\u201cEspecialmente Brooklin e Butant\u00e3 eram regi\u00f5es pouco verticalizadas, carentes de moradia\u00a0<em>(majoritariamente de casas)<\/em>. A oferta era baixa e a demanda, muito alta\u201d, diz. Por isso, avalia que esse represamento levou ao perfil variado de compradores, de diferentes profiss\u00f5es, arranjos familiares e idades. Al\u00e9m disso, no Butant\u00e3, investidores se interessam ainda mais como ativo para loca\u00e7\u00e3o a estudantes da USP.<\/p>\n<p class=\"styles__ParagraphStyled-rhi54a-0 bUErhD\">J\u00e1 o diretor de Incorpora\u00e7\u00e3o da<strong>\u00a0Setin<\/strong>,\u00a0<strong>Eduardo Pompeo<\/strong>\u00a0diz que as esta\u00e7\u00f5es de metr\u00f4 se tornam mais atrativas para as incorporadoras do que as de trem e os corredores de \u00f4nibus por envolver um modo de transporte mais eficiente e valorizado. \u201c\u00c9 um privil\u00e9gio hoje voc\u00ea entrar no metr\u00f4 e, em 15 minutos, estar no trabalho.\u201d<\/p>\n<p class=\"styles__ParagraphStyled-rhi54a-0 bUErhD\">Segundo estimativas da Empresa Brasileira de Estudos de Patrim\u00f4nio (Embraesp), uma esta\u00e7\u00e3o de metr\u00f4 valoriza uma regi\u00e3o de 20% a 30%. A consultoria mapeou que, s\u00f3 nos \u00faltimos dois anos,<strong>\u00a0<\/strong>foram lan\u00e7ados 13 empreendimentos no eixo Brooklin, 8 no Sumar\u00e9 e 13 no Butant\u00e3.<\/p>\n<div class=\"styles__ListUlOlWrapper-sc-17kgae-0 yNiek list-ul-ol-wrapper\">\n<ul>\n<li class=\"\"><b>Brooklin<\/b>: unidade de at\u00e9 um dormit\u00f3rio &#8211; R$ 319,7 mil \/ dois dormit\u00f3rios &#8211; R$ 977,3 mil, segundo a Embraesp<\/li>\n<li class=\"\"><b>Sumar\u00e9:<\/b>\u00a0unidade de at\u00e9 um dormit\u00f3rio &#8211; R$ 399,3 mil \/ dois dormit\u00f3rios &#8211; R$ 1,3 milh\u00e3o<\/li>\n<li class=\"\"><b>Butant\u00e3<\/b>: unidade de at\u00e9 um dormit\u00f3rio &#8211; R$ 347,9 mil \/ dois dormit\u00f3rios &#8211; R$ 622,5 mil<\/li>\n<\/ul>\n<\/div>\n<p class=\"styles__ParagraphStyled-rhi54a-0 bUErhD\">A valoriza\u00e7\u00e3o no entorno das tr\u00eas esta\u00e7\u00f5es ocorreu de forma distinta. No Butant\u00e3, o banco de dados da Embraesp identificou que os lan\u00e7amentos come\u00e7aram ap\u00f3s 2018. A valoriza\u00e7\u00e3o dos apartamentos no entorno da esta\u00e7\u00e3o, entre 2018 e 2023, foi de 17,7%.<\/p>\n<p class=\"styles__ParagraphStyled-rhi54a-0 bUErhD\">J\u00e1 o entorno da Esta\u00e7\u00e3o Brooklin teve valoriza\u00e7\u00e3o mais significativa de 38,9% desde 2014, enquanto a m\u00e9dia na cidade foi de 19,6%. J\u00e1 o pre\u00e7o nas proximidades da Sumar\u00e9 variou apenas 2,6%. \u201dPossivelmente por se tratar de regi\u00e3o onde os pre\u00e7os praticados j\u00e1 eram bastante elevados e cujos impactos da presen\u00e7a da esta\u00e7\u00e3o<em>\u00a0(inaugurada em 1998)<\/em>\u00a0j\u00e1 tinham sido absorvidos\u201d, diz Reinaldo Fincatti, diretor da Embraesp.<\/p>\n<p class=\"styles__ParagraphStyled-rhi54a-0 bUErhD\">J\u00e1 um balan\u00e7o da plataforma de aluguel e venda de im\u00f3veis Quinto Andar do ano passado aponta que dois dos bairros mais transformados est\u00e3o entre os 10 alugu\u00e9is mais caros da cidade. Em Pinheiros, o m\u00b2 est\u00e1 em uma m\u00e9dia de R$ 62, o que significa R$ 1.830 de aluguel para studio de 30 m\u00b2, por exemplo. No Brooklin, a m\u00e9dia de R$ 50,1\/m\u00b2.<\/p>\n<div class=\"styles__Container-sc-1v8tg5g-0 kaALVA\"><a href=\"https:\/\/www.estadao.com.br\/sao-paulo\/menos-casas-mais-predios-quais-areas-mais-mudaram-na-cidade-de-sp-nos-ultimos-anos\/\"><em><strong>Fonte: Estad\u00e3o<\/strong><\/em><\/a><\/div>\n<\/div>\n<\/div>\n<\/div>\n<\/div>\n<\/div>\n","protected":false},"excerpt":{"rendered":"<p>Quem n\u00e3o frequenta o\u00a0Brooklin\u00a0h\u00e1 alguns anos se surpreende ao visitar o bairro da zona sul\u00a0de S\u00e3o Paulo. Onde antes estavam lojas variadas, revendas de carros, posto de gasolina e casas, v\u00e1rias casas, hoje despontam\u00a0edif\u00edcios de apartamentos\u00a0juntinhos \u00e0\u00a0esta\u00e7\u00e3o de\u00a0metr\u00f4\u00a0de mesmo nome, inaugurada em 2017. O entorno da\u00a0Esta\u00e7\u00e3o Brooklin\u00a0\u00e9 o que mais teve a paisagem alterada pelas [&hellip;]<\/p>\n","protected":false},"author":13,"featured_media":105443,"comment_status":"open","ping_status":"open","sticky":false,"template":"","format":"standard","meta":{"footnotes":""},"categories":[6,1,42],"tags":[],"class_list":{"0":"post-105439","1":"post","2":"type-post","3":"status-publish","4":"format-standard","5":"has-post-thumbnail","7":"category-noticias","8":"category-sem-categoria","9":"category-urbanismo"},"yoast_head":"<!-- This site is optimized with the Yoast SEO plugin v27.2 - https:\/\/yoast.com\/product\/yoast-seo-wordpress\/ -->\n<title>Menos casas, mais pr\u00e9dios: quais \u00e1reas mais mudaram na cidade de SP nos \u00faltimos anos? - Instituto de Engenharia<\/title>\n<meta name=\"robots\" content=\"index, follow, max-snippet:-1, max-image-preview:large, max-video-preview:-1\" \/>\n<link rel=\"canonical\" href=\"https:\/\/www.institutodeengenharia.org.br\/site\/2023\/05\/08\/menos-casas-mais-predios-quais-areas-mais-mudaram-na-cidade-de-sp-nos-ultimos-anos\/\" \/>\n<meta property=\"og:locale\" content=\"pt_BR\" \/>\n<meta property=\"og:type\" content=\"article\" \/>\n<meta property=\"og:title\" content=\"Menos casas, mais pr\u00e9dios: quais \u00e1reas mais mudaram na cidade de SP nos \u00faltimos anos?\" \/>\n<meta property=\"og:description\" content=\"Novo estudo mostra que entorno das Esta\u00e7\u00f5es Brooklin, Butant\u00e3 e Sumar\u00e9 teve maior m\u00e9dia de apartamentos lan\u00e7ados ap\u00f3s incentivos e novas regras do Plano Diretor\" \/>\n<meta property=\"og:url\" content=\"https:\/\/www.institutodeengenharia.org.br\/site\/2023\/05\/08\/menos-casas-mais-predios-quais-areas-mais-mudaram-na-cidade-de-sp-nos-ultimos-anos\/\" \/>\n<meta property=\"og:site_name\" content=\"Instituto de Engenharia\" \/>\n<meta property=\"article:publisher\" content=\"https:\/\/www.facebook.com\/institutodeengenharia\" \/>\n<meta property=\"article:published_time\" content=\"2023-05-08T19:07:27+00:00\" \/>\n<meta property=\"article:modified_time\" content=\"2023-05-08T19:17:51+00:00\" \/>\n<meta property=\"og:image\" content=\"https:\/\/www.institutodeengenharia.org.br\/site\/wp-content\/uploads\/2023\/05\/PV74EOYKOZFPXN2ZXTIDUHAVNI.jpg\" \/>\n\t<meta property=\"og:image:width\" content=\"945\" \/>\n\t<meta property=\"og:image:height\" content=\"630\" \/>\n\t<meta property=\"og:image:type\" content=\"image\/jpeg\" \/>\n<meta name=\"author\" content=\"Bianca\" \/>\n<meta name=\"twitter:card\" content=\"summary_large_image\" \/>\n<meta name=\"twitter:title\" content=\"Menos casas, mais pr\u00e9dios: quais \u00e1reas mais mudaram na cidade de SP nos \u00faltimos anos?\" \/>\n<meta name=\"twitter:description\" content=\"Novo estudo mostra que entorno das Esta\u00e7\u00f5es Brooklin, Butant\u00e3 e Sumar\u00e9 teve maior m\u00e9dia de apartamentos lan\u00e7ados ap\u00f3s incentivos e novas regras do Plano Diretor\" \/>\n<meta name=\"twitter:image\" content=\"https:\/\/www.institutodeengenharia.org.br\/site\/wp-content\/uploads\/2023\/05\/PV74EOYKOZFPXN2ZXTIDUHAVNI.jpg\" \/>\n<meta name=\"twitter:creator\" content=\"@iengenharia\" \/>\n<meta name=\"twitter:site\" content=\"@iengenharia\" \/>\n<meta name=\"twitter:label1\" content=\"Escrito por\" \/>\n\t<meta name=\"twitter:data1\" content=\"Bianca\" \/>\n\t<meta name=\"twitter:label2\" content=\"Est. tempo de leitura\" \/>\n\t<meta name=\"twitter:data2\" content=\"10 minutos\" \/>\n<script type=\"application\/ld+json\" class=\"yoast-schema-graph\">{\"@context\":\"https:\/\/schema.org\",\"@graph\":[{\"@type\":\"Article\",\"@id\":\"https:\/\/www.institutodeengenharia.org.br\/site\/2023\/05\/08\/menos-casas-mais-predios-quais-areas-mais-mudaram-na-cidade-de-sp-nos-ultimos-anos\/#article\",\"isPartOf\":{\"@id\":\"https:\/\/www.institutodeengenharia.org.br\/site\/2023\/05\/08\/menos-casas-mais-predios-quais-areas-mais-mudaram-na-cidade-de-sp-nos-ultimos-anos\/\"},\"author\":{\"name\":\"Bianca\",\"@id\":\"https:\/\/www.institutodeengenharia.org.br\/site\/#\/schema\/person\/aeb64951c405e100d26d30b033dd423f\"},\"headline\":\"Menos casas, mais pr\u00e9dios: quais \u00e1reas mais mudaram na cidade de SP nos \u00faltimos anos?\",\"datePublished\":\"2023-05-08T19:07:27+00:00\",\"dateModified\":\"2023-05-08T19:17:51+00:00\",\"mainEntityOfPage\":{\"@id\":\"https:\/\/www.institutodeengenharia.org.br\/site\/2023\/05\/08\/menos-casas-mais-predios-quais-areas-mais-mudaram-na-cidade-de-sp-nos-ultimos-anos\/\"},\"wordCount\":1892,\"commentCount\":0,\"publisher\":{\"@id\":\"https:\/\/www.institutodeengenharia.org.br\/site\/#organization\"},\"image\":{\"@id\":\"https:\/\/www.institutodeengenharia.org.br\/site\/2023\/05\/08\/menos-casas-mais-predios-quais-areas-mais-mudaram-na-cidade-de-sp-nos-ultimos-anos\/#primaryimage\"},\"thumbnailUrl\":\"https:\/\/www.institutodeengenharia.org.br\/site\/wp-content\/uploads\/2023\/05\/PV74EOYKOZFPXN2ZXTIDUHAVNI.jpg\",\"articleSection\":{\"0\":\"Not\u00edcias\",\"2\":\"Urbanismo\"},\"inLanguage\":\"pt-BR\",\"potentialAction\":[{\"@type\":\"CommentAction\",\"name\":\"Comment\",\"target\":[\"https:\/\/www.institutodeengenharia.org.br\/site\/2023\/05\/08\/menos-casas-mais-predios-quais-areas-mais-mudaram-na-cidade-de-sp-nos-ultimos-anos\/#respond\"]}]},{\"@type\":\"WebPage\",\"@id\":\"https:\/\/www.institutodeengenharia.org.br\/site\/2023\/05\/08\/menos-casas-mais-predios-quais-areas-mais-mudaram-na-cidade-de-sp-nos-ultimos-anos\/\",\"url\":\"https:\/\/www.institutodeengenharia.org.br\/site\/2023\/05\/08\/menos-casas-mais-predios-quais-areas-mais-mudaram-na-cidade-de-sp-nos-ultimos-anos\/\",\"name\":\"Menos casas, mais pr\u00e9dios: quais \u00e1reas mais mudaram na cidade de SP nos \u00faltimos anos? - Instituto de Engenharia\",\"isPartOf\":{\"@id\":\"https:\/\/www.institutodeengenharia.org.br\/site\/#website\"},\"primaryImageOfPage\":{\"@id\":\"https:\/\/www.institutodeengenharia.org.br\/site\/2023\/05\/08\/menos-casas-mais-predios-quais-areas-mais-mudaram-na-cidade-de-sp-nos-ultimos-anos\/#primaryimage\"},\"image\":{\"@id\":\"https:\/\/www.institutodeengenharia.org.br\/site\/2023\/05\/08\/menos-casas-mais-predios-quais-areas-mais-mudaram-na-cidade-de-sp-nos-ultimos-anos\/#primaryimage\"},\"thumbnailUrl\":\"https:\/\/www.institutodeengenharia.org.br\/site\/wp-content\/uploads\/2023\/05\/PV74EOYKOZFPXN2ZXTIDUHAVNI.jpg\",\"datePublished\":\"2023-05-08T19:07:27+00:00\",\"dateModified\":\"2023-05-08T19:17:51+00:00\",\"breadcrumb\":{\"@id\":\"https:\/\/www.institutodeengenharia.org.br\/site\/2023\/05\/08\/menos-casas-mais-predios-quais-areas-mais-mudaram-na-cidade-de-sp-nos-ultimos-anos\/#breadcrumb\"},\"inLanguage\":\"pt-BR\",\"potentialAction\":[{\"@type\":\"ReadAction\",\"target\":[\"https:\/\/www.institutodeengenharia.org.br\/site\/2023\/05\/08\/menos-casas-mais-predios-quais-areas-mais-mudaram-na-cidade-de-sp-nos-ultimos-anos\/\"]}]},{\"@type\":\"ImageObject\",\"inLanguage\":\"pt-BR\",\"@id\":\"https:\/\/www.institutodeengenharia.org.br\/site\/2023\/05\/08\/menos-casas-mais-predios-quais-areas-mais-mudaram-na-cidade-de-sp-nos-ultimos-anos\/#primaryimage\",\"url\":\"https:\/\/www.institutodeengenharia.org.br\/site\/wp-content\/uploads\/2023\/05\/PV74EOYKOZFPXN2ZXTIDUHAVNI.jpg\",\"contentUrl\":\"https:\/\/www.institutodeengenharia.org.br\/site\/wp-content\/uploads\/2023\/05\/PV74EOYKOZFPXN2ZXTIDUHAVNI.jpg\",\"width\":945,\"height\":630,\"caption\":\"Entorno da Esta\u00e7\u00e3o Brooklin \u00e9 proporcionalmente o que mais teve apartamentos lan\u00e7ados com as regras do Plano Diretor atual Foto: Felipe Rau\/Estad\u00e3o\"},{\"@type\":\"BreadcrumbList\",\"@id\":\"https:\/\/www.institutodeengenharia.org.br\/site\/2023\/05\/08\/menos-casas-mais-predios-quais-areas-mais-mudaram-na-cidade-de-sp-nos-ultimos-anos\/#breadcrumb\",\"itemListElement\":[{\"@type\":\"ListItem\",\"position\":1,\"name\":\"In\u00edcio\",\"item\":\"https:\/\/www.institutodeengenharia.org.br\/site\/\"},{\"@type\":\"ListItem\",\"position\":2,\"name\":\"Menos casas, mais pr\u00e9dios: quais \u00e1reas mais mudaram na cidade de SP nos \u00faltimos anos?\"}]},{\"@type\":\"WebSite\",\"@id\":\"https:\/\/www.institutodeengenharia.org.br\/site\/#website\",\"url\":\"https:\/\/www.institutodeengenharia.org.br\/site\/\",\"name\":\"Instituto de Engenharia\",\"description\":\"O Instituto de Engenharia promove a Engenharia em benef\u00edcio do desenvolvimento e da qualidade de vida da sociedade.\",\"publisher\":{\"@id\":\"https:\/\/www.institutodeengenharia.org.br\/site\/#organization\"},\"potentialAction\":[{\"@type\":\"SearchAction\",\"target\":{\"@type\":\"EntryPoint\",\"urlTemplate\":\"https:\/\/www.institutodeengenharia.org.br\/site\/?s={search_term_string}\"},\"query-input\":{\"@type\":\"PropertyValueSpecification\",\"valueRequired\":true,\"valueName\":\"search_term_string\"}}],\"inLanguage\":\"pt-BR\"},{\"@type\":\"Organization\",\"@id\":\"https:\/\/www.institutodeengenharia.org.br\/site\/#organization\",\"name\":\"Instituto de Engenharia\",\"url\":\"https:\/\/www.institutodeengenharia.org.br\/site\/\",\"logo\":{\"@type\":\"ImageObject\",\"inLanguage\":\"pt-BR\",\"@id\":\"https:\/\/www.institutodeengenharia.org.br\/site\/#\/schema\/logo\/image\/\",\"url\":\"https:\/\/www.institutodeengenharia.org.br\/site\/wp-content\/uploads\/2019\/03\/logo-novo-IE2018-1.jpg\",\"contentUrl\":\"https:\/\/www.institutodeengenharia.org.br\/site\/wp-content\/uploads\/2019\/03\/logo-novo-IE2018-1.jpg\",\"width\":1486,\"height\":1879,\"caption\":\"Instituto de Engenharia\"},\"image\":{\"@id\":\"https:\/\/www.institutodeengenharia.org.br\/site\/#\/schema\/logo\/image\/\"},\"sameAs\":[\"https:\/\/www.facebook.com\/institutodeengenharia\",\"https:\/\/x.com\/iengenharia\",\"https:\/\/www.instagram.com\/institutodeengenharia\/\",\"https:\/\/www.linkedin.com\/company\/instituto-de-engenharia\/\",\"https:\/\/www.youtube.com\/channel\/UCXiCAlsSMe977vamW915HxA\"]},{\"@type\":\"Person\",\"@id\":\"https:\/\/www.institutodeengenharia.org.br\/site\/#\/schema\/person\/aeb64951c405e100d26d30b033dd423f\",\"name\":\"Bianca\",\"image\":{\"@type\":\"ImageObject\",\"inLanguage\":\"pt-BR\",\"@id\":\"https:\/\/secure.gravatar.com\/avatar\/a6fbe9bff57405baf4c1e2c5c1811e072b558253974a9f9508f4678900c97c2a?s=96&d=mm&r=g\",\"url\":\"https:\/\/secure.gravatar.com\/avatar\/a6fbe9bff57405baf4c1e2c5c1811e072b558253974a9f9508f4678900c97c2a?s=96&d=mm&r=g\",\"contentUrl\":\"https:\/\/secure.gravatar.com\/avatar\/a6fbe9bff57405baf4c1e2c5c1811e072b558253974a9f9508f4678900c97c2a?s=96&d=mm&r=g\",\"caption\":\"Bianca\"},\"url\":\"https:\/\/www.institutodeengenharia.org.br\/site\/author\/comunicacao1\/\"}]}<\/script>\n<!-- \/ Yoast SEO plugin. -->","yoast_head_json":{"title":"Menos casas, mais pr\u00e9dios: quais \u00e1reas mais mudaram na cidade de SP nos \u00faltimos anos? - Instituto de Engenharia","robots":{"index":"index","follow":"follow","max-snippet":"max-snippet:-1","max-image-preview":"max-image-preview:large","max-video-preview":"max-video-preview:-1"},"canonical":"https:\/\/www.institutodeengenharia.org.br\/site\/2023\/05\/08\/menos-casas-mais-predios-quais-areas-mais-mudaram-na-cidade-de-sp-nos-ultimos-anos\/","og_locale":"pt_BR","og_type":"article","og_title":"Menos casas, mais pr\u00e9dios: quais \u00e1reas mais mudaram na cidade de SP nos \u00faltimos anos?","og_description":"Novo estudo mostra que entorno das Esta\u00e7\u00f5es Brooklin, Butant\u00e3 e Sumar\u00e9 teve maior m\u00e9dia de apartamentos lan\u00e7ados ap\u00f3s incentivos e novas regras do Plano Diretor","og_url":"https:\/\/www.institutodeengenharia.org.br\/site\/2023\/05\/08\/menos-casas-mais-predios-quais-areas-mais-mudaram-na-cidade-de-sp-nos-ultimos-anos\/","og_site_name":"Instituto de Engenharia","article_publisher":"https:\/\/www.facebook.com\/institutodeengenharia","article_published_time":"2023-05-08T19:07:27+00:00","article_modified_time":"2023-05-08T19:17:51+00:00","og_image":[{"width":945,"height":630,"url":"https:\/\/www.institutodeengenharia.org.br\/site\/wp-content\/uploads\/2023\/05\/PV74EOYKOZFPXN2ZXTIDUHAVNI.jpg","type":"image\/jpeg"}],"author":"Bianca","twitter_card":"summary_large_image","twitter_title":"Menos casas, mais pr\u00e9dios: quais \u00e1reas mais mudaram na cidade de SP nos \u00faltimos anos?","twitter_description":"Novo estudo mostra que entorno das Esta\u00e7\u00f5es Brooklin, Butant\u00e3 e Sumar\u00e9 teve maior m\u00e9dia de apartamentos lan\u00e7ados ap\u00f3s incentivos e novas regras do Plano Diretor","twitter_image":"https:\/\/www.institutodeengenharia.org.br\/site\/wp-content\/uploads\/2023\/05\/PV74EOYKOZFPXN2ZXTIDUHAVNI.jpg","twitter_creator":"@iengenharia","twitter_site":"@iengenharia","twitter_misc":{"Escrito por":"Bianca","Est. tempo de leitura":"10 minutos"},"schema":{"@context":"https:\/\/schema.org","@graph":[{"@type":"Article","@id":"https:\/\/www.institutodeengenharia.org.br\/site\/2023\/05\/08\/menos-casas-mais-predios-quais-areas-mais-mudaram-na-cidade-de-sp-nos-ultimos-anos\/#article","isPartOf":{"@id":"https:\/\/www.institutodeengenharia.org.br\/site\/2023\/05\/08\/menos-casas-mais-predios-quais-areas-mais-mudaram-na-cidade-de-sp-nos-ultimos-anos\/"},"author":{"name":"Bianca","@id":"https:\/\/www.institutodeengenharia.org.br\/site\/#\/schema\/person\/aeb64951c405e100d26d30b033dd423f"},"headline":"Menos casas, mais pr\u00e9dios: quais \u00e1reas mais mudaram na cidade de SP nos \u00faltimos anos?","datePublished":"2023-05-08T19:07:27+00:00","dateModified":"2023-05-08T19:17:51+00:00","mainEntityOfPage":{"@id":"https:\/\/www.institutodeengenharia.org.br\/site\/2023\/05\/08\/menos-casas-mais-predios-quais-areas-mais-mudaram-na-cidade-de-sp-nos-ultimos-anos\/"},"wordCount":1892,"commentCount":0,"publisher":{"@id":"https:\/\/www.institutodeengenharia.org.br\/site\/#organization"},"image":{"@id":"https:\/\/www.institutodeengenharia.org.br\/site\/2023\/05\/08\/menos-casas-mais-predios-quais-areas-mais-mudaram-na-cidade-de-sp-nos-ultimos-anos\/#primaryimage"},"thumbnailUrl":"https:\/\/www.institutodeengenharia.org.br\/site\/wp-content\/uploads\/2023\/05\/PV74EOYKOZFPXN2ZXTIDUHAVNI.jpg","articleSection":{"0":"Not\u00edcias","2":"Urbanismo"},"inLanguage":"pt-BR","potentialAction":[{"@type":"CommentAction","name":"Comment","target":["https:\/\/www.institutodeengenharia.org.br\/site\/2023\/05\/08\/menos-casas-mais-predios-quais-areas-mais-mudaram-na-cidade-de-sp-nos-ultimos-anos\/#respond"]}]},{"@type":"WebPage","@id":"https:\/\/www.institutodeengenharia.org.br\/site\/2023\/05\/08\/menos-casas-mais-predios-quais-areas-mais-mudaram-na-cidade-de-sp-nos-ultimos-anos\/","url":"https:\/\/www.institutodeengenharia.org.br\/site\/2023\/05\/08\/menos-casas-mais-predios-quais-areas-mais-mudaram-na-cidade-de-sp-nos-ultimos-anos\/","name":"Menos casas, mais pr\u00e9dios: quais \u00e1reas mais mudaram na cidade de SP nos \u00faltimos anos? - Instituto de Engenharia","isPartOf":{"@id":"https:\/\/www.institutodeengenharia.org.br\/site\/#website"},"primaryImageOfPage":{"@id":"https:\/\/www.institutodeengenharia.org.br\/site\/2023\/05\/08\/menos-casas-mais-predios-quais-areas-mais-mudaram-na-cidade-de-sp-nos-ultimos-anos\/#primaryimage"},"image":{"@id":"https:\/\/www.institutodeengenharia.org.br\/site\/2023\/05\/08\/menos-casas-mais-predios-quais-areas-mais-mudaram-na-cidade-de-sp-nos-ultimos-anos\/#primaryimage"},"thumbnailUrl":"https:\/\/www.institutodeengenharia.org.br\/site\/wp-content\/uploads\/2023\/05\/PV74EOYKOZFPXN2ZXTIDUHAVNI.jpg","datePublished":"2023-05-08T19:07:27+00:00","dateModified":"2023-05-08T19:17:51+00:00","breadcrumb":{"@id":"https:\/\/www.institutodeengenharia.org.br\/site\/2023\/05\/08\/menos-casas-mais-predios-quais-areas-mais-mudaram-na-cidade-de-sp-nos-ultimos-anos\/#breadcrumb"},"inLanguage":"pt-BR","potentialAction":[{"@type":"ReadAction","target":["https:\/\/www.institutodeengenharia.org.br\/site\/2023\/05\/08\/menos-casas-mais-predios-quais-areas-mais-mudaram-na-cidade-de-sp-nos-ultimos-anos\/"]}]},{"@type":"ImageObject","inLanguage":"pt-BR","@id":"https:\/\/www.institutodeengenharia.org.br\/site\/2023\/05\/08\/menos-casas-mais-predios-quais-areas-mais-mudaram-na-cidade-de-sp-nos-ultimos-anos\/#primaryimage","url":"https:\/\/www.institutodeengenharia.org.br\/site\/wp-content\/uploads\/2023\/05\/PV74EOYKOZFPXN2ZXTIDUHAVNI.jpg","contentUrl":"https:\/\/www.institutodeengenharia.org.br\/site\/wp-content\/uploads\/2023\/05\/PV74EOYKOZFPXN2ZXTIDUHAVNI.jpg","width":945,"height":630,"caption":"Entorno da Esta\u00e7\u00e3o Brooklin \u00e9 proporcionalmente o que mais teve apartamentos lan\u00e7ados com as regras do Plano Diretor atual Foto: Felipe Rau\/Estad\u00e3o"},{"@type":"BreadcrumbList","@id":"https:\/\/www.institutodeengenharia.org.br\/site\/2023\/05\/08\/menos-casas-mais-predios-quais-areas-mais-mudaram-na-cidade-de-sp-nos-ultimos-anos\/#breadcrumb","itemListElement":[{"@type":"ListItem","position":1,"name":"In\u00edcio","item":"https:\/\/www.institutodeengenharia.org.br\/site\/"},{"@type":"ListItem","position":2,"name":"Menos casas, mais pr\u00e9dios: quais \u00e1reas mais mudaram na cidade de SP nos \u00faltimos anos?"}]},{"@type":"WebSite","@id":"https:\/\/www.institutodeengenharia.org.br\/site\/#website","url":"https:\/\/www.institutodeengenharia.org.br\/site\/","name":"Instituto de Engenharia","description":"O Instituto de Engenharia promove a Engenharia em benef\u00edcio do desenvolvimento e da qualidade de vida da sociedade.","publisher":{"@id":"https:\/\/www.institutodeengenharia.org.br\/site\/#organization"},"potentialAction":[{"@type":"SearchAction","target":{"@type":"EntryPoint","urlTemplate":"https:\/\/www.institutodeengenharia.org.br\/site\/?s={search_term_string}"},"query-input":{"@type":"PropertyValueSpecification","valueRequired":true,"valueName":"search_term_string"}}],"inLanguage":"pt-BR"},{"@type":"Organization","@id":"https:\/\/www.institutodeengenharia.org.br\/site\/#organization","name":"Instituto de Engenharia","url":"https:\/\/www.institutodeengenharia.org.br\/site\/","logo":{"@type":"ImageObject","inLanguage":"pt-BR","@id":"https:\/\/www.institutodeengenharia.org.br\/site\/#\/schema\/logo\/image\/","url":"https:\/\/www.institutodeengenharia.org.br\/site\/wp-content\/uploads\/2019\/03\/logo-novo-IE2018-1.jpg","contentUrl":"https:\/\/www.institutodeengenharia.org.br\/site\/wp-content\/uploads\/2019\/03\/logo-novo-IE2018-1.jpg","width":1486,"height":1879,"caption":"Instituto de Engenharia"},"image":{"@id":"https:\/\/www.institutodeengenharia.org.br\/site\/#\/schema\/logo\/image\/"},"sameAs":["https:\/\/www.facebook.com\/institutodeengenharia","https:\/\/x.com\/iengenharia","https:\/\/www.instagram.com\/institutodeengenharia\/","https:\/\/www.linkedin.com\/company\/instituto-de-engenharia\/","https:\/\/www.youtube.com\/channel\/UCXiCAlsSMe977vamW915HxA"]},{"@type":"Person","@id":"https:\/\/www.institutodeengenharia.org.br\/site\/#\/schema\/person\/aeb64951c405e100d26d30b033dd423f","name":"Bianca","image":{"@type":"ImageObject","inLanguage":"pt-BR","@id":"https:\/\/secure.gravatar.com\/avatar\/a6fbe9bff57405baf4c1e2c5c1811e072b558253974a9f9508f4678900c97c2a?s=96&d=mm&r=g","url":"https:\/\/secure.gravatar.com\/avatar\/a6fbe9bff57405baf4c1e2c5c1811e072b558253974a9f9508f4678900c97c2a?s=96&d=mm&r=g","contentUrl":"https:\/\/secure.gravatar.com\/avatar\/a6fbe9bff57405baf4c1e2c5c1811e072b558253974a9f9508f4678900c97c2a?s=96&d=mm&r=g","caption":"Bianca"},"url":"https:\/\/www.institutodeengenharia.org.br\/site\/author\/comunicacao1\/"}]}},"_links":{"self":[{"href":"https:\/\/www.institutodeengenharia.org.br\/site\/wp-json\/wp\/v2\/posts\/105439","targetHints":{"allow":["GET"]}}],"collection":[{"href":"https:\/\/www.institutodeengenharia.org.br\/site\/wp-json\/wp\/v2\/posts"}],"about":[{"href":"https:\/\/www.institutodeengenharia.org.br\/site\/wp-json\/wp\/v2\/types\/post"}],"author":[{"embeddable":true,"href":"https:\/\/www.institutodeengenharia.org.br\/site\/wp-json\/wp\/v2\/users\/13"}],"replies":[{"embeddable":true,"href":"https:\/\/www.institutodeengenharia.org.br\/site\/wp-json\/wp\/v2\/comments?post=105439"}],"version-history":[{"count":1,"href":"https:\/\/www.institutodeengenharia.org.br\/site\/wp-json\/wp\/v2\/posts\/105439\/revisions"}],"predecessor-version":[{"id":105447,"href":"https:\/\/www.institutodeengenharia.org.br\/site\/wp-json\/wp\/v2\/posts\/105439\/revisions\/105447"}],"wp:featuredmedia":[{"embeddable":true,"href":"https:\/\/www.institutodeengenharia.org.br\/site\/wp-json\/wp\/v2\/media\/105443"}],"wp:attachment":[{"href":"https:\/\/www.institutodeengenharia.org.br\/site\/wp-json\/wp\/v2\/media?parent=105439"}],"wp:term":[{"taxonomy":"category","embeddable":true,"href":"https:\/\/www.institutodeengenharia.org.br\/site\/wp-json\/wp\/v2\/categories?post=105439"},{"taxonomy":"post_tag","embeddable":true,"href":"https:\/\/www.institutodeengenharia.org.br\/site\/wp-json\/wp\/v2\/tags?post=105439"}],"curies":[{"name":"wp","href":"https:\/\/api.w.org\/{rel}","templated":true}]}}