{"id":105055,"date":"2023-05-02T09:00:48","date_gmt":"2023-05-02T12:00:48","guid":{"rendered":"https:\/\/www.institutodeengenharia.org.br\/site\/?p=105055"},"modified":"2023-05-25T08:44:57","modified_gmt":"2023-05-25T11:44:57","slug":"por-jose-eduardo-cavalcanti-continua-a-poluicao-da-ur-antonico-da-sabesp-e-engenheiros-contestam-tratamento-do-rio-pinheiros","status":"publish","type":"post","link":"https:\/\/www.institutodeengenharia.org.br\/site\/2023\/05\/02\/por-jose-eduardo-cavalcanti-continua-a-poluicao-da-ur-antonico-da-sabesp-e-engenheiros-contestam-tratamento-do-rio-pinheiros\/","title":{"rendered":"Por Jos\u00e9 Eduardo Cavalcanti \u2013 Continua a polui\u00e7\u00e3o da UR Antonico da SABESP e engenheiros contestam tratamento do Rio Pinheiros"},"content":{"rendered":"<p>Sob este t\u00edtulo, o jornal A Gazeta de Pinheiros publicou e sua edi\u00e7\u00e3o de 6 de abril de 2023, a seguinte mat\u00e9ria:<\/p>\n<p><em>O Minist\u00e9rio P\u00fablico definiu a autoriza\u00e7\u00e3o de constru\u00e7\u00e3o de empreendimento da Unidade de Recupera\u00e7\u00e3o do C\u00f3rrego Antonico, defronte ao Est\u00e1dio C\u00edcero Pompeu de Toledo, na entrada do Morumbi, sendo \u201cal\u00e9m de il\u00edcita, por causar evidente dano ambiental, \u00e9 claramente ilegal\u201d.<\/em><\/p>\n<p><em>Entre as justificativas est\u00e3o a supress\u00e3o de 213 \u00e1rvores e os impactos causados na regi\u00e3o, por licen\u00e7as supostamente irregulares da Cetesb, autorizadas para as obras da Sabesp, para o \u2018Projeto Novo Rio Pinheiros\u2019.<\/em><\/p>\n<p><em>Na ter\u00e7a feira, dia 3 de abril, a subprefeita do Butant\u00e3 Joseane Possidonio se reuniu com t\u00e9cnicos da Sabesp, para explicarem os problemas causados pela UR Antonico, aos moradores da regi\u00e3o. Seria marcado uma Audi\u00eancia P\u00fablica no audit\u00f3rio da Subprefeitura nas pr\u00f3ximas semanas para ouvirem as demandas dos moradores do entorno e ambientalistas, para solu\u00e7\u00e3o dos problemas relatados pela sociedade no Grupo 1 de Jornais &#8211; Gazeta de Pinheiros, Jornal do Butant\u00e3, Morumbi News, Tribuna de Santo Amaro e S\u00e3o Paulo News.<\/em><\/p>\n<p><em>Tamb\u00e9m ser\u00e1 feita uma fiscaliza\u00e7\u00e3o da Subprefeitura que ser\u00e1 acompanhada pela pr\u00f3pria Subprefeita e os t\u00e9cnicos, dentro da obra da UR, para verificar se a obra est\u00e1 de acordo com o projeto original \u00adapresentado.<\/em><\/p>\n<p><em>Especialistas explicam as falhas dos projetos da Sabesp<\/em><\/p>\n<p><em>O engenheiro civil Ivan Carlos Maglio, Doutor em Sa\u00fade P\u00fablica e P\u00f3s Doutor em Planejamento Urbano e Mudan\u00e7as Clim\u00e1ticas pelo Centro de S\u00edntese Cidades Globais do IEA \u2013 USP, explica: \u201cA informa\u00e7\u00e3o do engenheiro Jose Eduardo W. de Cavalcanti cita o que deveria ser feito. Em artigo recente publicado na p\u00e1gina do \u2018Instituto de Engenharia\u2019, Cavalcanti analisou a concep\u00e7\u00e3o dessas Unidades Recuperadoras, para colocar suas \u00e1guas em um n\u00edvel pelo menos de Classe 4 de qualidade, para poder de fato contribuir para a qualidade das \u00e1guas do Rio Pinheiros.<\/em><\/p>\n<p><em><a href=\"https:\/\/www.institutodeengenharia.org.br\/site\/2021\/10\/27\/por-jose-eduardo-w-de-a-cavalcanti-a-concepcao-de-tratamento-das-urs-unidades-recuperadoras-da-qualidade-das-aguas\/\">https:\/\/www.institutodeengenharia.org.br\/site\/2021\/10\/27\/por-jose-eduardo-w-de-a-cavalcanti-a-concepcao-de-tratamento-das-urs-unidades-recuperadoras-da-qualidade-das-aguas\/<\/a><\/em><\/p>\n<p><em>Cavalcanti cita ainda que \u201cComo o anteprojeto ofertado pela Sabesp teve car\u00e1ter apenas orientativo, as empresas contratadas se puseram a desenvolver os projetos definitivos com base nas suas \u201cexpertises\u201d desvinculando-se da Sabesp, por\u00e9m sujeitos \u00e0 aprova\u00e7\u00e3o da Cetesb para emiss\u00e3o das respectivas Licen\u00e7as de Instala\u00e7\u00e3o.\u201d<\/em><\/p>\n<p><em>Especialmente esse trecho: E na sua conclus\u00e3o coloca um grande problema n\u00e3o solucionado pelo Programa Novo Rio Pinheiros: \u201ca preocupa\u00e7\u00e3o que fica \u00e9 sobre a aus\u00eancia de tratamento que teria de ser dado ao lodo qu\u00edmico e principalmente aos lodos biol\u00f3gicos excedentes estimados em 60 ton\/dia a 20% de S\u00f3lidos em Suspens\u00e3o, uma vez que os projetos previram apenas a desidrata\u00e7\u00e3o em centr\u00edfugas do lodo tal e qual, isto \u00e9, sem estabiliza\u00e7\u00e3o, conforme confirmado pela Sabesp em \u201clive\u201d da ABES em setembro \u00faltimo.\u201d<\/em><\/p>\n<p><em>Este receio \u00e9 ainda mais preocupante quando se sabe que o manuseio e transporte destes res\u00edduos, incluindo tamb\u00e9m material gradeado, areia e \u00f3leo separados no tratamento preliminar, se dar\u00e3o em \u00e1reas intensamente habitadas podendo provocar incomodidade na forma de desprendimento de odores com o risco de se criar um impasse de ordem sanit\u00e1ria.<\/em><\/p>\n<p><em>Como j\u00e1 sugerido em outro artigo, uma alternativa seria lan\u00e7ar o lodo excedente e o lodo qu\u00edmico \u00e0 rede de coleta mais pr\u00f3xima das URs, de modo que, interligadas aos coletores-tronco e aos interceptores do Pinheiros, alcancem a ETE Barueri onde seriam tratados. Procedimento similar j\u00e1 foi feito pela Sabesb com o lodo da ETA ABV.\u201d<\/em><\/p>\n<p><em>Questionada sobre as observa\u00e7\u00f5es feitas pelo engenheiro, a Sabesp n\u00e3o retornou at\u00e9 o fechamento desta edi\u00e7\u00e3o.<\/em><\/p>\n<p>________________________________________________________________________<\/p>\n<p><img loading=\"lazy\" decoding=\"async\" class=\"wp-image-31353 alignleft td-animation-stack-type0-2\" src=\"https:\/\/www.institutodeengenharia.org.br\/site\/wp-content\/uploads\/2018\/02\/cavalcanti-alta2-e1547225067645.jpg\" sizes=\"auto, (max-width: 169px) 100vw, 169px\" srcset=\"https:\/\/www.institutodeengenharia.org.br\/site\/wp-content\/uploads\/2018\/02\/cavalcanti-alta2-e1547225067645.jpg 606w, https:\/\/www.institutodeengenharia.org.br\/site\/wp-content\/uploads\/2018\/02\/cavalcanti-alta2-e1547225067645-150x150.jpg 150w, https:\/\/www.institutodeengenharia.org.br\/site\/wp-content\/uploads\/2018\/02\/cavalcanti-alta2-e1547225067645-298x300.jpg 298w, https:\/\/www.institutodeengenharia.org.br\/site\/wp-content\/uploads\/2018\/02\/cavalcanti-alta2-e1547225067645-417x420.jpg 417w\" alt=\"\" width=\"169\" height=\"170\" \/><\/p>\n<p>Jos\u00e9 Eduardo Cavalcanti \u00e9 engenheiro consultor, diretor do Departamento de Engenharia da Ambiental do Brasil, diretor da Divis\u00e3o de Saneamento do Deinfra \u2013 Departamento de Infraestrutura da Federa\u00e7\u00e3o das Ind\u00fastrias do Estado de S\u00e3o Paulo (Fiesp), conselheiro do Instituto de Engenharia, e membro da Comiss\u00e3o Editorial da Revista Engenharia. E-mail: <a href=\"mailto:cavalcanti@ambientaldobrasil.com.br\">cavalcanti@ambientaldobrasil.com.br<\/a><\/p>\n<p>*<em>Os artigos publicados com assinatura, n\u00e3o traduzem necessariamente a opini\u00e3o do Instituto de Engenharia. Sua publica\u00e7\u00e3o obedece ao prop\u00f3sito de estimular o debate dos problemas brasileiros e de refletir as diversas tend\u00eancias do pensamento contempor\u00e2neo<\/em><\/p>\n","protected":false},"excerpt":{"rendered":"<p>Sob este t\u00edtulo, o jornal A Gazeta de Pinheiros publicou e sua edi\u00e7\u00e3o de 6 de abril de 2023, a seguinte mat\u00e9ria: O Minist\u00e9rio P\u00fablico definiu a autoriza\u00e7\u00e3o de constru\u00e7\u00e3o de empreendimento da Unidade de Recupera\u00e7\u00e3o do C\u00f3rrego Antonico, defronte ao Est\u00e1dio C\u00edcero Pompeu de Toledo, na entrada do Morumbi, sendo \u201cal\u00e9m de il\u00edcita, por [&hellip;]<\/p>\n","protected":false},"author":13,"featured_media":105056,"comment_status":"open","ping_status":"open","sticky":false,"template":"","format":"standard","meta":{"footnotes":""},"categories":[11,92],"tags":[],"class_list":{"0":"post-105055","1":"post","2":"type-post","3":"status-publish","4":"format-standard","5":"has-post-thumbnail","7":"category-articulistas","8":"category-jose-eduardo-cavalcanti"},"yoast_head":"<!-- This site is optimized with the Yoast SEO plugin v27.2 - https:\/\/yoast.com\/product\/yoast-seo-wordpress\/ -->\n<title>Por Jos\u00e9 Eduardo Cavalcanti \u2013 Continua a polui\u00e7\u00e3o da UR Antonico da SABESP e engenheiros contestam tratamento do Rio Pinheiros - Instituto de Engenharia<\/title>\n<meta name=\"robots\" content=\"index, follow, max-snippet:-1, max-image-preview:large, max-video-preview:-1\" \/>\n<link rel=\"canonical\" href=\"https:\/\/www.institutodeengenharia.org.br\/site\/2023\/05\/02\/por-jose-eduardo-cavalcanti-continua-a-poluicao-da-ur-antonico-da-sabesp-e-engenheiros-contestam-tratamento-do-rio-pinheiros\/\" \/>\n<meta property=\"og:locale\" content=\"pt_BR\" \/>\n<meta property=\"og:type\" content=\"article\" \/>\n<meta property=\"og:title\" content=\"Por Jos\u00e9 Eduardo Cavalcanti \u2013 Continua a polui\u00e7\u00e3o da UR Antonico da SABESP e engenheiros contestam tratamento do Rio Pinheiros\" \/>\n<meta property=\"og:description\" content=\"Entre as justificativas est\u00e3o a supress\u00e3o de 213 \u00e1rvores e os impactos causados na regi\u00e3o, por licen\u00e7as supostamente irregulares da Cetesb, autorizadas para as obras da Sabesp, para o \u2018Projeto Novo Rio Pinheiros\u2019.\" \/>\n<meta property=\"og:url\" content=\"https:\/\/www.institutodeengenharia.org.br\/site\/2023\/05\/02\/por-jose-eduardo-cavalcanti-continua-a-poluicao-da-ur-antonico-da-sabesp-e-engenheiros-contestam-tratamento-do-rio-pinheiros\/\" \/>\n<meta property=\"og:site_name\" content=\"Instituto de Engenharia\" \/>\n<meta property=\"article:publisher\" content=\"https:\/\/www.facebook.com\/institutodeengenharia\" \/>\n<meta property=\"article:published_time\" content=\"2023-05-02T12:00:48+00:00\" \/>\n<meta property=\"article:modified_time\" content=\"2023-05-25T11:44:57+00:00\" \/>\n<meta property=\"og:image\" content=\"https:\/\/www.institutodeengenharia.org.br\/site\/wp-content\/uploads\/2023\/05\/river-pines-g84ba57e6a_1280.jpg\" \/>\n\t<meta property=\"og:image:width\" content=\"1280\" \/>\n\t<meta property=\"og:image:height\" content=\"960\" \/>\n\t<meta property=\"og:image:type\" content=\"image\/jpeg\" \/>\n<meta name=\"author\" content=\"Bianca\" \/>\n<meta name=\"twitter:card\" content=\"summary_large_image\" \/>\n<meta name=\"twitter:title\" content=\"Por Jos\u00e9 Eduardo Cavalcanti \u2013 Continua a polui\u00e7\u00e3o da UR Antonico da SABESP e engenheiros contestam tratamento do Rio Pinheiros\" \/>\n<meta name=\"twitter:description\" content=\"Entre as justificativas est\u00e3o a supress\u00e3o de 213 \u00e1rvores e os impactos causados na regi\u00e3o, por licen\u00e7as supostamente irregulares da Cetesb, autorizadas para as obras da Sabesp, para o \u2018Projeto Novo Rio Pinheiros\u2019.\" \/>\n<meta name=\"twitter:image\" content=\"https:\/\/www.institutodeengenharia.org.br\/site\/wp-content\/uploads\/2023\/05\/river-pines-g84ba57e6a_1280.jpg\" \/>\n<meta name=\"twitter:creator\" content=\"@iengenharia\" \/>\n<meta name=\"twitter:site\" content=\"@iengenharia\" \/>\n<meta name=\"twitter:label1\" content=\"Escrito por\" \/>\n\t<meta name=\"twitter:data1\" content=\"Bianca\" \/>\n\t<meta name=\"twitter:label2\" content=\"Est. tempo de leitura\" \/>\n\t<meta name=\"twitter:data2\" content=\"4 minutos\" \/>\n<script type=\"application\/ld+json\" class=\"yoast-schema-graph\">{\"@context\":\"https:\/\/schema.org\",\"@graph\":[{\"@type\":\"Article\",\"@id\":\"https:\/\/www.institutodeengenharia.org.br\/site\/2023\/05\/02\/por-jose-eduardo-cavalcanti-continua-a-poluicao-da-ur-antonico-da-sabesp-e-engenheiros-contestam-tratamento-do-rio-pinheiros\/#article\",\"isPartOf\":{\"@id\":\"https:\/\/www.institutodeengenharia.org.br\/site\/2023\/05\/02\/por-jose-eduardo-cavalcanti-continua-a-poluicao-da-ur-antonico-da-sabesp-e-engenheiros-contestam-tratamento-do-rio-pinheiros\/\"},\"author\":{\"name\":\"Bianca\",\"@id\":\"https:\/\/www.institutodeengenharia.org.br\/site\/#\/schema\/person\/aeb64951c405e100d26d30b033dd423f\"},\"headline\":\"Por Jos\u00e9 Eduardo Cavalcanti \u2013 Continua a polui\u00e7\u00e3o da UR Antonico da SABESP e engenheiros contestam tratamento do Rio Pinheiros\",\"datePublished\":\"2023-05-02T12:00:48+00:00\",\"dateModified\":\"2023-05-25T11:44:57+00:00\",\"mainEntityOfPage\":{\"@id\":\"https:\/\/www.institutodeengenharia.org.br\/site\/2023\/05\/02\/por-jose-eduardo-cavalcanti-continua-a-poluicao-da-ur-antonico-da-sabesp-e-engenheiros-contestam-tratamento-do-rio-pinheiros\/\"},\"wordCount\":739,\"commentCount\":0,\"publisher\":{\"@id\":\"https:\/\/www.institutodeengenharia.org.br\/site\/#organization\"},\"image\":{\"@id\":\"https:\/\/www.institutodeengenharia.org.br\/site\/2023\/05\/02\/por-jose-eduardo-cavalcanti-continua-a-poluicao-da-ur-antonico-da-sabesp-e-engenheiros-contestam-tratamento-do-rio-pinheiros\/#primaryimage\"},\"thumbnailUrl\":\"https:\/\/www.institutodeengenharia.org.br\/site\/wp-content\/uploads\/2023\/05\/river-pines-g84ba57e6a_1280.jpg\",\"articleSection\":[\"Articulistas\",\"Jos\u00e9 Eduardo Cavalcanti\"],\"inLanguage\":\"pt-BR\",\"potentialAction\":[{\"@type\":\"CommentAction\",\"name\":\"Comment\",\"target\":[\"https:\/\/www.institutodeengenharia.org.br\/site\/2023\/05\/02\/por-jose-eduardo-cavalcanti-continua-a-poluicao-da-ur-antonico-da-sabesp-e-engenheiros-contestam-tratamento-do-rio-pinheiros\/#respond\"]}]},{\"@type\":\"WebPage\",\"@id\":\"https:\/\/www.institutodeengenharia.org.br\/site\/2023\/05\/02\/por-jose-eduardo-cavalcanti-continua-a-poluicao-da-ur-antonico-da-sabesp-e-engenheiros-contestam-tratamento-do-rio-pinheiros\/\",\"url\":\"https:\/\/www.institutodeengenharia.org.br\/site\/2023\/05\/02\/por-jose-eduardo-cavalcanti-continua-a-poluicao-da-ur-antonico-da-sabesp-e-engenheiros-contestam-tratamento-do-rio-pinheiros\/\",\"name\":\"Por Jos\u00e9 Eduardo Cavalcanti \u2013 Continua a polui\u00e7\u00e3o da UR Antonico da SABESP e engenheiros contestam tratamento do Rio Pinheiros - Instituto de Engenharia\",\"isPartOf\":{\"@id\":\"https:\/\/www.institutodeengenharia.org.br\/site\/#website\"},\"primaryImageOfPage\":{\"@id\":\"https:\/\/www.institutodeengenharia.org.br\/site\/2023\/05\/02\/por-jose-eduardo-cavalcanti-continua-a-poluicao-da-ur-antonico-da-sabesp-e-engenheiros-contestam-tratamento-do-rio-pinheiros\/#primaryimage\"},\"image\":{\"@id\":\"https:\/\/www.institutodeengenharia.org.br\/site\/2023\/05\/02\/por-jose-eduardo-cavalcanti-continua-a-poluicao-da-ur-antonico-da-sabesp-e-engenheiros-contestam-tratamento-do-rio-pinheiros\/#primaryimage\"},\"thumbnailUrl\":\"https:\/\/www.institutodeengenharia.org.br\/site\/wp-content\/uploads\/2023\/05\/river-pines-g84ba57e6a_1280.jpg\",\"datePublished\":\"2023-05-02T12:00:48+00:00\",\"dateModified\":\"2023-05-25T11:44:57+00:00\",\"breadcrumb\":{\"@id\":\"https:\/\/www.institutodeengenharia.org.br\/site\/2023\/05\/02\/por-jose-eduardo-cavalcanti-continua-a-poluicao-da-ur-antonico-da-sabesp-e-engenheiros-contestam-tratamento-do-rio-pinheiros\/#breadcrumb\"},\"inLanguage\":\"pt-BR\",\"potentialAction\":[{\"@type\":\"ReadAction\",\"target\":[\"https:\/\/www.institutodeengenharia.org.br\/site\/2023\/05\/02\/por-jose-eduardo-cavalcanti-continua-a-poluicao-da-ur-antonico-da-sabesp-e-engenheiros-contestam-tratamento-do-rio-pinheiros\/\"]}]},{\"@type\":\"ImageObject\",\"inLanguage\":\"pt-BR\",\"@id\":\"https:\/\/www.institutodeengenharia.org.br\/site\/2023\/05\/02\/por-jose-eduardo-cavalcanti-continua-a-poluicao-da-ur-antonico-da-sabesp-e-engenheiros-contestam-tratamento-do-rio-pinheiros\/#primaryimage\",\"url\":\"https:\/\/www.institutodeengenharia.org.br\/site\/wp-content\/uploads\/2023\/05\/river-pines-g84ba57e6a_1280.jpg\",\"contentUrl\":\"https:\/\/www.institutodeengenharia.org.br\/site\/wp-content\/uploads\/2023\/05\/river-pines-g84ba57e6a_1280.jpg\",\"width\":1280,\"height\":960},{\"@type\":\"BreadcrumbList\",\"@id\":\"https:\/\/www.institutodeengenharia.org.br\/site\/2023\/05\/02\/por-jose-eduardo-cavalcanti-continua-a-poluicao-da-ur-antonico-da-sabesp-e-engenheiros-contestam-tratamento-do-rio-pinheiros\/#breadcrumb\",\"itemListElement\":[{\"@type\":\"ListItem\",\"position\":1,\"name\":\"In\u00edcio\",\"item\":\"https:\/\/www.institutodeengenharia.org.br\/site\/\"},{\"@type\":\"ListItem\",\"position\":2,\"name\":\"Por Jos\u00e9 Eduardo Cavalcanti \u2013 Continua a polui\u00e7\u00e3o da UR Antonico da SABESP e engenheiros contestam tratamento do Rio Pinheiros\"}]},{\"@type\":\"WebSite\",\"@id\":\"https:\/\/www.institutodeengenharia.org.br\/site\/#website\",\"url\":\"https:\/\/www.institutodeengenharia.org.br\/site\/\",\"name\":\"Instituto de Engenharia\",\"description\":\"O Instituto de Engenharia promove a Engenharia em benef\u00edcio do desenvolvimento e da qualidade de vida da sociedade.\",\"publisher\":{\"@id\":\"https:\/\/www.institutodeengenharia.org.br\/site\/#organization\"},\"potentialAction\":[{\"@type\":\"SearchAction\",\"target\":{\"@type\":\"EntryPoint\",\"urlTemplate\":\"https:\/\/www.institutodeengenharia.org.br\/site\/?s={search_term_string}\"},\"query-input\":{\"@type\":\"PropertyValueSpecification\",\"valueRequired\":true,\"valueName\":\"search_term_string\"}}],\"inLanguage\":\"pt-BR\"},{\"@type\":\"Organization\",\"@id\":\"https:\/\/www.institutodeengenharia.org.br\/site\/#organization\",\"name\":\"Instituto de Engenharia\",\"url\":\"https:\/\/www.institutodeengenharia.org.br\/site\/\",\"logo\":{\"@type\":\"ImageObject\",\"inLanguage\":\"pt-BR\",\"@id\":\"https:\/\/www.institutodeengenharia.org.br\/site\/#\/schema\/logo\/image\/\",\"url\":\"https:\/\/www.institutodeengenharia.org.br\/site\/wp-content\/uploads\/2019\/03\/logo-novo-IE2018-1.jpg\",\"contentUrl\":\"https:\/\/www.institutodeengenharia.org.br\/site\/wp-content\/uploads\/2019\/03\/logo-novo-IE2018-1.jpg\",\"width\":1486,\"height\":1879,\"caption\":\"Instituto de Engenharia\"},\"image\":{\"@id\":\"https:\/\/www.institutodeengenharia.org.br\/site\/#\/schema\/logo\/image\/\"},\"sameAs\":[\"https:\/\/www.facebook.com\/institutodeengenharia\",\"https:\/\/x.com\/iengenharia\",\"https:\/\/www.instagram.com\/institutodeengenharia\/\",\"https:\/\/www.linkedin.com\/company\/instituto-de-engenharia\/\",\"https:\/\/www.youtube.com\/channel\/UCXiCAlsSMe977vamW915HxA\"]},{\"@type\":\"Person\",\"@id\":\"https:\/\/www.institutodeengenharia.org.br\/site\/#\/schema\/person\/aeb64951c405e100d26d30b033dd423f\",\"name\":\"Bianca\",\"image\":{\"@type\":\"ImageObject\",\"inLanguage\":\"pt-BR\",\"@id\":\"https:\/\/secure.gravatar.com\/avatar\/a6fbe9bff57405baf4c1e2c5c1811e072b558253974a9f9508f4678900c97c2a?s=96&d=mm&r=g\",\"url\":\"https:\/\/secure.gravatar.com\/avatar\/a6fbe9bff57405baf4c1e2c5c1811e072b558253974a9f9508f4678900c97c2a?s=96&d=mm&r=g\",\"contentUrl\":\"https:\/\/secure.gravatar.com\/avatar\/a6fbe9bff57405baf4c1e2c5c1811e072b558253974a9f9508f4678900c97c2a?s=96&d=mm&r=g\",\"caption\":\"Bianca\"},\"url\":\"https:\/\/www.institutodeengenharia.org.br\/site\/author\/comunicacao1\/\"}]}<\/script>\n<!-- \/ Yoast SEO plugin. -->","yoast_head_json":{"title":"Por Jos\u00e9 Eduardo Cavalcanti \u2013 Continua a polui\u00e7\u00e3o da UR Antonico da SABESP e engenheiros contestam tratamento do Rio Pinheiros - Instituto de Engenharia","robots":{"index":"index","follow":"follow","max-snippet":"max-snippet:-1","max-image-preview":"max-image-preview:large","max-video-preview":"max-video-preview:-1"},"canonical":"https:\/\/www.institutodeengenharia.org.br\/site\/2023\/05\/02\/por-jose-eduardo-cavalcanti-continua-a-poluicao-da-ur-antonico-da-sabesp-e-engenheiros-contestam-tratamento-do-rio-pinheiros\/","og_locale":"pt_BR","og_type":"article","og_title":"Por Jos\u00e9 Eduardo Cavalcanti \u2013 Continua a polui\u00e7\u00e3o da UR Antonico da SABESP e engenheiros contestam tratamento do Rio Pinheiros","og_description":"Entre as justificativas est\u00e3o a supress\u00e3o de 213 \u00e1rvores e os impactos causados na regi\u00e3o, por licen\u00e7as supostamente irregulares da Cetesb, autorizadas para as obras da Sabesp, para o \u2018Projeto Novo Rio Pinheiros\u2019.","og_url":"https:\/\/www.institutodeengenharia.org.br\/site\/2023\/05\/02\/por-jose-eduardo-cavalcanti-continua-a-poluicao-da-ur-antonico-da-sabesp-e-engenheiros-contestam-tratamento-do-rio-pinheiros\/","og_site_name":"Instituto de Engenharia","article_publisher":"https:\/\/www.facebook.com\/institutodeengenharia","article_published_time":"2023-05-02T12:00:48+00:00","article_modified_time":"2023-05-25T11:44:57+00:00","og_image":[{"width":1280,"height":960,"url":"https:\/\/www.institutodeengenharia.org.br\/site\/wp-content\/uploads\/2023\/05\/river-pines-g84ba57e6a_1280.jpg","type":"image\/jpeg"}],"author":"Bianca","twitter_card":"summary_large_image","twitter_title":"Por Jos\u00e9 Eduardo Cavalcanti \u2013 Continua a polui\u00e7\u00e3o da UR Antonico da SABESP e engenheiros contestam tratamento do Rio Pinheiros","twitter_description":"Entre as justificativas est\u00e3o a supress\u00e3o de 213 \u00e1rvores e os impactos causados na regi\u00e3o, por licen\u00e7as supostamente irregulares da Cetesb, autorizadas para as obras da Sabesp, para o \u2018Projeto Novo Rio Pinheiros\u2019.","twitter_image":"https:\/\/www.institutodeengenharia.org.br\/site\/wp-content\/uploads\/2023\/05\/river-pines-g84ba57e6a_1280.jpg","twitter_creator":"@iengenharia","twitter_site":"@iengenharia","twitter_misc":{"Escrito por":"Bianca","Est. tempo de leitura":"4 minutos"},"schema":{"@context":"https:\/\/schema.org","@graph":[{"@type":"Article","@id":"https:\/\/www.institutodeengenharia.org.br\/site\/2023\/05\/02\/por-jose-eduardo-cavalcanti-continua-a-poluicao-da-ur-antonico-da-sabesp-e-engenheiros-contestam-tratamento-do-rio-pinheiros\/#article","isPartOf":{"@id":"https:\/\/www.institutodeengenharia.org.br\/site\/2023\/05\/02\/por-jose-eduardo-cavalcanti-continua-a-poluicao-da-ur-antonico-da-sabesp-e-engenheiros-contestam-tratamento-do-rio-pinheiros\/"},"author":{"name":"Bianca","@id":"https:\/\/www.institutodeengenharia.org.br\/site\/#\/schema\/person\/aeb64951c405e100d26d30b033dd423f"},"headline":"Por Jos\u00e9 Eduardo Cavalcanti \u2013 Continua a polui\u00e7\u00e3o da UR Antonico da SABESP e engenheiros contestam tratamento do Rio Pinheiros","datePublished":"2023-05-02T12:00:48+00:00","dateModified":"2023-05-25T11:44:57+00:00","mainEntityOfPage":{"@id":"https:\/\/www.institutodeengenharia.org.br\/site\/2023\/05\/02\/por-jose-eduardo-cavalcanti-continua-a-poluicao-da-ur-antonico-da-sabesp-e-engenheiros-contestam-tratamento-do-rio-pinheiros\/"},"wordCount":739,"commentCount":0,"publisher":{"@id":"https:\/\/www.institutodeengenharia.org.br\/site\/#organization"},"image":{"@id":"https:\/\/www.institutodeengenharia.org.br\/site\/2023\/05\/02\/por-jose-eduardo-cavalcanti-continua-a-poluicao-da-ur-antonico-da-sabesp-e-engenheiros-contestam-tratamento-do-rio-pinheiros\/#primaryimage"},"thumbnailUrl":"https:\/\/www.institutodeengenharia.org.br\/site\/wp-content\/uploads\/2023\/05\/river-pines-g84ba57e6a_1280.jpg","articleSection":["Articulistas","Jos\u00e9 Eduardo Cavalcanti"],"inLanguage":"pt-BR","potentialAction":[{"@type":"CommentAction","name":"Comment","target":["https:\/\/www.institutodeengenharia.org.br\/site\/2023\/05\/02\/por-jose-eduardo-cavalcanti-continua-a-poluicao-da-ur-antonico-da-sabesp-e-engenheiros-contestam-tratamento-do-rio-pinheiros\/#respond"]}]},{"@type":"WebPage","@id":"https:\/\/www.institutodeengenharia.org.br\/site\/2023\/05\/02\/por-jose-eduardo-cavalcanti-continua-a-poluicao-da-ur-antonico-da-sabesp-e-engenheiros-contestam-tratamento-do-rio-pinheiros\/","url":"https:\/\/www.institutodeengenharia.org.br\/site\/2023\/05\/02\/por-jose-eduardo-cavalcanti-continua-a-poluicao-da-ur-antonico-da-sabesp-e-engenheiros-contestam-tratamento-do-rio-pinheiros\/","name":"Por Jos\u00e9 Eduardo Cavalcanti \u2013 Continua a polui\u00e7\u00e3o da UR Antonico da SABESP e engenheiros contestam tratamento do Rio Pinheiros - Instituto de Engenharia","isPartOf":{"@id":"https:\/\/www.institutodeengenharia.org.br\/site\/#website"},"primaryImageOfPage":{"@id":"https:\/\/www.institutodeengenharia.org.br\/site\/2023\/05\/02\/por-jose-eduardo-cavalcanti-continua-a-poluicao-da-ur-antonico-da-sabesp-e-engenheiros-contestam-tratamento-do-rio-pinheiros\/#primaryimage"},"image":{"@id":"https:\/\/www.institutodeengenharia.org.br\/site\/2023\/05\/02\/por-jose-eduardo-cavalcanti-continua-a-poluicao-da-ur-antonico-da-sabesp-e-engenheiros-contestam-tratamento-do-rio-pinheiros\/#primaryimage"},"thumbnailUrl":"https:\/\/www.institutodeengenharia.org.br\/site\/wp-content\/uploads\/2023\/05\/river-pines-g84ba57e6a_1280.jpg","datePublished":"2023-05-02T12:00:48+00:00","dateModified":"2023-05-25T11:44:57+00:00","breadcrumb":{"@id":"https:\/\/www.institutodeengenharia.org.br\/site\/2023\/05\/02\/por-jose-eduardo-cavalcanti-continua-a-poluicao-da-ur-antonico-da-sabesp-e-engenheiros-contestam-tratamento-do-rio-pinheiros\/#breadcrumb"},"inLanguage":"pt-BR","potentialAction":[{"@type":"ReadAction","target":["https:\/\/www.institutodeengenharia.org.br\/site\/2023\/05\/02\/por-jose-eduardo-cavalcanti-continua-a-poluicao-da-ur-antonico-da-sabesp-e-engenheiros-contestam-tratamento-do-rio-pinheiros\/"]}]},{"@type":"ImageObject","inLanguage":"pt-BR","@id":"https:\/\/www.institutodeengenharia.org.br\/site\/2023\/05\/02\/por-jose-eduardo-cavalcanti-continua-a-poluicao-da-ur-antonico-da-sabesp-e-engenheiros-contestam-tratamento-do-rio-pinheiros\/#primaryimage","url":"https:\/\/www.institutodeengenharia.org.br\/site\/wp-content\/uploads\/2023\/05\/river-pines-g84ba57e6a_1280.jpg","contentUrl":"https:\/\/www.institutodeengenharia.org.br\/site\/wp-content\/uploads\/2023\/05\/river-pines-g84ba57e6a_1280.jpg","width":1280,"height":960},{"@type":"BreadcrumbList","@id":"https:\/\/www.institutodeengenharia.org.br\/site\/2023\/05\/02\/por-jose-eduardo-cavalcanti-continua-a-poluicao-da-ur-antonico-da-sabesp-e-engenheiros-contestam-tratamento-do-rio-pinheiros\/#breadcrumb","itemListElement":[{"@type":"ListItem","position":1,"name":"In\u00edcio","item":"https:\/\/www.institutodeengenharia.org.br\/site\/"},{"@type":"ListItem","position":2,"name":"Por Jos\u00e9 Eduardo Cavalcanti \u2013 Continua a polui\u00e7\u00e3o da UR Antonico da SABESP e engenheiros contestam tratamento do Rio Pinheiros"}]},{"@type":"WebSite","@id":"https:\/\/www.institutodeengenharia.org.br\/site\/#website","url":"https:\/\/www.institutodeengenharia.org.br\/site\/","name":"Instituto de Engenharia","description":"O Instituto de Engenharia promove a Engenharia em benef\u00edcio do desenvolvimento e da qualidade de vida da sociedade.","publisher":{"@id":"https:\/\/www.institutodeengenharia.org.br\/site\/#organization"},"potentialAction":[{"@type":"SearchAction","target":{"@type":"EntryPoint","urlTemplate":"https:\/\/www.institutodeengenharia.org.br\/site\/?s={search_term_string}"},"query-input":{"@type":"PropertyValueSpecification","valueRequired":true,"valueName":"search_term_string"}}],"inLanguage":"pt-BR"},{"@type":"Organization","@id":"https:\/\/www.institutodeengenharia.org.br\/site\/#organization","name":"Instituto de Engenharia","url":"https:\/\/www.institutodeengenharia.org.br\/site\/","logo":{"@type":"ImageObject","inLanguage":"pt-BR","@id":"https:\/\/www.institutodeengenharia.org.br\/site\/#\/schema\/logo\/image\/","url":"https:\/\/www.institutodeengenharia.org.br\/site\/wp-content\/uploads\/2019\/03\/logo-novo-IE2018-1.jpg","contentUrl":"https:\/\/www.institutodeengenharia.org.br\/site\/wp-content\/uploads\/2019\/03\/logo-novo-IE2018-1.jpg","width":1486,"height":1879,"caption":"Instituto de Engenharia"},"image":{"@id":"https:\/\/www.institutodeengenharia.org.br\/site\/#\/schema\/logo\/image\/"},"sameAs":["https:\/\/www.facebook.com\/institutodeengenharia","https:\/\/x.com\/iengenharia","https:\/\/www.instagram.com\/institutodeengenharia\/","https:\/\/www.linkedin.com\/company\/instituto-de-engenharia\/","https:\/\/www.youtube.com\/channel\/UCXiCAlsSMe977vamW915HxA"]},{"@type":"Person","@id":"https:\/\/www.institutodeengenharia.org.br\/site\/#\/schema\/person\/aeb64951c405e100d26d30b033dd423f","name":"Bianca","image":{"@type":"ImageObject","inLanguage":"pt-BR","@id":"https:\/\/secure.gravatar.com\/avatar\/a6fbe9bff57405baf4c1e2c5c1811e072b558253974a9f9508f4678900c97c2a?s=96&d=mm&r=g","url":"https:\/\/secure.gravatar.com\/avatar\/a6fbe9bff57405baf4c1e2c5c1811e072b558253974a9f9508f4678900c97c2a?s=96&d=mm&r=g","contentUrl":"https:\/\/secure.gravatar.com\/avatar\/a6fbe9bff57405baf4c1e2c5c1811e072b558253974a9f9508f4678900c97c2a?s=96&d=mm&r=g","caption":"Bianca"},"url":"https:\/\/www.institutodeengenharia.org.br\/site\/author\/comunicacao1\/"}]}},"_links":{"self":[{"href":"https:\/\/www.institutodeengenharia.org.br\/site\/wp-json\/wp\/v2\/posts\/105055","targetHints":{"allow":["GET"]}}],"collection":[{"href":"https:\/\/www.institutodeengenharia.org.br\/site\/wp-json\/wp\/v2\/posts"}],"about":[{"href":"https:\/\/www.institutodeengenharia.org.br\/site\/wp-json\/wp\/v2\/types\/post"}],"author":[{"embeddable":true,"href":"https:\/\/www.institutodeengenharia.org.br\/site\/wp-json\/wp\/v2\/users\/13"}],"replies":[{"embeddable":true,"href":"https:\/\/www.institutodeengenharia.org.br\/site\/wp-json\/wp\/v2\/comments?post=105055"}],"version-history":[{"count":3,"href":"https:\/\/www.institutodeengenharia.org.br\/site\/wp-json\/wp\/v2\/posts\/105055\/revisions"}],"predecessor-version":[{"id":106210,"href":"https:\/\/www.institutodeengenharia.org.br\/site\/wp-json\/wp\/v2\/posts\/105055\/revisions\/106210"}],"wp:featuredmedia":[{"embeddable":true,"href":"https:\/\/www.institutodeengenharia.org.br\/site\/wp-json\/wp\/v2\/media\/105056"}],"wp:attachment":[{"href":"https:\/\/www.institutodeengenharia.org.br\/site\/wp-json\/wp\/v2\/media?parent=105055"}],"wp:term":[{"taxonomy":"category","embeddable":true,"href":"https:\/\/www.institutodeengenharia.org.br\/site\/wp-json\/wp\/v2\/categories?post=105055"},{"taxonomy":"post_tag","embeddable":true,"href":"https:\/\/www.institutodeengenharia.org.br\/site\/wp-json\/wp\/v2\/tags?post=105055"}],"curies":[{"name":"wp","href":"https:\/\/api.w.org\/{rel}","templated":true}]}}