{"id":104994,"date":"2023-04-28T10:47:49","date_gmt":"2023-04-28T13:47:49","guid":{"rendered":"https:\/\/www.institutodeengenharia.org.br\/site\/?p=104994"},"modified":"2023-04-28T10:51:11","modified_gmt":"2023-04-28T13:51:11","slug":"intervencoes-e-ampliacao-do-museu-do-ipiranga","status":"publish","type":"post","link":"https:\/\/www.institutodeengenharia.org.br\/site\/2023\/04\/28\/intervencoes-e-ampliacao-do-museu-do-ipiranga\/","title":{"rendered":"Interven\u00e7\u00f5es e amplia\u00e7\u00e3o do Museu do Ipiranga"},"content":{"rendered":"<p><strong>Assista abaixo \u00e0 grava\u00e7\u00e3o do evento:\u00a0<\/strong><\/p>\n<div style=\"padding: 56.25% 0 0 0; position: relative;\"><iframe style=\"position: absolute; top: 0; left: 0; width: 100%; height: 100%;\" title=\"Interven&amp;ccedil;&amp;otilde;es e Amplia&amp;ccedil;&amp;atilde;o do Museu do Ipiranga\" src=\"https:\/\/player.vimeo.com\/video\/821694186?h=c4cd09c127&amp;badge=0&amp;autopause=0&amp;player_id=0&amp;app_id=58479\" frameborder=\"0\" allowfullscreen=\"allowfullscreen\"><\/iframe><\/div>\n<p><script src=\"https:\/\/player.vimeo.com\/api\/player.js\"><\/script> <strong>+ Informa\u00e7\u00f5es:<\/strong><\/p>\n<ul>\n<li>Museu paulista, interven\u00e7\u00e3o e amplia\u00e7\u00e3o;<\/li>\n<li>Projeto estrutural e executivo.<\/li>\n<\/ul>\n<p><strong>P\u00fablico-alvo:<\/strong><\/p>\n<p>Estudantes de engenharia e engenheiros.<\/p>\n<p><strong>Realiza\u00e7\u00e3o:<\/strong><\/p>\n<p><img loading=\"lazy\" decoding=\"async\" class=\"alignnone wp-image-86938 alignleft\" src=\"https:\/\/www.institutodeengenharia.org.br\/site\/wp-content\/uploads\/2021\/10\/logo-news2.png\" alt=\"\" width=\"95\" height=\"137\" srcset=\"https:\/\/www.institutodeengenharia.org.br\/site\/wp-content\/uploads\/2021\/10\/logo-news2.png 553w, https:\/\/www.institutodeengenharia.org.br\/site\/wp-content\/uploads\/2021\/10\/logo-news2-207x300.png 207w, https:\/\/www.institutodeengenharia.org.br\/site\/wp-content\/uploads\/2021\/10\/logo-news2-290x420.png 290w\" sizes=\"auto, (max-width: 95px) 100vw, 95px\" \/><\/p>\n<p><strong>Eng. Ivan Metran Whately \u2013\u00a0\u00a0<\/strong>Vice-Presidente de Atividades T\u00e9cnicas<\/p>\n<p><strong>Eng. Francisco Jos\u00e9 Pereira de Oliveira<\/strong>\u00a0\u2013 Diretor do Departamento de Desenvolvimento de Projeto e Servi\u00e7os de Infraestrutura<\/p>\n<p><strong>Eng. Rafael Timerman<\/strong>\u00a0\u2013 Coordenador da Divis\u00e3o T\u00e9cnica de Estruturas e Controle Tecnol\u00f3gico<\/p>\n<p><strong>Correaliza\u00e7\u00e3o:<\/strong><\/p>\n<p><img loading=\"lazy\" decoding=\"async\" class=\"alignnone wp-image-71932\" src=\"https:\/\/www.institutodeengenharia.org.br\/site\/wp-content\/uploads\/2020\/10\/ABECE.jpg\" alt=\"\" width=\"147\" height=\"91\" srcset=\"https:\/\/www.institutodeengenharia.org.br\/site\/wp-content\/uploads\/2020\/10\/ABECE.jpg 306w, https:\/\/www.institutodeengenharia.org.br\/site\/wp-content\/uploads\/2020\/10\/ABECE-300x186.jpg 300w\" sizes=\"auto, (max-width: 147px) 100vw, 147px\" \/><img loading=\"lazy\" decoding=\"async\" class=\"alignnone wp-image-91962\" src=\"https:\/\/www.institutodeengenharia.org.br\/site\/wp-content\/uploads\/2022\/04\/IBRACON-50-anos.png\" alt=\"\" width=\"101\" height=\"101\" srcset=\"https:\/\/www.institutodeengenharia.org.br\/site\/wp-content\/uploads\/2022\/04\/IBRACON-50-anos.png 720w, https:\/\/www.institutodeengenharia.org.br\/site\/wp-content\/uploads\/2022\/04\/IBRACON-50-anos-300x300.png 300w, https:\/\/www.institutodeengenharia.org.br\/site\/wp-content\/uploads\/2022\/04\/IBRACON-50-anos-150x150.png 150w, https:\/\/www.institutodeengenharia.org.br\/site\/wp-content\/uploads\/2022\/04\/IBRACON-50-anos-696x697.png 696w, https:\/\/www.institutodeengenharia.org.br\/site\/wp-content\/uploads\/2022\/04\/IBRACON-50-anos-419x420.png 419w, https:\/\/www.institutodeengenharia.org.br\/site\/wp-content\/uploads\/2022\/04\/IBRACON-50-anos-600x601.png 600w, https:\/\/www.institutodeengenharia.org.br\/site\/wp-content\/uploads\/2022\/04\/IBRACON-50-anos-100x100.png 100w\" sizes=\"auto, (max-width: 101px) 100vw, 101px\" \/><\/p>\n<p><strong>Apoio Institucional:<\/strong><\/p>\n<p><img loading=\"lazy\" decoding=\"async\" class=\"alignnone wp-image-77696 td-animation-stack-type0-2 td-animation-stack-type0-1\" src=\"https:\/\/www.institutodeengenharia.org.br\/site\/wp-content\/uploads\/2021\/02\/crea.jpg\" alt=\"\" width=\"140\" height=\"98\" srcset=\"https:\/\/www.institutodeengenharia.org.br\/site\/wp-content\/uploads\/2021\/02\/crea.jpg 448w, https:\/\/www.institutodeengenharia.org.br\/site\/wp-content\/uploads\/2021\/02\/crea-300x211.jpg 300w, https:\/\/www.institutodeengenharia.org.br\/site\/wp-content\/uploads\/2021\/02\/crea-100x70.jpg 100w\" sizes=\"auto, (max-width: 140px) 100vw, 140px\" \/><\/p>\n<p><strong>Apoio \u00e0 forma\u00e7\u00e3o:\u00a0<\/strong><\/p>\n<p>Espa\u00e7o aberto ao CREA-SP, objetivando o aperfei\u00e7oamento dos profissionais e o aprimoramento da fiscaliza\u00e7\u00e3o das \u00e1reas abrangidas pelo Sistema Confea\/CREAs, al\u00e9m de promover a conscientiza\u00e7\u00e3o da sociedade quanto \u00e0 necessidade e obrigatoriedade de contratar um profissional devidamente habilitado.<\/p>\n","protected":false},"excerpt":{"rendered":"<p>Assista abaixo \u00e0 grava\u00e7\u00e3o do evento:\u00a0 + Informa\u00e7\u00f5es: Museu paulista, interven\u00e7\u00e3o e amplia\u00e7\u00e3o; Projeto estrutural e executivo. P\u00fablico-alvo: Estudantes de engenharia e engenheiros. Realiza\u00e7\u00e3o: Eng. Ivan Metran Whately \u2013\u00a0\u00a0Vice-Presidente de Atividades T\u00e9cnicas Eng. Francisco Jos\u00e9 Pereira de Oliveira\u00a0\u2013 Diretor do Departamento de Desenvolvimento de Projeto e Servi\u00e7os de Infraestrutura Eng. Rafael Timerman\u00a0\u2013 Coordenador da Divis\u00e3o [&hellip;]<\/p>\n","protected":false},"author":13,"featured_media":103436,"comment_status":"open","ping_status":"open","sticky":false,"template":"","format":"video","meta":{"footnotes":""},"categories":[968,969],"tags":[1176],"class_list":{"0":"post-104994","1":"post","2":"type-post","3":"status-publish","4":"format-video","5":"has-post-thumbnail","7":"category-nova-tv-engenharia","8":"category-palestra","9":"tag-video-home","10":"post_format-post-format-video"},"yoast_head":"<!-- This site is optimized with the Yoast SEO plugin v27.2 - https:\/\/yoast.com\/product\/yoast-seo-wordpress\/ -->\n<title>Interven\u00e7\u00f5es e amplia\u00e7\u00e3o do Museu do Ipiranga - Instituto de Engenharia<\/title>\n<meta name=\"robots\" content=\"index, follow, max-snippet:-1, max-image-preview:large, max-video-preview:-1\" \/>\n<link rel=\"canonical\" href=\"https:\/\/www.institutodeengenharia.org.br\/site\/2023\/04\/28\/intervencoes-e-ampliacao-do-museu-do-ipiranga\/\" \/>\n<meta property=\"og:locale\" content=\"pt_BR\" \/>\n<meta property=\"og:type\" content=\"article\" \/>\n<meta property=\"og:title\" content=\"Interven\u00e7\u00f5es e amplia\u00e7\u00e3o do Museu do Ipiranga\" \/>\n<meta property=\"og:description\" content=\"Museu paulista, interven\u00e7\u00e3o e amplia\u00e7\u00e3o; Projeto estrutural e executivo.\" \/>\n<meta property=\"og:url\" content=\"https:\/\/www.institutodeengenharia.org.br\/site\/2023\/04\/28\/intervencoes-e-ampliacao-do-museu-do-ipiranga\/\" \/>\n<meta property=\"og:site_name\" content=\"Instituto de Engenharia\" \/>\n<meta property=\"article:publisher\" content=\"https:\/\/www.facebook.com\/institutodeengenharia\" \/>\n<meta property=\"article:published_time\" content=\"2023-04-28T13:47:49+00:00\" \/>\n<meta property=\"article:modified_time\" content=\"2023-04-28T13:51:11+00:00\" \/>\n<meta property=\"og:image\" content=\"https:\/\/www.institutodeengenharia.org.br\/site\/wp-content\/uploads\/2023\/03\/Design-sem-nome-2023-03-21T115301.753.png\" \/>\n\t<meta property=\"og:image:width\" content=\"1920\" \/>\n\t<meta property=\"og:image:height\" content=\"1080\" \/>\n\t<meta property=\"og:image:type\" content=\"image\/png\" \/>\n<meta name=\"author\" content=\"Bianca\" \/>\n<meta name=\"twitter:card\" content=\"summary_large_image\" \/>\n<meta name=\"twitter:title\" content=\"Interven\u00e7\u00f5es e amplia\u00e7\u00e3o do Museu do Ipiranga\" \/>\n<meta name=\"twitter:description\" content=\"Museu paulista, interven\u00e7\u00e3o e amplia\u00e7\u00e3o; Projeto estrutural e executivo.\" \/>\n<meta name=\"twitter:image\" content=\"https:\/\/www.institutodeengenharia.org.br\/site\/wp-content\/uploads\/2023\/03\/Design-sem-nome-2023-03-21T115301.753.png\" \/>\n<meta name=\"twitter:creator\" content=\"@iengenharia\" \/>\n<meta name=\"twitter:site\" content=\"@iengenharia\" \/>\n<meta name=\"twitter:label1\" content=\"Escrito por\" \/>\n\t<meta name=\"twitter:data1\" content=\"Bianca\" \/>\n\t<meta name=\"twitter:label2\" content=\"Est. tempo de leitura\" \/>\n\t<meta name=\"twitter:data2\" content=\"2 minutos\" \/>\n<script type=\"application\/ld+json\" class=\"yoast-schema-graph\">{\"@context\":\"https:\/\/schema.org\",\"@graph\":[{\"@type\":\"Article\",\"@id\":\"https:\/\/www.institutodeengenharia.org.br\/site\/2023\/04\/28\/intervencoes-e-ampliacao-do-museu-do-ipiranga\/#article\",\"isPartOf\":{\"@id\":\"https:\/\/www.institutodeengenharia.org.br\/site\/2023\/04\/28\/intervencoes-e-ampliacao-do-museu-do-ipiranga\/\"},\"author\":{\"name\":\"Bianca\",\"@id\":\"https:\/\/www.institutodeengenharia.org.br\/site\/#\/schema\/person\/aeb64951c405e100d26d30b033dd423f\"},\"headline\":\"Interven\u00e7\u00f5es e amplia\u00e7\u00e3o do Museu do Ipiranga\",\"datePublished\":\"2023-04-28T13:47:49+00:00\",\"dateModified\":\"2023-04-28T13:51:11+00:00\",\"mainEntityOfPage\":{\"@id\":\"https:\/\/www.institutodeengenharia.org.br\/site\/2023\/04\/28\/intervencoes-e-ampliacao-do-museu-do-ipiranga\/\"},\"wordCount\":129,\"commentCount\":0,\"publisher\":{\"@id\":\"https:\/\/www.institutodeengenharia.org.br\/site\/#organization\"},\"image\":{\"@id\":\"https:\/\/www.institutodeengenharia.org.br\/site\/2023\/04\/28\/intervencoes-e-ampliacao-do-museu-do-ipiranga\/#primaryimage\"},\"thumbnailUrl\":\"https:\/\/www.institutodeengenharia.org.br\/site\/wp-content\/uploads\/2023\/03\/Design-sem-nome-2023-03-21T115301.753.png\",\"keywords\":[\"video-home\"],\"articleSection\":[\"Nova TV Engenharia\",\"Palestra\"],\"inLanguage\":\"pt-BR\",\"potentialAction\":[{\"@type\":\"CommentAction\",\"name\":\"Comment\",\"target\":[\"https:\/\/www.institutodeengenharia.org.br\/site\/2023\/04\/28\/intervencoes-e-ampliacao-do-museu-do-ipiranga\/#respond\"]}]},{\"@type\":\"WebPage\",\"@id\":\"https:\/\/www.institutodeengenharia.org.br\/site\/2023\/04\/28\/intervencoes-e-ampliacao-do-museu-do-ipiranga\/\",\"url\":\"https:\/\/www.institutodeengenharia.org.br\/site\/2023\/04\/28\/intervencoes-e-ampliacao-do-museu-do-ipiranga\/\",\"name\":\"Interven\u00e7\u00f5es e amplia\u00e7\u00e3o do Museu do Ipiranga - Instituto de Engenharia\",\"isPartOf\":{\"@id\":\"https:\/\/www.institutodeengenharia.org.br\/site\/#website\"},\"primaryImageOfPage\":{\"@id\":\"https:\/\/www.institutodeengenharia.org.br\/site\/2023\/04\/28\/intervencoes-e-ampliacao-do-museu-do-ipiranga\/#primaryimage\"},\"image\":{\"@id\":\"https:\/\/www.institutodeengenharia.org.br\/site\/2023\/04\/28\/intervencoes-e-ampliacao-do-museu-do-ipiranga\/#primaryimage\"},\"thumbnailUrl\":\"https:\/\/www.institutodeengenharia.org.br\/site\/wp-content\/uploads\/2023\/03\/Design-sem-nome-2023-03-21T115301.753.png\",\"datePublished\":\"2023-04-28T13:47:49+00:00\",\"dateModified\":\"2023-04-28T13:51:11+00:00\",\"breadcrumb\":{\"@id\":\"https:\/\/www.institutodeengenharia.org.br\/site\/2023\/04\/28\/intervencoes-e-ampliacao-do-museu-do-ipiranga\/#breadcrumb\"},\"inLanguage\":\"pt-BR\",\"potentialAction\":[{\"@type\":\"ReadAction\",\"target\":[\"https:\/\/www.institutodeengenharia.org.br\/site\/2023\/04\/28\/intervencoes-e-ampliacao-do-museu-do-ipiranga\/\"]}]},{\"@type\":\"ImageObject\",\"inLanguage\":\"pt-BR\",\"@id\":\"https:\/\/www.institutodeengenharia.org.br\/site\/2023\/04\/28\/intervencoes-e-ampliacao-do-museu-do-ipiranga\/#primaryimage\",\"url\":\"https:\/\/www.institutodeengenharia.org.br\/site\/wp-content\/uploads\/2023\/03\/Design-sem-nome-2023-03-21T115301.753.png\",\"contentUrl\":\"https:\/\/www.institutodeengenharia.org.br\/site\/wp-content\/uploads\/2023\/03\/Design-sem-nome-2023-03-21T115301.753.png\",\"width\":1920,\"height\":1080},{\"@type\":\"BreadcrumbList\",\"@id\":\"https:\/\/www.institutodeengenharia.org.br\/site\/2023\/04\/28\/intervencoes-e-ampliacao-do-museu-do-ipiranga\/#breadcrumb\",\"itemListElement\":[{\"@type\":\"ListItem\",\"position\":1,\"name\":\"In\u00edcio\",\"item\":\"https:\/\/www.institutodeengenharia.org.br\/site\/\"},{\"@type\":\"ListItem\",\"position\":2,\"name\":\"Interven\u00e7\u00f5es e amplia\u00e7\u00e3o do Museu do Ipiranga\"}]},{\"@type\":\"WebSite\",\"@id\":\"https:\/\/www.institutodeengenharia.org.br\/site\/#website\",\"url\":\"https:\/\/www.institutodeengenharia.org.br\/site\/\",\"name\":\"Instituto de Engenharia\",\"description\":\"O Instituto de Engenharia promove a Engenharia em benef\u00edcio do desenvolvimento e da qualidade de vida da sociedade.\",\"publisher\":{\"@id\":\"https:\/\/www.institutodeengenharia.org.br\/site\/#organization\"},\"potentialAction\":[{\"@type\":\"SearchAction\",\"target\":{\"@type\":\"EntryPoint\",\"urlTemplate\":\"https:\/\/www.institutodeengenharia.org.br\/site\/?s={search_term_string}\"},\"query-input\":{\"@type\":\"PropertyValueSpecification\",\"valueRequired\":true,\"valueName\":\"search_term_string\"}}],\"inLanguage\":\"pt-BR\"},{\"@type\":\"Organization\",\"@id\":\"https:\/\/www.institutodeengenharia.org.br\/site\/#organization\",\"name\":\"Instituto de Engenharia\",\"url\":\"https:\/\/www.institutodeengenharia.org.br\/site\/\",\"logo\":{\"@type\":\"ImageObject\",\"inLanguage\":\"pt-BR\",\"@id\":\"https:\/\/www.institutodeengenharia.org.br\/site\/#\/schema\/logo\/image\/\",\"url\":\"https:\/\/www.institutodeengenharia.org.br\/site\/wp-content\/uploads\/2019\/03\/logo-novo-IE2018-1.jpg\",\"contentUrl\":\"https:\/\/www.institutodeengenharia.org.br\/site\/wp-content\/uploads\/2019\/03\/logo-novo-IE2018-1.jpg\",\"width\":1486,\"height\":1879,\"caption\":\"Instituto de Engenharia\"},\"image\":{\"@id\":\"https:\/\/www.institutodeengenharia.org.br\/site\/#\/schema\/logo\/image\/\"},\"sameAs\":[\"https:\/\/www.facebook.com\/institutodeengenharia\",\"https:\/\/x.com\/iengenharia\",\"https:\/\/www.instagram.com\/institutodeengenharia\/\",\"https:\/\/www.linkedin.com\/company\/instituto-de-engenharia\/\",\"https:\/\/www.youtube.com\/channel\/UCXiCAlsSMe977vamW915HxA\"]},{\"@type\":\"Person\",\"@id\":\"https:\/\/www.institutodeengenharia.org.br\/site\/#\/schema\/person\/aeb64951c405e100d26d30b033dd423f\",\"name\":\"Bianca\",\"image\":{\"@type\":\"ImageObject\",\"inLanguage\":\"pt-BR\",\"@id\":\"https:\/\/secure.gravatar.com\/avatar\/a6fbe9bff57405baf4c1e2c5c1811e072b558253974a9f9508f4678900c97c2a?s=96&d=mm&r=g\",\"url\":\"https:\/\/secure.gravatar.com\/avatar\/a6fbe9bff57405baf4c1e2c5c1811e072b558253974a9f9508f4678900c97c2a?s=96&d=mm&r=g\",\"contentUrl\":\"https:\/\/secure.gravatar.com\/avatar\/a6fbe9bff57405baf4c1e2c5c1811e072b558253974a9f9508f4678900c97c2a?s=96&d=mm&r=g\",\"caption\":\"Bianca\"},\"url\":\"https:\/\/www.institutodeengenharia.org.br\/site\/author\/comunicacao1\/\"}]}<\/script>\n<!-- \/ Yoast SEO plugin. -->","yoast_head_json":{"title":"Interven\u00e7\u00f5es e amplia\u00e7\u00e3o do Museu do Ipiranga - Instituto de Engenharia","robots":{"index":"index","follow":"follow","max-snippet":"max-snippet:-1","max-image-preview":"max-image-preview:large","max-video-preview":"max-video-preview:-1"},"canonical":"https:\/\/www.institutodeengenharia.org.br\/site\/2023\/04\/28\/intervencoes-e-ampliacao-do-museu-do-ipiranga\/","og_locale":"pt_BR","og_type":"article","og_title":"Interven\u00e7\u00f5es e amplia\u00e7\u00e3o do Museu do Ipiranga","og_description":"Museu paulista, interven\u00e7\u00e3o e amplia\u00e7\u00e3o; Projeto estrutural e executivo.","og_url":"https:\/\/www.institutodeengenharia.org.br\/site\/2023\/04\/28\/intervencoes-e-ampliacao-do-museu-do-ipiranga\/","og_site_name":"Instituto de Engenharia","article_publisher":"https:\/\/www.facebook.com\/institutodeengenharia","article_published_time":"2023-04-28T13:47:49+00:00","article_modified_time":"2023-04-28T13:51:11+00:00","og_image":[{"width":1920,"height":1080,"url":"https:\/\/www.institutodeengenharia.org.br\/site\/wp-content\/uploads\/2023\/03\/Design-sem-nome-2023-03-21T115301.753.png","type":"image\/png"}],"author":"Bianca","twitter_card":"summary_large_image","twitter_title":"Interven\u00e7\u00f5es e amplia\u00e7\u00e3o do Museu do Ipiranga","twitter_description":"Museu paulista, interven\u00e7\u00e3o e amplia\u00e7\u00e3o; Projeto estrutural e executivo.","twitter_image":"https:\/\/www.institutodeengenharia.org.br\/site\/wp-content\/uploads\/2023\/03\/Design-sem-nome-2023-03-21T115301.753.png","twitter_creator":"@iengenharia","twitter_site":"@iengenharia","twitter_misc":{"Escrito por":"Bianca","Est. tempo de leitura":"2 minutos"},"schema":{"@context":"https:\/\/schema.org","@graph":[{"@type":"Article","@id":"https:\/\/www.institutodeengenharia.org.br\/site\/2023\/04\/28\/intervencoes-e-ampliacao-do-museu-do-ipiranga\/#article","isPartOf":{"@id":"https:\/\/www.institutodeengenharia.org.br\/site\/2023\/04\/28\/intervencoes-e-ampliacao-do-museu-do-ipiranga\/"},"author":{"name":"Bianca","@id":"https:\/\/www.institutodeengenharia.org.br\/site\/#\/schema\/person\/aeb64951c405e100d26d30b033dd423f"},"headline":"Interven\u00e7\u00f5es e amplia\u00e7\u00e3o do Museu do Ipiranga","datePublished":"2023-04-28T13:47:49+00:00","dateModified":"2023-04-28T13:51:11+00:00","mainEntityOfPage":{"@id":"https:\/\/www.institutodeengenharia.org.br\/site\/2023\/04\/28\/intervencoes-e-ampliacao-do-museu-do-ipiranga\/"},"wordCount":129,"commentCount":0,"publisher":{"@id":"https:\/\/www.institutodeengenharia.org.br\/site\/#organization"},"image":{"@id":"https:\/\/www.institutodeengenharia.org.br\/site\/2023\/04\/28\/intervencoes-e-ampliacao-do-museu-do-ipiranga\/#primaryimage"},"thumbnailUrl":"https:\/\/www.institutodeengenharia.org.br\/site\/wp-content\/uploads\/2023\/03\/Design-sem-nome-2023-03-21T115301.753.png","keywords":["video-home"],"articleSection":["Nova TV Engenharia","Palestra"],"inLanguage":"pt-BR","potentialAction":[{"@type":"CommentAction","name":"Comment","target":["https:\/\/www.institutodeengenharia.org.br\/site\/2023\/04\/28\/intervencoes-e-ampliacao-do-museu-do-ipiranga\/#respond"]}]},{"@type":"WebPage","@id":"https:\/\/www.institutodeengenharia.org.br\/site\/2023\/04\/28\/intervencoes-e-ampliacao-do-museu-do-ipiranga\/","url":"https:\/\/www.institutodeengenharia.org.br\/site\/2023\/04\/28\/intervencoes-e-ampliacao-do-museu-do-ipiranga\/","name":"Interven\u00e7\u00f5es e amplia\u00e7\u00e3o do Museu do Ipiranga - Instituto de Engenharia","isPartOf":{"@id":"https:\/\/www.institutodeengenharia.org.br\/site\/#website"},"primaryImageOfPage":{"@id":"https:\/\/www.institutodeengenharia.org.br\/site\/2023\/04\/28\/intervencoes-e-ampliacao-do-museu-do-ipiranga\/#primaryimage"},"image":{"@id":"https:\/\/www.institutodeengenharia.org.br\/site\/2023\/04\/28\/intervencoes-e-ampliacao-do-museu-do-ipiranga\/#primaryimage"},"thumbnailUrl":"https:\/\/www.institutodeengenharia.org.br\/site\/wp-content\/uploads\/2023\/03\/Design-sem-nome-2023-03-21T115301.753.png","datePublished":"2023-04-28T13:47:49+00:00","dateModified":"2023-04-28T13:51:11+00:00","breadcrumb":{"@id":"https:\/\/www.institutodeengenharia.org.br\/site\/2023\/04\/28\/intervencoes-e-ampliacao-do-museu-do-ipiranga\/#breadcrumb"},"inLanguage":"pt-BR","potentialAction":[{"@type":"ReadAction","target":["https:\/\/www.institutodeengenharia.org.br\/site\/2023\/04\/28\/intervencoes-e-ampliacao-do-museu-do-ipiranga\/"]}]},{"@type":"ImageObject","inLanguage":"pt-BR","@id":"https:\/\/www.institutodeengenharia.org.br\/site\/2023\/04\/28\/intervencoes-e-ampliacao-do-museu-do-ipiranga\/#primaryimage","url":"https:\/\/www.institutodeengenharia.org.br\/site\/wp-content\/uploads\/2023\/03\/Design-sem-nome-2023-03-21T115301.753.png","contentUrl":"https:\/\/www.institutodeengenharia.org.br\/site\/wp-content\/uploads\/2023\/03\/Design-sem-nome-2023-03-21T115301.753.png","width":1920,"height":1080},{"@type":"BreadcrumbList","@id":"https:\/\/www.institutodeengenharia.org.br\/site\/2023\/04\/28\/intervencoes-e-ampliacao-do-museu-do-ipiranga\/#breadcrumb","itemListElement":[{"@type":"ListItem","position":1,"name":"In\u00edcio","item":"https:\/\/www.institutodeengenharia.org.br\/site\/"},{"@type":"ListItem","position":2,"name":"Interven\u00e7\u00f5es e amplia\u00e7\u00e3o do Museu do Ipiranga"}]},{"@type":"WebSite","@id":"https:\/\/www.institutodeengenharia.org.br\/site\/#website","url":"https:\/\/www.institutodeengenharia.org.br\/site\/","name":"Instituto de Engenharia","description":"O Instituto de Engenharia promove a Engenharia em benef\u00edcio do desenvolvimento e da qualidade de vida da sociedade.","publisher":{"@id":"https:\/\/www.institutodeengenharia.org.br\/site\/#organization"},"potentialAction":[{"@type":"SearchAction","target":{"@type":"EntryPoint","urlTemplate":"https:\/\/www.institutodeengenharia.org.br\/site\/?s={search_term_string}"},"query-input":{"@type":"PropertyValueSpecification","valueRequired":true,"valueName":"search_term_string"}}],"inLanguage":"pt-BR"},{"@type":"Organization","@id":"https:\/\/www.institutodeengenharia.org.br\/site\/#organization","name":"Instituto de Engenharia","url":"https:\/\/www.institutodeengenharia.org.br\/site\/","logo":{"@type":"ImageObject","inLanguage":"pt-BR","@id":"https:\/\/www.institutodeengenharia.org.br\/site\/#\/schema\/logo\/image\/","url":"https:\/\/www.institutodeengenharia.org.br\/site\/wp-content\/uploads\/2019\/03\/logo-novo-IE2018-1.jpg","contentUrl":"https:\/\/www.institutodeengenharia.org.br\/site\/wp-content\/uploads\/2019\/03\/logo-novo-IE2018-1.jpg","width":1486,"height":1879,"caption":"Instituto de Engenharia"},"image":{"@id":"https:\/\/www.institutodeengenharia.org.br\/site\/#\/schema\/logo\/image\/"},"sameAs":["https:\/\/www.facebook.com\/institutodeengenharia","https:\/\/x.com\/iengenharia","https:\/\/www.instagram.com\/institutodeengenharia\/","https:\/\/www.linkedin.com\/company\/instituto-de-engenharia\/","https:\/\/www.youtube.com\/channel\/UCXiCAlsSMe977vamW915HxA"]},{"@type":"Person","@id":"https:\/\/www.institutodeengenharia.org.br\/site\/#\/schema\/person\/aeb64951c405e100d26d30b033dd423f","name":"Bianca","image":{"@type":"ImageObject","inLanguage":"pt-BR","@id":"https:\/\/secure.gravatar.com\/avatar\/a6fbe9bff57405baf4c1e2c5c1811e072b558253974a9f9508f4678900c97c2a?s=96&d=mm&r=g","url":"https:\/\/secure.gravatar.com\/avatar\/a6fbe9bff57405baf4c1e2c5c1811e072b558253974a9f9508f4678900c97c2a?s=96&d=mm&r=g","contentUrl":"https:\/\/secure.gravatar.com\/avatar\/a6fbe9bff57405baf4c1e2c5c1811e072b558253974a9f9508f4678900c97c2a?s=96&d=mm&r=g","caption":"Bianca"},"url":"https:\/\/www.institutodeengenharia.org.br\/site\/author\/comunicacao1\/"}]}},"_links":{"self":[{"href":"https:\/\/www.institutodeengenharia.org.br\/site\/wp-json\/wp\/v2\/posts\/104994","targetHints":{"allow":["GET"]}}],"collection":[{"href":"https:\/\/www.institutodeengenharia.org.br\/site\/wp-json\/wp\/v2\/posts"}],"about":[{"href":"https:\/\/www.institutodeengenharia.org.br\/site\/wp-json\/wp\/v2\/types\/post"}],"author":[{"embeddable":true,"href":"https:\/\/www.institutodeengenharia.org.br\/site\/wp-json\/wp\/v2\/users\/13"}],"replies":[{"embeddable":true,"href":"https:\/\/www.institutodeengenharia.org.br\/site\/wp-json\/wp\/v2\/comments?post=104994"}],"version-history":[{"count":1,"href":"https:\/\/www.institutodeengenharia.org.br\/site\/wp-json\/wp\/v2\/posts\/104994\/revisions"}],"predecessor-version":[{"id":104995,"href":"https:\/\/www.institutodeengenharia.org.br\/site\/wp-json\/wp\/v2\/posts\/104994\/revisions\/104995"}],"wp:featuredmedia":[{"embeddable":true,"href":"https:\/\/www.institutodeengenharia.org.br\/site\/wp-json\/wp\/v2\/media\/103436"}],"wp:attachment":[{"href":"https:\/\/www.institutodeengenharia.org.br\/site\/wp-json\/wp\/v2\/media?parent=104994"}],"wp:term":[{"taxonomy":"category","embeddable":true,"href":"https:\/\/www.institutodeengenharia.org.br\/site\/wp-json\/wp\/v2\/categories?post=104994"},{"taxonomy":"post_tag","embeddable":true,"href":"https:\/\/www.institutodeengenharia.org.br\/site\/wp-json\/wp\/v2\/tags?post=104994"}],"curies":[{"name":"wp","href":"https:\/\/api.w.org\/{rel}","templated":true}]}}