{"id":104827,"date":"2023-04-25T11:08:11","date_gmt":"2023-04-25T14:08:11","guid":{"rendered":"https:\/\/www.institutodeengenharia.org.br\/site\/?p=104827"},"modified":"2023-04-25T11:21:27","modified_gmt":"2023-04-25T14:21:27","slug":"50-anos-do-tratado-de-itaipu","status":"publish","type":"post","link":"https:\/\/www.institutodeengenharia.org.br\/site\/2023\/04\/25\/50-anos-do-tratado-de-itaipu\/","title":{"rendered":"50 anos do tratado de Itaipu"},"content":{"rendered":"<p>O anivers\u00e1rio de 50 anos da assinatura do tratado entre Brasil e Paraguai para a constru\u00e7\u00e3o e a opera\u00e7\u00e3o da usina binacional de Itaipu, no Rio Paran\u00e1, nesta quarta-feira (26), marca dois momentos hist\u00f3ricos, afirmam especialistas.<\/p>\n<p>Olhando para tr\u00e1s, o tratado referenda o que setor de energia qualifica como\u00a0triunfo da &#8220;engenharia diplom\u00e1tica&#8221;.\u00a0Olhando para frente, marca outra negocia\u00e7\u00e3o, a do in\u00edcio da revis\u00e3o das bases financeiras da usina e, consequentemente, do pre\u00e7o da energia.<\/p>\n<p><a href=\"https:\/\/www.itaipu.gov.br\/sites\/default\/files\/u13\/tratadoitaipu.pdf\">O tratado tem 25 artigos\u00a0<\/a>e conta com tr\u00eas anexos que detalham quest\u00f5es espec\u00edficas. O anexo A traz o estatuto da entidade binacional Itaipu. O anexo B trata das instala\u00e7\u00f5es destinadas \u00e0 produ\u00e7\u00e3o de energia. O anexo C traz as\u00a0bases financeiras e de presta\u00e7\u00e3o dos servi\u00e7os.<\/p>\n<div class=\"c-advertising c-advertising--300x250 u-hidden-xs rs_skip\">\n<div id=\"banner-300x250-area-materia\" class=\"c-advertising__banner-area\">Foi acordado entre as partes que o anexo C pode ser revisto quando a d\u00edvida for quitada, o que ocorreu em fevereiro deste ano. Como o Brasil acaba de empossar um novo governo e o Paraguai define o novo presidente em 30 de abril, a negocia\u00e7\u00e3o hist\u00f3rica tende a ficar para o segundo semestre. Por\u00e9m, j\u00e1 \u00e9 identificada como sens\u00edvel.<\/div>\n<\/div>\n<p>&#8220;Itaipu \u00e9 uma empresa extraordin\u00e1ria que tem tr\u00eas compromissos importantes: os consumidores, a rela\u00e7\u00e3o bilateral com o Paraguai e os interesses regionais no Paran\u00e1. Por\u00e9m, \u00e9 o consumidor que paga por tudo. A negocia\u00e7\u00e3o do anexo C precisa manter o equil\u00edbrio desses tr\u00eas pilares, mas sempre respeitando o consumidor&#8221;, afirma Celso Torino, que foi diretor t\u00e9cnico executivo de Itaipu e \u00e9 vice-presidente da Cier (Comiss\u00e3o de Integra\u00e7\u00e3o Energ\u00e9tica Regional), organiza\u00e7\u00e3o que re\u00fane representantes da\u00a0\u00e1rea de energia nas Am\u00e9ricas do Sul e Central, al\u00e9m do Caribe.<\/p>\n<p>Segundo o Instituto Acende Brasil, como os s\u00f3cios t\u00eam porte e hist\u00f3ricos muito diferentes, os n\u00fameros mostram que os termos do acordo exigiram mais do lado brasileiro. De acordo com uma lei que tamb\u00e9m faz 50 anos em 5 julho de 1973, consumidores das regi\u00f5es Sul, Sudeste e Centro-Oeste s\u00e3o obrigados a pagar pela energia de Itaipu.<\/p>\n<p>Levantamento da entidade mostra que, de 1985 a 2021, data do \u00faltimo balan\u00e7o da empresa, o Brasil pagou US$ 83,2 bilh\u00f5es (R$ 420,9 bilh\u00f5es) a Itaipu. O Paraguai, por sua vez, recebeu lucros de US$ 5,9 bilh\u00f5es (R$ 29,8 bilh\u00f5es).<\/p>\n<p>&#8220;Poucas pessoas se d\u00e3o conta disso&#8221;, diz Claudio Sales, presidente do Acende Brasil. &#8220;A combina\u00e7\u00e3o do que o Paraguai recebe de royalties, remunera\u00e7\u00e3o de capital e ressarcimentos d\u00e1 um volume de dinheiro que \u00e9 mais do que suficiente para ele pagar pela energia de Itaipu.&#8221;<\/p>\n<p>H\u00e1 outras raz\u00f5es para explicar a diferen\u00e7a. O financiamento para obra da usina foi um project finance,\u00a0modalidade em que a d\u00edvida \u00e9 quitada por meio do fluxo de caixa do pr\u00f3prio projeto\u00a0\u2014nesse caso, via tarifa de energia compuls\u00f3ria.<\/p>\n<p>&#8220;No montante de recursos e no prazo, o project finance de Itaipu foi o maior do mundo&#8221;, diz Altino Ventura Filho, que comandou Itaipu de 1996 a 2002. Foram US$ 12 bilh\u00f5es (R$ 60,7 bilh\u00f5es), mas por causa dos juros acumulados durante a obra, o empr\u00e9stimo totalizou US$ 19 bilh\u00f5es (R$ 96,1 bilh\u00f5es).<\/p>\n<p>Pelo tratado, a energia \u00e9 dividida meio a meio. No entanto, o Paraguai n\u00e3o consome toda a sua parte, e obrigatoriamente vende para o Brasil.<\/p>\n<p>No \u00faltimo balan\u00e7o da empresa, 76% da energia de Itaipu ficou com o Brasil, e o pa\u00eds foi respons\u00e1vel por 86% das receitas da usina. Considerando todas as opera\u00e7\u00f5es financeiras naquele ano, 98% do custo total foi arcado pelo lado brasileiro, segundo o Acende Brasil.<\/p>\n<p>H\u00e1 mais um diferencial. Pelo acordo, Itaipu n\u00e3o deve gerar lucro. O pre\u00e7o cobrado pela energia cobre os custos para a usina cumprir com suas obriga\u00e7\u00f5es para operar. Sem a d\u00edvida, que representava 64% dos custos em 2021,\u00a0h\u00e1 excedente financeiro \u2014e seu destino alimenta debates.<\/p>\n<p>Em entrevista \u00e0 Folha, o novo diretor-geral de Itaipu, Enio Verri, defendeu que parte deve permanecer com Itaipu para financiar projetos socioambientais. Verri quer estender o uso dos recursos, hoje restritos ao oeste do Paran\u00e1, para todo o estado.<\/p>\n<p>J\u00e1 seguindo essa estrat\u00e9gia, a tarifa de Itaipu caiu neste ano menos do que poderia. Diferentes estudos mostraram que, com o fim da d\u00edvida, a tarifa poderia ficar entre US$ 10 e US$ 12 pelo kw (R$ 50 e R$ 60 por kilowatt). O valor fixado foi de US$ 16,71 (R$ 84,5) porque cerca de US$ 460 milh\u00f5es (R$ 2,3 bilh\u00f5es) foram canalizados para projetos.<\/p>\n<p>O tema gerou tanto desconforto que o Senado avalia pedir explica\u00e7\u00f5es \u00e0 Aneel (Ag\u00eancia Nacional de Energia El\u00e9trica).<\/p>\n<p>Algo semelhante j\u00e1 havia sido feito com cerca de US$ 300 milh\u00f5es (R$ 1,5 bilh\u00e3o\u00a0durante a gest\u00e3o bolsonarista.<\/p>\n<p>Entidades que representam consumidores querem que o excedente seja usado para reduzir a tarifa.<\/p>\n<p>&#8220;Hoje vivemos um cen\u00e1rio de sobras de energia no Brasil, e a de Itaipu \u00e9 das mais caras&#8221;, afirma Paulo Pedrosa, presidente da Abrace (Associa\u00e7\u00e3o Brasileira dos Grandes Consumidores de Energia e Consumidores Livres). &#8220;Poderia ser reduzida em quase dois ter\u00e7os se abatido o pagamento do financiamento.&#8221;<\/p>\n<p>Se n\u00e3o for poss\u00edvel canalizar todo o excedente para a tarifa, h\u00e1 quem defenda que, do lado brasileiro, os recursos passem a ser geridos pela Uni\u00e3o.<\/p>\n<p>&#8220;Caso o governo, por raz\u00f5es superiores, decida capturar para si os recursos, eles devem ser direcionados \u00e0 Uni\u00e3o&#8221;, diz Jos\u00e9 Luiz Alqu\u00e9res, ex-conselheiro de Itaipu e hoje conselheiro para \u00e1rea de energia do Cebri (Centro Brasileiro de Rela\u00e7\u00f5es Internacionais). &#8220;Mas jamais podem ser utilizados para atender interesses regionais, como temos visto, para construir mercadinhos, pr\u00e9dio da aduana e coisas que competem a outras inst\u00e2ncias de governo.&#8221;<\/p>\n<p>Outros segmentos querem que a energia de Itaipu possa ser negociada pelas regras do setor privado.<\/p>\n<p>A Acende Brasil defende que a revis\u00e3o do anexo C permita que cada pa\u00eds possa comercializar a sua parcela de energia internamente, por meio de leil\u00f5es, nos diferentes mercados. Hoje, Itaipu abastece o chamado mercado cativo, onde se conectam essencialmente consumidores residenciais, principalmente os mais pobres, e pequenas empresas.<\/p>\n<p>Linha semelhante \u00e9 defendida pela Abraceel (Associa\u00e7\u00e3o Brasileira dos Comercializadores de Energia), que quer a energia de Itaipu no mercado livre, onde pre\u00e7os e prazos de fornecimento s\u00e3o negociados livremente entre as partes.<\/p>\n<p>&#8220;\u00c9 muito importante que\u00a0essa energia barata e renov\u00e1vel\u00a0chegue \u00e0 ind\u00fastria, que gera emprego e renda, e majoritariamente no mercado livre &#8220;, afirma Rodrigo Ferreira, presidente-executivo da Abraceel.<\/p>\n<p>Passados 50 anos, \u00e9 ineg\u00e1vel, dizem historiadores, que o tratado tenha sido fundamental para o projeto que abriu caminho para a constitui\u00e7\u00e3o da empresa Itaipu, em 17 de maio de 1974, e para constru\u00e7\u00e3o da hidrel\u00e9trica, que come\u00e7ou em 1975. Mas o fim das Sete Quedas, o forte impacto ambiental, o alto custo e o porte avantajado da obra s\u00f3 vingaram, segundo estudiosos, porque foram encampados por presidentes de regimes de ditadura. Assinam o tratado os generais e presidentes Em\u00edlio Garrastazu M\u00e9dici, do Brasil, e Alfredo Stroessner, do Paraguai.<\/p>\n<p>N\u00e3o por coincid\u00eancia, as usinas que rivalizam com Itaipu est\u00e3o na China.<\/p>\n<p>O historiador Paulo Brandi, pesquisador do Centro de Mem\u00f3ria da Eletricidade, lembra que foram necess\u00e1rios 20 anos de discuss\u00f5es t\u00e9cnicas sobre o aproveitamento do rio, e que os dois pa\u00edses s\u00f3 alcan\u00e7aram um meio-termo em 1966, com a &#8220;Ata de Foz do Igua\u00e7u&#8221; ou &#8220;Ata das Cataratas&#8221;, que definiu as caracter\u00edsticas binacionais da \u00e1rea.<\/p>\n<p>&#8220;O tratado de Itaipu foi o in\u00edcio de uma nova etapa nas rela\u00e7\u00f5es internacionais da regi\u00e3o&#8217;, diz Micael da Silva, professor de Hist\u00f3ria das Rela\u00e7\u00f5es Internacionais na Unila (Universidade Federal da Integra\u00e7\u00e3o Latino-Americana). &#8220;Estabeleceu uma nova pol\u00edtica de Estado nestes 50 anos.&#8221;<\/p>\n<p><strong>Fonte: <a href=\"https:\/\/www1.folha.uol.com.br\/mercado\/2023\/04\/debate-sobre-preco-da-energia-marca-50-anos-do-tratado-de-itaipu.shtml\">Folha de S.Paulo<\/a><\/strong><\/p>\n<div>\n<div class=\"widget-image rs_skip\">\n<figure>\n<div class=\"c-image-aspect-ratio c-image-aspect-ratio--3x2\"><\/div>\n<\/figure>\n<\/div>\n<\/div>\n","protected":false},"excerpt":{"rendered":"<p>O anivers\u00e1rio de 50 anos da assinatura do tratado entre Brasil e Paraguai para a constru\u00e7\u00e3o e a opera\u00e7\u00e3o da usina binacional de Itaipu, no Rio Paran\u00e1, nesta quarta-feira (26), marca dois momentos hist\u00f3ricos, afirmam especialistas. Olhando para tr\u00e1s, o tratado referenda o que setor de energia qualifica como\u00a0triunfo da &#8220;engenharia diplom\u00e1tica&#8221;.\u00a0Olhando para frente, marca [&hellip;]<\/p>\n","protected":false},"author":2,"featured_media":104829,"comment_status":"open","ping_status":"open","sticky":false,"template":"","format":"standard","meta":{"footnotes":""},"categories":[24,974,141],"tags":[],"class_list":{"0":"post-104827","1":"post","2":"type-post","3":"status-publish","4":"format-standard","5":"has-post-thumbnail","7":"category-energia","8":"category-energia-futuro","9":"category-noticias-menu"},"yoast_head":"<!-- This site is optimized with the Yoast SEO plugin v27.2 - https:\/\/yoast.com\/product\/yoast-seo-wordpress\/ -->\n<title>50 anos do tratado de Itaipu - Instituto de Engenharia<\/title>\n<meta name=\"robots\" content=\"index, follow, max-snippet:-1, max-image-preview:large, max-video-preview:-1\" \/>\n<link rel=\"canonical\" href=\"https:\/\/www.institutodeengenharia.org.br\/site\/2023\/04\/25\/50-anos-do-tratado-de-itaipu\/\" \/>\n<meta property=\"og:locale\" content=\"pt_BR\" \/>\n<meta property=\"og:type\" content=\"article\" \/>\n<meta property=\"og:title\" content=\"50 anos do tratado de Itaipu - Instituto de Engenharia\" \/>\n<meta property=\"og:description\" content=\"O anivers\u00e1rio de 50 anos da assinatura do tratado entre Brasil e Paraguai para a constru\u00e7\u00e3o e a opera\u00e7\u00e3o da usina binacional de Itaipu, no Rio Paran\u00e1, nesta quarta-feira (26), marca dois momentos hist\u00f3ricos, afirmam especialistas. Olhando para tr\u00e1s, o tratado referenda o que setor de energia qualifica como\u00a0triunfo da &#8220;engenharia diplom\u00e1tica&#8221;.\u00a0Olhando para frente, marca [&hellip;]\" \/>\n<meta property=\"og:url\" content=\"https:\/\/www.institutodeengenharia.org.br\/site\/2023\/04\/25\/50-anos-do-tratado-de-itaipu\/\" \/>\n<meta property=\"og:site_name\" content=\"Instituto de Engenharia\" \/>\n<meta property=\"article:publisher\" content=\"https:\/\/www.facebook.com\/institutodeengenharia\" \/>\n<meta property=\"article:published_time\" content=\"2023-04-25T14:08:11+00:00\" \/>\n<meta property=\"article:modified_time\" content=\"2023-04-25T14:21:27+00:00\" \/>\n<meta property=\"og:image\" content=\"https:\/\/www.institutodeengenharia.org.br\/site\/wp-content\/uploads\/2023\/04\/itaipu1.png\" \/>\n\t<meta property=\"og:image:width\" content=\"1032\" \/>\n\t<meta property=\"og:image:height\" content=\"688\" \/>\n\t<meta property=\"og:image:type\" content=\"image\/png\" \/>\n<meta name=\"author\" content=\"Isabel\" \/>\n<meta name=\"twitter:card\" content=\"summary_large_image\" \/>\n<meta name=\"twitter:creator\" content=\"@iengenharia\" \/>\n<meta name=\"twitter:site\" content=\"@iengenharia\" \/>\n<meta name=\"twitter:label1\" content=\"Escrito por\" \/>\n\t<meta name=\"twitter:data1\" content=\"Isabel\" \/>\n\t<meta name=\"twitter:label2\" content=\"Est. tempo de leitura\" \/>\n\t<meta name=\"twitter:data2\" content=\"7 minutos\" \/>\n<script type=\"application\/ld+json\" class=\"yoast-schema-graph\">{\"@context\":\"https:\/\/schema.org\",\"@graph\":[{\"@type\":\"Article\",\"@id\":\"https:\/\/www.institutodeengenharia.org.br\/site\/2023\/04\/25\/50-anos-do-tratado-de-itaipu\/#article\",\"isPartOf\":{\"@id\":\"https:\/\/www.institutodeengenharia.org.br\/site\/2023\/04\/25\/50-anos-do-tratado-de-itaipu\/\"},\"author\":{\"name\":\"Isabel\",\"@id\":\"https:\/\/www.institutodeengenharia.org.br\/site\/#\/schema\/person\/d1764429c217aaa88954818c8f9a3036\"},\"headline\":\"50 anos do tratado de Itaipu\",\"datePublished\":\"2023-04-25T14:08:11+00:00\",\"dateModified\":\"2023-04-25T14:21:27+00:00\",\"mainEntityOfPage\":{\"@id\":\"https:\/\/www.institutodeengenharia.org.br\/site\/2023\/04\/25\/50-anos-do-tratado-de-itaipu\/\"},\"wordCount\":1315,\"commentCount\":0,\"publisher\":{\"@id\":\"https:\/\/www.institutodeengenharia.org.br\/site\/#organization\"},\"image\":{\"@id\":\"https:\/\/www.institutodeengenharia.org.br\/site\/2023\/04\/25\/50-anos-do-tratado-de-itaipu\/#primaryimage\"},\"thumbnailUrl\":\"https:\/\/www.institutodeengenharia.org.br\/site\/wp-content\/uploads\/2023\/04\/itaipu1.png\",\"articleSection\":[\"Energia\",\"Energia\",\"Not\u00edcias\"],\"inLanguage\":\"pt-BR\",\"potentialAction\":[{\"@type\":\"CommentAction\",\"name\":\"Comment\",\"target\":[\"https:\/\/www.institutodeengenharia.org.br\/site\/2023\/04\/25\/50-anos-do-tratado-de-itaipu\/#respond\"]}]},{\"@type\":\"WebPage\",\"@id\":\"https:\/\/www.institutodeengenharia.org.br\/site\/2023\/04\/25\/50-anos-do-tratado-de-itaipu\/\",\"url\":\"https:\/\/www.institutodeengenharia.org.br\/site\/2023\/04\/25\/50-anos-do-tratado-de-itaipu\/\",\"name\":\"50 anos do tratado de Itaipu - Instituto de Engenharia\",\"isPartOf\":{\"@id\":\"https:\/\/www.institutodeengenharia.org.br\/site\/#website\"},\"primaryImageOfPage\":{\"@id\":\"https:\/\/www.institutodeengenharia.org.br\/site\/2023\/04\/25\/50-anos-do-tratado-de-itaipu\/#primaryimage\"},\"image\":{\"@id\":\"https:\/\/www.institutodeengenharia.org.br\/site\/2023\/04\/25\/50-anos-do-tratado-de-itaipu\/#primaryimage\"},\"thumbnailUrl\":\"https:\/\/www.institutodeengenharia.org.br\/site\/wp-content\/uploads\/2023\/04\/itaipu1.png\",\"datePublished\":\"2023-04-25T14:08:11+00:00\",\"dateModified\":\"2023-04-25T14:21:27+00:00\",\"breadcrumb\":{\"@id\":\"https:\/\/www.institutodeengenharia.org.br\/site\/2023\/04\/25\/50-anos-do-tratado-de-itaipu\/#breadcrumb\"},\"inLanguage\":\"pt-BR\",\"potentialAction\":[{\"@type\":\"ReadAction\",\"target\":[\"https:\/\/www.institutodeengenharia.org.br\/site\/2023\/04\/25\/50-anos-do-tratado-de-itaipu\/\"]}]},{\"@type\":\"ImageObject\",\"inLanguage\":\"pt-BR\",\"@id\":\"https:\/\/www.institutodeengenharia.org.br\/site\/2023\/04\/25\/50-anos-do-tratado-de-itaipu\/#primaryimage\",\"url\":\"https:\/\/www.institutodeengenharia.org.br\/site\/wp-content\/uploads\/2023\/04\/itaipu1.png\",\"contentUrl\":\"https:\/\/www.institutodeengenharia.org.br\/site\/wp-content\/uploads\/2023\/04\/itaipu1.png\",\"width\":1032,\"height\":688,\"caption\":\"Presidentes do Paraguai, Alfredo Stroessner, e do Brasil, Em\u00edlio Garrastazu M\u00e9dici, assinam Tratado de Itaipu em 1973 - Arquivo Itaipu\"},{\"@type\":\"BreadcrumbList\",\"@id\":\"https:\/\/www.institutodeengenharia.org.br\/site\/2023\/04\/25\/50-anos-do-tratado-de-itaipu\/#breadcrumb\",\"itemListElement\":[{\"@type\":\"ListItem\",\"position\":1,\"name\":\"In\u00edcio\",\"item\":\"https:\/\/www.institutodeengenharia.org.br\/site\/\"},{\"@type\":\"ListItem\",\"position\":2,\"name\":\"50 anos do tratado de Itaipu\"}]},{\"@type\":\"WebSite\",\"@id\":\"https:\/\/www.institutodeengenharia.org.br\/site\/#website\",\"url\":\"https:\/\/www.institutodeengenharia.org.br\/site\/\",\"name\":\"Instituto de Engenharia\",\"description\":\"O Instituto de Engenharia promove a Engenharia em benef\u00edcio do desenvolvimento e da qualidade de vida da sociedade.\",\"publisher\":{\"@id\":\"https:\/\/www.institutodeengenharia.org.br\/site\/#organization\"},\"potentialAction\":[{\"@type\":\"SearchAction\",\"target\":{\"@type\":\"EntryPoint\",\"urlTemplate\":\"https:\/\/www.institutodeengenharia.org.br\/site\/?s={search_term_string}\"},\"query-input\":{\"@type\":\"PropertyValueSpecification\",\"valueRequired\":true,\"valueName\":\"search_term_string\"}}],\"inLanguage\":\"pt-BR\"},{\"@type\":\"Organization\",\"@id\":\"https:\/\/www.institutodeengenharia.org.br\/site\/#organization\",\"name\":\"Instituto de Engenharia\",\"url\":\"https:\/\/www.institutodeengenharia.org.br\/site\/\",\"logo\":{\"@type\":\"ImageObject\",\"inLanguage\":\"pt-BR\",\"@id\":\"https:\/\/www.institutodeengenharia.org.br\/site\/#\/schema\/logo\/image\/\",\"url\":\"https:\/\/www.institutodeengenharia.org.br\/site\/wp-content\/uploads\/2019\/03\/logo-novo-IE2018-1.jpg\",\"contentUrl\":\"https:\/\/www.institutodeengenharia.org.br\/site\/wp-content\/uploads\/2019\/03\/logo-novo-IE2018-1.jpg\",\"width\":1486,\"height\":1879,\"caption\":\"Instituto de Engenharia\"},\"image\":{\"@id\":\"https:\/\/www.institutodeengenharia.org.br\/site\/#\/schema\/logo\/image\/\"},\"sameAs\":[\"https:\/\/www.facebook.com\/institutodeengenharia\",\"https:\/\/x.com\/iengenharia\",\"https:\/\/www.instagram.com\/institutodeengenharia\/\",\"https:\/\/www.linkedin.com\/company\/instituto-de-engenharia\/\",\"https:\/\/www.youtube.com\/channel\/UCXiCAlsSMe977vamW915HxA\"]},{\"@type\":\"Person\",\"@id\":\"https:\/\/www.institutodeengenharia.org.br\/site\/#\/schema\/person\/d1764429c217aaa88954818c8f9a3036\",\"name\":\"Isabel\",\"image\":{\"@type\":\"ImageObject\",\"inLanguage\":\"pt-BR\",\"@id\":\"https:\/\/secure.gravatar.com\/avatar\/a91d60506c31a7cb05e69a21529f91908e538db3b21f58bfda4039be740fcb71?s=96&d=mm&r=g\",\"url\":\"https:\/\/secure.gravatar.com\/avatar\/a91d60506c31a7cb05e69a21529f91908e538db3b21f58bfda4039be740fcb71?s=96&d=mm&r=g\",\"contentUrl\":\"https:\/\/secure.gravatar.com\/avatar\/a91d60506c31a7cb05e69a21529f91908e538db3b21f58bfda4039be740fcb71?s=96&d=mm&r=g\",\"caption\":\"Isabel\"},\"url\":\"https:\/\/www.institutodeengenharia.org.br\/site\/author\/isabel\/\"}]}<\/script>\n<!-- \/ Yoast SEO plugin. -->","yoast_head_json":{"title":"50 anos do tratado de Itaipu - Instituto de Engenharia","robots":{"index":"index","follow":"follow","max-snippet":"max-snippet:-1","max-image-preview":"max-image-preview:large","max-video-preview":"max-video-preview:-1"},"canonical":"https:\/\/www.institutodeengenharia.org.br\/site\/2023\/04\/25\/50-anos-do-tratado-de-itaipu\/","og_locale":"pt_BR","og_type":"article","og_title":"50 anos do tratado de Itaipu - Instituto de Engenharia","og_description":"O anivers\u00e1rio de 50 anos da assinatura do tratado entre Brasil e Paraguai para a constru\u00e7\u00e3o e a opera\u00e7\u00e3o da usina binacional de Itaipu, no Rio Paran\u00e1, nesta quarta-feira (26), marca dois momentos hist\u00f3ricos, afirmam especialistas. Olhando para tr\u00e1s, o tratado referenda o que setor de energia qualifica como\u00a0triunfo da &#8220;engenharia diplom\u00e1tica&#8221;.\u00a0Olhando para frente, marca [&hellip;]","og_url":"https:\/\/www.institutodeengenharia.org.br\/site\/2023\/04\/25\/50-anos-do-tratado-de-itaipu\/","og_site_name":"Instituto de Engenharia","article_publisher":"https:\/\/www.facebook.com\/institutodeengenharia","article_published_time":"2023-04-25T14:08:11+00:00","article_modified_time":"2023-04-25T14:21:27+00:00","og_image":[{"width":1032,"height":688,"url":"https:\/\/www.institutodeengenharia.org.br\/site\/wp-content\/uploads\/2023\/04\/itaipu1.png","type":"image\/png"}],"author":"Isabel","twitter_card":"summary_large_image","twitter_creator":"@iengenharia","twitter_site":"@iengenharia","twitter_misc":{"Escrito por":"Isabel","Est. tempo de leitura":"7 minutos"},"schema":{"@context":"https:\/\/schema.org","@graph":[{"@type":"Article","@id":"https:\/\/www.institutodeengenharia.org.br\/site\/2023\/04\/25\/50-anos-do-tratado-de-itaipu\/#article","isPartOf":{"@id":"https:\/\/www.institutodeengenharia.org.br\/site\/2023\/04\/25\/50-anos-do-tratado-de-itaipu\/"},"author":{"name":"Isabel","@id":"https:\/\/www.institutodeengenharia.org.br\/site\/#\/schema\/person\/d1764429c217aaa88954818c8f9a3036"},"headline":"50 anos do tratado de Itaipu","datePublished":"2023-04-25T14:08:11+00:00","dateModified":"2023-04-25T14:21:27+00:00","mainEntityOfPage":{"@id":"https:\/\/www.institutodeengenharia.org.br\/site\/2023\/04\/25\/50-anos-do-tratado-de-itaipu\/"},"wordCount":1315,"commentCount":0,"publisher":{"@id":"https:\/\/www.institutodeengenharia.org.br\/site\/#organization"},"image":{"@id":"https:\/\/www.institutodeengenharia.org.br\/site\/2023\/04\/25\/50-anos-do-tratado-de-itaipu\/#primaryimage"},"thumbnailUrl":"https:\/\/www.institutodeengenharia.org.br\/site\/wp-content\/uploads\/2023\/04\/itaipu1.png","articleSection":["Energia","Energia","Not\u00edcias"],"inLanguage":"pt-BR","potentialAction":[{"@type":"CommentAction","name":"Comment","target":["https:\/\/www.institutodeengenharia.org.br\/site\/2023\/04\/25\/50-anos-do-tratado-de-itaipu\/#respond"]}]},{"@type":"WebPage","@id":"https:\/\/www.institutodeengenharia.org.br\/site\/2023\/04\/25\/50-anos-do-tratado-de-itaipu\/","url":"https:\/\/www.institutodeengenharia.org.br\/site\/2023\/04\/25\/50-anos-do-tratado-de-itaipu\/","name":"50 anos do tratado de Itaipu - Instituto de Engenharia","isPartOf":{"@id":"https:\/\/www.institutodeengenharia.org.br\/site\/#website"},"primaryImageOfPage":{"@id":"https:\/\/www.institutodeengenharia.org.br\/site\/2023\/04\/25\/50-anos-do-tratado-de-itaipu\/#primaryimage"},"image":{"@id":"https:\/\/www.institutodeengenharia.org.br\/site\/2023\/04\/25\/50-anos-do-tratado-de-itaipu\/#primaryimage"},"thumbnailUrl":"https:\/\/www.institutodeengenharia.org.br\/site\/wp-content\/uploads\/2023\/04\/itaipu1.png","datePublished":"2023-04-25T14:08:11+00:00","dateModified":"2023-04-25T14:21:27+00:00","breadcrumb":{"@id":"https:\/\/www.institutodeengenharia.org.br\/site\/2023\/04\/25\/50-anos-do-tratado-de-itaipu\/#breadcrumb"},"inLanguage":"pt-BR","potentialAction":[{"@type":"ReadAction","target":["https:\/\/www.institutodeengenharia.org.br\/site\/2023\/04\/25\/50-anos-do-tratado-de-itaipu\/"]}]},{"@type":"ImageObject","inLanguage":"pt-BR","@id":"https:\/\/www.institutodeengenharia.org.br\/site\/2023\/04\/25\/50-anos-do-tratado-de-itaipu\/#primaryimage","url":"https:\/\/www.institutodeengenharia.org.br\/site\/wp-content\/uploads\/2023\/04\/itaipu1.png","contentUrl":"https:\/\/www.institutodeengenharia.org.br\/site\/wp-content\/uploads\/2023\/04\/itaipu1.png","width":1032,"height":688,"caption":"Presidentes do Paraguai, Alfredo Stroessner, e do Brasil, Em\u00edlio Garrastazu M\u00e9dici, assinam Tratado de Itaipu em 1973 - Arquivo Itaipu"},{"@type":"BreadcrumbList","@id":"https:\/\/www.institutodeengenharia.org.br\/site\/2023\/04\/25\/50-anos-do-tratado-de-itaipu\/#breadcrumb","itemListElement":[{"@type":"ListItem","position":1,"name":"In\u00edcio","item":"https:\/\/www.institutodeengenharia.org.br\/site\/"},{"@type":"ListItem","position":2,"name":"50 anos do tratado de Itaipu"}]},{"@type":"WebSite","@id":"https:\/\/www.institutodeengenharia.org.br\/site\/#website","url":"https:\/\/www.institutodeengenharia.org.br\/site\/","name":"Instituto de Engenharia","description":"O Instituto de Engenharia promove a Engenharia em benef\u00edcio do desenvolvimento e da qualidade de vida da sociedade.","publisher":{"@id":"https:\/\/www.institutodeengenharia.org.br\/site\/#organization"},"potentialAction":[{"@type":"SearchAction","target":{"@type":"EntryPoint","urlTemplate":"https:\/\/www.institutodeengenharia.org.br\/site\/?s={search_term_string}"},"query-input":{"@type":"PropertyValueSpecification","valueRequired":true,"valueName":"search_term_string"}}],"inLanguage":"pt-BR"},{"@type":"Organization","@id":"https:\/\/www.institutodeengenharia.org.br\/site\/#organization","name":"Instituto de Engenharia","url":"https:\/\/www.institutodeengenharia.org.br\/site\/","logo":{"@type":"ImageObject","inLanguage":"pt-BR","@id":"https:\/\/www.institutodeengenharia.org.br\/site\/#\/schema\/logo\/image\/","url":"https:\/\/www.institutodeengenharia.org.br\/site\/wp-content\/uploads\/2019\/03\/logo-novo-IE2018-1.jpg","contentUrl":"https:\/\/www.institutodeengenharia.org.br\/site\/wp-content\/uploads\/2019\/03\/logo-novo-IE2018-1.jpg","width":1486,"height":1879,"caption":"Instituto de Engenharia"},"image":{"@id":"https:\/\/www.institutodeengenharia.org.br\/site\/#\/schema\/logo\/image\/"},"sameAs":["https:\/\/www.facebook.com\/institutodeengenharia","https:\/\/x.com\/iengenharia","https:\/\/www.instagram.com\/institutodeengenharia\/","https:\/\/www.linkedin.com\/company\/instituto-de-engenharia\/","https:\/\/www.youtube.com\/channel\/UCXiCAlsSMe977vamW915HxA"]},{"@type":"Person","@id":"https:\/\/www.institutodeengenharia.org.br\/site\/#\/schema\/person\/d1764429c217aaa88954818c8f9a3036","name":"Isabel","image":{"@type":"ImageObject","inLanguage":"pt-BR","@id":"https:\/\/secure.gravatar.com\/avatar\/a91d60506c31a7cb05e69a21529f91908e538db3b21f58bfda4039be740fcb71?s=96&d=mm&r=g","url":"https:\/\/secure.gravatar.com\/avatar\/a91d60506c31a7cb05e69a21529f91908e538db3b21f58bfda4039be740fcb71?s=96&d=mm&r=g","contentUrl":"https:\/\/secure.gravatar.com\/avatar\/a91d60506c31a7cb05e69a21529f91908e538db3b21f58bfda4039be740fcb71?s=96&d=mm&r=g","caption":"Isabel"},"url":"https:\/\/www.institutodeengenharia.org.br\/site\/author\/isabel\/"}]}},"_links":{"self":[{"href":"https:\/\/www.institutodeengenharia.org.br\/site\/wp-json\/wp\/v2\/posts\/104827","targetHints":{"allow":["GET"]}}],"collection":[{"href":"https:\/\/www.institutodeengenharia.org.br\/site\/wp-json\/wp\/v2\/posts"}],"about":[{"href":"https:\/\/www.institutodeengenharia.org.br\/site\/wp-json\/wp\/v2\/types\/post"}],"author":[{"embeddable":true,"href":"https:\/\/www.institutodeengenharia.org.br\/site\/wp-json\/wp\/v2\/users\/2"}],"replies":[{"embeddable":true,"href":"https:\/\/www.institutodeengenharia.org.br\/site\/wp-json\/wp\/v2\/comments?post=104827"}],"version-history":[{"count":2,"href":"https:\/\/www.institutodeengenharia.org.br\/site\/wp-json\/wp\/v2\/posts\/104827\/revisions"}],"predecessor-version":[{"id":104832,"href":"https:\/\/www.institutodeengenharia.org.br\/site\/wp-json\/wp\/v2\/posts\/104827\/revisions\/104832"}],"wp:featuredmedia":[{"embeddable":true,"href":"https:\/\/www.institutodeengenharia.org.br\/site\/wp-json\/wp\/v2\/media\/104829"}],"wp:attachment":[{"href":"https:\/\/www.institutodeengenharia.org.br\/site\/wp-json\/wp\/v2\/media?parent=104827"}],"wp:term":[{"taxonomy":"category","embeddable":true,"href":"https:\/\/www.institutodeengenharia.org.br\/site\/wp-json\/wp\/v2\/categories?post=104827"},{"taxonomy":"post_tag","embeddable":true,"href":"https:\/\/www.institutodeengenharia.org.br\/site\/wp-json\/wp\/v2\/tags?post=104827"}],"curies":[{"name":"wp","href":"https:\/\/api.w.org\/{rel}","templated":true}]}}