{"id":104549,"date":"2023-04-20T15:35:55","date_gmt":"2023-04-20T18:35:55","guid":{"rendered":"https:\/\/www.institutodeengenharia.org.br\/site\/?p=104549"},"modified":"2023-04-24T08:58:30","modified_gmt":"2023-04-24T11:58:30","slug":"por-jose-eduardo-cavalcanti-o-rio-pinheiros-em-verso","status":"publish","type":"post","link":"https:\/\/www.institutodeengenharia.org.br\/site\/2023\/04\/20\/por-jose-eduardo-cavalcanti-o-rio-pinheiros-em-verso\/","title":{"rendered":"Por Jos\u00e9 Eduardo Cavalcanti &#8211; O Rio Pinheiros em verso"},"content":{"rendered":"<p>Objetivando testar as potencialidades do Chat GPT pedi para \u201cele\u201d compor versos sobre o rio Pinheiros inspirados em Cora Coralina e em Olavo Bilac.<\/p>\n<p>Ele prontamente comp\u00f4s. Vejam os resultados:<\/p>\n<p>Do Rio Pinheiros vou falar,<\/p>\n<p>Um desabafo vou expressar,<\/p>\n<p>Um rio t\u00e3o importante para a cidade,<\/p>\n<p>Mas que na atualidade \u00e9 s\u00f3 calamidade.<\/p>\n<p>&nbsp;<\/p>\n<p>Antes era sin\u00f4nimo de beleza,<\/p>\n<p>Com \u00e1guas cristalinas e natureza,<\/p>\n<p>Hoje, infelizmente, \u00e9 esgoto a c\u00e9u aberto,<\/p>\n<p>Um desrespeito a todo meio ambiente.<\/p>\n<p>&nbsp;<\/p>\n<p>Cora\u00e7\u00e3o partido ao ver o Pinheiros sofrer,<\/p>\n<p>Os animais que l\u00e1 viviam agora padecer,<\/p>\n<p>O homem que construiu sua cidade,<\/p>\n<p>Agora destr\u00f3i sem piedade.<\/p>\n<p>&nbsp;<\/p>\n<p>N\u00e3o h\u00e1 mais como olhar para o rio,<\/p>\n<p>Sem sentir uma dor no peito, um vazio,<\/p>\n<p>Esperamos um dia ver sua recupera\u00e7\u00e3o,<\/p>\n<p>E que a vida retorne ao rio em quest\u00e3o.<\/p>\n<p>&nbsp;<\/p>\n<p>Mas enquanto isso, nos resta preservar,<\/p>\n<p>A natureza que ainda h\u00e1 para lutar,<\/p>\n<p>O Rio Pinheiros pode ser salvo,<\/p>\n<p>Se todos juntos lutarmos e amarmos.<\/p>\n<p>&nbsp;<\/p>\n<p>(Inspirado em Cora Coralina)<\/p>\n<p>&nbsp;<\/p>\n<p>Oh Rio Pinheiros, como est\u00e1s triste,<\/p>\n<p>Antiga beleza se v\u00ea logo ao longe,<\/p>\n<p>De quando eras l\u00edmpido, a \u00e1gua cristalina,<\/p>\n<p>Agora polu\u00eddo, um mal de toda cidade.<\/p>\n<p>&nbsp;<\/p>\n<p>\u00d4h, que saudade de teus dias vivos,<\/p>\n<p>De barcos a deslizar sobre tuas ondas,<\/p>\n<p>Mas agora, apenas lixo e sujeira,<\/p>\n<p>A morte de teus peixes \u00e9 o sinal mais claro.<\/p>\n<p>&nbsp;<\/p>\n<p>Tuas margens, agora, s\u00e3o t\u00e3o desertas,<\/p>\n<p>Sem vida para chamar aten\u00e7\u00e3o,<\/p>\n<p>Aquele verde das \u00e1rvores, da fauna e flora,<\/p>\n<p>S\u00e3o apenas ru\u00ednas, lembran\u00e7as de um passado melhor.<\/p>\n<p>&nbsp;<\/p>\n<p>Quem dera pudesse sentir o sabor doce,<\/p>\n<p>Daquele puro e cristalino l\u00edquido,<\/p>\n<p>Mas encontra-se t\u00e3o contaminado,<\/p>\n<p>Que agora \u00e9 um perigo, uma armadilha mortal.<\/p>\n<p>&nbsp;<\/p>\n<p>Rio Pinheiros, tu j\u00e1 foste t\u00e3o precioso,<\/p>\n<p>Essa \u00e1gua t\u00e3o importante para todos,<\/p>\n<p>Por\u00e9m, tuas \u00e1guas comprometidas,<\/p>\n<p>S\u00e3o o reflexo de nossa falta de cuidado.<\/p>\n<p>&nbsp;<\/p>\n<p>\u00d3h, como gostar\u00edamos de ver-te assim,<\/p>\n<p>Novamente t\u00e3o vivo e t\u00e3o sagrado,<\/p>\n<p>Por\u00e9m isso s\u00f3 pode acontecer,<\/p>\n<p>Se todos se preocuparem e trabalharem para mudar isso.<\/p>\n<p>(Inspirado no estilo de Olavo Bilac)<\/p>\n<p>________________________________________________________________________<\/p>\n<p><img loading=\"lazy\" decoding=\"async\" class=\"wp-image-31353 alignleft\" src=\"https:\/\/www.institutodeengenharia.org.br\/site\/wp-content\/uploads\/2018\/02\/cavalcanti-alta2-e1547225067645.jpg\" alt=\"\" width=\"169\" height=\"170\" srcset=\"https:\/\/www.institutodeengenharia.org.br\/site\/wp-content\/uploads\/2018\/02\/cavalcanti-alta2-e1547225067645.jpg 606w, https:\/\/www.institutodeengenharia.org.br\/site\/wp-content\/uploads\/2018\/02\/cavalcanti-alta2-e1547225067645-150x150.jpg 150w, https:\/\/www.institutodeengenharia.org.br\/site\/wp-content\/uploads\/2018\/02\/cavalcanti-alta2-e1547225067645-298x300.jpg 298w, https:\/\/www.institutodeengenharia.org.br\/site\/wp-content\/uploads\/2018\/02\/cavalcanti-alta2-e1547225067645-417x420.jpg 417w\" sizes=\"auto, (max-width: 169px) 100vw, 169px\" \/><\/p>\n<p>\u00c9 engenheiro consultor, diretor do Departamento de Engenharia da Ambiental do Brasil, diretor da Divis\u00e3o de Saneamento do Deinfra \u2013 Departamento de Infraestrutura da Federa\u00e7\u00e3o das Ind\u00fastrias do Estado de S\u00e3o Paulo (Fiesp), conselheiro do Instituto de Engenharia, e membro da Comiss\u00e3o Editorial da Revista Engenharia.\u00a0E-mail:\u00a0<a href=\"mailto:cavalcanti@ambientaldobrasil.com.br\">cavalcanti@ambientaldobrasil.com.br<\/a><\/p>\n<p>&nbsp;<\/p>\n<p>*<em>Os artigos publicados com assinatura, n\u00e3o traduzem necessariamente a opini\u00e3o do Instituto de Engenharia. Sua publica\u00e7\u00e3o obedece ao prop\u00f3sito de estimular o debate dos problemas brasileiros e de refletir as diversas tend\u00eancias do pensamento contempor\u00e2neo.<\/em><\/p>\n","protected":false},"excerpt":{"rendered":"<p>Objetivando testar as potencialidades do Chat GPT pedi para \u201cele\u201d compor versos sobre o rio Pinheiros inspirados em Cora Coralina e em Olavo Bilac. Ele prontamente comp\u00f4s. Vejam os resultados: Do Rio Pinheiros vou falar, Um desabafo vou expressar, Um rio t\u00e3o importante para a cidade, Mas que na atualidade \u00e9 s\u00f3 calamidade. &nbsp; Antes [&hellip;]<\/p>\n","protected":false},"author":2,"featured_media":104599,"comment_status":"open","ping_status":"open","sticky":false,"template":"","format":"standard","meta":{"footnotes":""},"categories":[11,92],"tags":[],"class_list":{"0":"post-104549","1":"post","2":"type-post","3":"status-publish","4":"format-standard","5":"has-post-thumbnail","7":"category-articulistas","8":"category-jose-eduardo-cavalcanti"},"yoast_head":"<!-- This site is optimized with the Yoast SEO plugin v27.2 - https:\/\/yoast.com\/product\/yoast-seo-wordpress\/ -->\n<title>Por Jos\u00e9 Eduardo Cavalcanti - O Rio Pinheiros em verso - Instituto de Engenharia<\/title>\n<meta name=\"robots\" content=\"index, follow, max-snippet:-1, max-image-preview:large, max-video-preview:-1\" \/>\n<link rel=\"canonical\" href=\"https:\/\/www.institutodeengenharia.org.br\/site\/2023\/04\/20\/por-jose-eduardo-cavalcanti-o-rio-pinheiros-em-verso\/\" \/>\n<meta property=\"og:locale\" content=\"pt_BR\" \/>\n<meta property=\"og:type\" content=\"article\" \/>\n<meta property=\"og:title\" content=\"Por Jos\u00e9 Eduardo Cavalcanti - O Rio Pinheiros em verso\" \/>\n<meta property=\"og:description\" content=\"Objetivando testar as potencialidades do Chat GPT pedi para \u201cele\u201d compor versos sobre o rio Pinheiros inspirados em Cora Coralina e em Olavo Bilac.\" \/>\n<meta property=\"og:url\" content=\"https:\/\/www.institutodeengenharia.org.br\/site\/2023\/04\/20\/por-jose-eduardo-cavalcanti-o-rio-pinheiros-em-verso\/\" \/>\n<meta property=\"og:site_name\" content=\"Instituto de Engenharia\" \/>\n<meta property=\"article:publisher\" content=\"https:\/\/www.facebook.com\/institutodeengenharia\" \/>\n<meta property=\"article:published_time\" content=\"2023-04-20T18:35:55+00:00\" \/>\n<meta property=\"article:modified_time\" content=\"2023-04-24T11:58:30+00:00\" \/>\n<meta property=\"og:image\" content=\"https:\/\/www.institutodeengenharia.org.br\/site\/wp-content\/uploads\/2023\/04\/fotoartigo.jpg\" \/>\n\t<meta property=\"og:image:width\" content=\"593\" \/>\n\t<meta property=\"og:image:height\" content=\"517\" \/>\n\t<meta property=\"og:image:type\" content=\"image\/jpeg\" \/>\n<meta name=\"author\" content=\"Isabel\" \/>\n<meta name=\"twitter:card\" content=\"summary_large_image\" \/>\n<meta name=\"twitter:title\" content=\"Por Jos\u00e9 Eduardo Cavalcanti - O Rio Pinheiros em verso\" \/>\n<meta name=\"twitter:description\" content=\"Objetivando testar as potencialidades do Chat GPT pedi para \u201cele\u201d compor versos sobre o rio Pinheiros inspirados em Cora Coralina e em Olavo Bilac.\" \/>\n<meta name=\"twitter:image\" content=\"https:\/\/www.institutodeengenharia.org.br\/site\/wp-content\/uploads\/2023\/04\/fotoartigo.jpg\" \/>\n<meta name=\"twitter:creator\" content=\"@iengenharia\" \/>\n<meta name=\"twitter:site\" content=\"@iengenharia\" \/>\n<meta name=\"twitter:label1\" content=\"Escrito por\" \/>\n\t<meta name=\"twitter:data1\" content=\"Isabel\" \/>\n\t<meta name=\"twitter:label2\" content=\"Est. tempo de leitura\" \/>\n\t<meta name=\"twitter:data2\" content=\"3 minutos\" \/>\n<script type=\"application\/ld+json\" class=\"yoast-schema-graph\">{\"@context\":\"https:\/\/schema.org\",\"@graph\":[{\"@type\":\"Article\",\"@id\":\"https:\/\/www.institutodeengenharia.org.br\/site\/2023\/04\/20\/por-jose-eduardo-cavalcanti-o-rio-pinheiros-em-verso\/#article\",\"isPartOf\":{\"@id\":\"https:\/\/www.institutodeengenharia.org.br\/site\/2023\/04\/20\/por-jose-eduardo-cavalcanti-o-rio-pinheiros-em-verso\/\"},\"author\":{\"name\":\"Isabel\",\"@id\":\"https:\/\/www.institutodeengenharia.org.br\/site\/#\/schema\/person\/d1764429c217aaa88954818c8f9a3036\"},\"headline\":\"Por Jos\u00e9 Eduardo Cavalcanti &#8211; O Rio Pinheiros em verso\",\"datePublished\":\"2023-04-20T18:35:55+00:00\",\"dateModified\":\"2023-04-24T11:58:30+00:00\",\"mainEntityOfPage\":{\"@id\":\"https:\/\/www.institutodeengenharia.org.br\/site\/2023\/04\/20\/por-jose-eduardo-cavalcanti-o-rio-pinheiros-em-verso\/\"},\"wordCount\":466,\"commentCount\":0,\"publisher\":{\"@id\":\"https:\/\/www.institutodeengenharia.org.br\/site\/#organization\"},\"image\":{\"@id\":\"https:\/\/www.institutodeengenharia.org.br\/site\/2023\/04\/20\/por-jose-eduardo-cavalcanti-o-rio-pinheiros-em-verso\/#primaryimage\"},\"thumbnailUrl\":\"https:\/\/www.institutodeengenharia.org.br\/site\/wp-content\/uploads\/2023\/04\/fotoartigo.jpg\",\"articleSection\":[\"Articulistas\",\"Jos\u00e9 Eduardo Cavalcanti\"],\"inLanguage\":\"pt-BR\",\"potentialAction\":[{\"@type\":\"CommentAction\",\"name\":\"Comment\",\"target\":[\"https:\/\/www.institutodeengenharia.org.br\/site\/2023\/04\/20\/por-jose-eduardo-cavalcanti-o-rio-pinheiros-em-verso\/#respond\"]}]},{\"@type\":\"WebPage\",\"@id\":\"https:\/\/www.institutodeengenharia.org.br\/site\/2023\/04\/20\/por-jose-eduardo-cavalcanti-o-rio-pinheiros-em-verso\/\",\"url\":\"https:\/\/www.institutodeengenharia.org.br\/site\/2023\/04\/20\/por-jose-eduardo-cavalcanti-o-rio-pinheiros-em-verso\/\",\"name\":\"Por Jos\u00e9 Eduardo Cavalcanti - O Rio Pinheiros em verso - Instituto de Engenharia\",\"isPartOf\":{\"@id\":\"https:\/\/www.institutodeengenharia.org.br\/site\/#website\"},\"primaryImageOfPage\":{\"@id\":\"https:\/\/www.institutodeengenharia.org.br\/site\/2023\/04\/20\/por-jose-eduardo-cavalcanti-o-rio-pinheiros-em-verso\/#primaryimage\"},\"image\":{\"@id\":\"https:\/\/www.institutodeengenharia.org.br\/site\/2023\/04\/20\/por-jose-eduardo-cavalcanti-o-rio-pinheiros-em-verso\/#primaryimage\"},\"thumbnailUrl\":\"https:\/\/www.institutodeengenharia.org.br\/site\/wp-content\/uploads\/2023\/04\/fotoartigo.jpg\",\"datePublished\":\"2023-04-20T18:35:55+00:00\",\"dateModified\":\"2023-04-24T11:58:30+00:00\",\"breadcrumb\":{\"@id\":\"https:\/\/www.institutodeengenharia.org.br\/site\/2023\/04\/20\/por-jose-eduardo-cavalcanti-o-rio-pinheiros-em-verso\/#breadcrumb\"},\"inLanguage\":\"pt-BR\",\"potentialAction\":[{\"@type\":\"ReadAction\",\"target\":[\"https:\/\/www.institutodeengenharia.org.br\/site\/2023\/04\/20\/por-jose-eduardo-cavalcanti-o-rio-pinheiros-em-verso\/\"]}]},{\"@type\":\"ImageObject\",\"inLanguage\":\"pt-BR\",\"@id\":\"https:\/\/www.institutodeengenharia.org.br\/site\/2023\/04\/20\/por-jose-eduardo-cavalcanti-o-rio-pinheiros-em-verso\/#primaryimage\",\"url\":\"https:\/\/www.institutodeengenharia.org.br\/site\/wp-content\/uploads\/2023\/04\/fotoartigo.jpg\",\"contentUrl\":\"https:\/\/www.institutodeengenharia.org.br\/site\/wp-content\/uploads\/2023\/04\/fotoartigo.jpg\",\"width\":593,\"height\":517},{\"@type\":\"BreadcrumbList\",\"@id\":\"https:\/\/www.institutodeengenharia.org.br\/site\/2023\/04\/20\/por-jose-eduardo-cavalcanti-o-rio-pinheiros-em-verso\/#breadcrumb\",\"itemListElement\":[{\"@type\":\"ListItem\",\"position\":1,\"name\":\"In\u00edcio\",\"item\":\"https:\/\/www.institutodeengenharia.org.br\/site\/\"},{\"@type\":\"ListItem\",\"position\":2,\"name\":\"Por Jos\u00e9 Eduardo Cavalcanti &#8211; O Rio Pinheiros em verso\"}]},{\"@type\":\"WebSite\",\"@id\":\"https:\/\/www.institutodeengenharia.org.br\/site\/#website\",\"url\":\"https:\/\/www.institutodeengenharia.org.br\/site\/\",\"name\":\"Instituto de Engenharia\",\"description\":\"O Instituto de Engenharia promove a Engenharia em benef\u00edcio do desenvolvimento e da qualidade de vida da sociedade.\",\"publisher\":{\"@id\":\"https:\/\/www.institutodeengenharia.org.br\/site\/#organization\"},\"potentialAction\":[{\"@type\":\"SearchAction\",\"target\":{\"@type\":\"EntryPoint\",\"urlTemplate\":\"https:\/\/www.institutodeengenharia.org.br\/site\/?s={search_term_string}\"},\"query-input\":{\"@type\":\"PropertyValueSpecification\",\"valueRequired\":true,\"valueName\":\"search_term_string\"}}],\"inLanguage\":\"pt-BR\"},{\"@type\":\"Organization\",\"@id\":\"https:\/\/www.institutodeengenharia.org.br\/site\/#organization\",\"name\":\"Instituto de Engenharia\",\"url\":\"https:\/\/www.institutodeengenharia.org.br\/site\/\",\"logo\":{\"@type\":\"ImageObject\",\"inLanguage\":\"pt-BR\",\"@id\":\"https:\/\/www.institutodeengenharia.org.br\/site\/#\/schema\/logo\/image\/\",\"url\":\"https:\/\/www.institutodeengenharia.org.br\/site\/wp-content\/uploads\/2019\/03\/logo-novo-IE2018-1.jpg\",\"contentUrl\":\"https:\/\/www.institutodeengenharia.org.br\/site\/wp-content\/uploads\/2019\/03\/logo-novo-IE2018-1.jpg\",\"width\":1486,\"height\":1879,\"caption\":\"Instituto de Engenharia\"},\"image\":{\"@id\":\"https:\/\/www.institutodeengenharia.org.br\/site\/#\/schema\/logo\/image\/\"},\"sameAs\":[\"https:\/\/www.facebook.com\/institutodeengenharia\",\"https:\/\/x.com\/iengenharia\",\"https:\/\/www.instagram.com\/institutodeengenharia\/\",\"https:\/\/www.linkedin.com\/company\/instituto-de-engenharia\/\",\"https:\/\/www.youtube.com\/channel\/UCXiCAlsSMe977vamW915HxA\"]},{\"@type\":\"Person\",\"@id\":\"https:\/\/www.institutodeengenharia.org.br\/site\/#\/schema\/person\/d1764429c217aaa88954818c8f9a3036\",\"name\":\"Isabel\",\"image\":{\"@type\":\"ImageObject\",\"inLanguage\":\"pt-BR\",\"@id\":\"https:\/\/secure.gravatar.com\/avatar\/a91d60506c31a7cb05e69a21529f91908e538db3b21f58bfda4039be740fcb71?s=96&d=mm&r=g\",\"url\":\"https:\/\/secure.gravatar.com\/avatar\/a91d60506c31a7cb05e69a21529f91908e538db3b21f58bfda4039be740fcb71?s=96&d=mm&r=g\",\"contentUrl\":\"https:\/\/secure.gravatar.com\/avatar\/a91d60506c31a7cb05e69a21529f91908e538db3b21f58bfda4039be740fcb71?s=96&d=mm&r=g\",\"caption\":\"Isabel\"},\"url\":\"https:\/\/www.institutodeengenharia.org.br\/site\/author\/isabel\/\"}]}<\/script>\n<!-- \/ Yoast SEO plugin. -->","yoast_head_json":{"title":"Por Jos\u00e9 Eduardo Cavalcanti - O Rio Pinheiros em verso - Instituto de Engenharia","robots":{"index":"index","follow":"follow","max-snippet":"max-snippet:-1","max-image-preview":"max-image-preview:large","max-video-preview":"max-video-preview:-1"},"canonical":"https:\/\/www.institutodeengenharia.org.br\/site\/2023\/04\/20\/por-jose-eduardo-cavalcanti-o-rio-pinheiros-em-verso\/","og_locale":"pt_BR","og_type":"article","og_title":"Por Jos\u00e9 Eduardo Cavalcanti - O Rio Pinheiros em verso","og_description":"Objetivando testar as potencialidades do Chat GPT pedi para \u201cele\u201d compor versos sobre o rio Pinheiros inspirados em Cora Coralina e em Olavo Bilac.","og_url":"https:\/\/www.institutodeengenharia.org.br\/site\/2023\/04\/20\/por-jose-eduardo-cavalcanti-o-rio-pinheiros-em-verso\/","og_site_name":"Instituto de Engenharia","article_publisher":"https:\/\/www.facebook.com\/institutodeengenharia","article_published_time":"2023-04-20T18:35:55+00:00","article_modified_time":"2023-04-24T11:58:30+00:00","og_image":[{"width":593,"height":517,"url":"https:\/\/www.institutodeengenharia.org.br\/site\/wp-content\/uploads\/2023\/04\/fotoartigo.jpg","type":"image\/jpeg"}],"author":"Isabel","twitter_card":"summary_large_image","twitter_title":"Por Jos\u00e9 Eduardo Cavalcanti - O Rio Pinheiros em verso","twitter_description":"Objetivando testar as potencialidades do Chat GPT pedi para \u201cele\u201d compor versos sobre o rio Pinheiros inspirados em Cora Coralina e em Olavo Bilac.","twitter_image":"https:\/\/www.institutodeengenharia.org.br\/site\/wp-content\/uploads\/2023\/04\/fotoartigo.jpg","twitter_creator":"@iengenharia","twitter_site":"@iengenharia","twitter_misc":{"Escrito por":"Isabel","Est. tempo de leitura":"3 minutos"},"schema":{"@context":"https:\/\/schema.org","@graph":[{"@type":"Article","@id":"https:\/\/www.institutodeengenharia.org.br\/site\/2023\/04\/20\/por-jose-eduardo-cavalcanti-o-rio-pinheiros-em-verso\/#article","isPartOf":{"@id":"https:\/\/www.institutodeengenharia.org.br\/site\/2023\/04\/20\/por-jose-eduardo-cavalcanti-o-rio-pinheiros-em-verso\/"},"author":{"name":"Isabel","@id":"https:\/\/www.institutodeengenharia.org.br\/site\/#\/schema\/person\/d1764429c217aaa88954818c8f9a3036"},"headline":"Por Jos\u00e9 Eduardo Cavalcanti &#8211; O Rio Pinheiros em verso","datePublished":"2023-04-20T18:35:55+00:00","dateModified":"2023-04-24T11:58:30+00:00","mainEntityOfPage":{"@id":"https:\/\/www.institutodeengenharia.org.br\/site\/2023\/04\/20\/por-jose-eduardo-cavalcanti-o-rio-pinheiros-em-verso\/"},"wordCount":466,"commentCount":0,"publisher":{"@id":"https:\/\/www.institutodeengenharia.org.br\/site\/#organization"},"image":{"@id":"https:\/\/www.institutodeengenharia.org.br\/site\/2023\/04\/20\/por-jose-eduardo-cavalcanti-o-rio-pinheiros-em-verso\/#primaryimage"},"thumbnailUrl":"https:\/\/www.institutodeengenharia.org.br\/site\/wp-content\/uploads\/2023\/04\/fotoartigo.jpg","articleSection":["Articulistas","Jos\u00e9 Eduardo Cavalcanti"],"inLanguage":"pt-BR","potentialAction":[{"@type":"CommentAction","name":"Comment","target":["https:\/\/www.institutodeengenharia.org.br\/site\/2023\/04\/20\/por-jose-eduardo-cavalcanti-o-rio-pinheiros-em-verso\/#respond"]}]},{"@type":"WebPage","@id":"https:\/\/www.institutodeengenharia.org.br\/site\/2023\/04\/20\/por-jose-eduardo-cavalcanti-o-rio-pinheiros-em-verso\/","url":"https:\/\/www.institutodeengenharia.org.br\/site\/2023\/04\/20\/por-jose-eduardo-cavalcanti-o-rio-pinheiros-em-verso\/","name":"Por Jos\u00e9 Eduardo Cavalcanti - O Rio Pinheiros em verso - Instituto de Engenharia","isPartOf":{"@id":"https:\/\/www.institutodeengenharia.org.br\/site\/#website"},"primaryImageOfPage":{"@id":"https:\/\/www.institutodeengenharia.org.br\/site\/2023\/04\/20\/por-jose-eduardo-cavalcanti-o-rio-pinheiros-em-verso\/#primaryimage"},"image":{"@id":"https:\/\/www.institutodeengenharia.org.br\/site\/2023\/04\/20\/por-jose-eduardo-cavalcanti-o-rio-pinheiros-em-verso\/#primaryimage"},"thumbnailUrl":"https:\/\/www.institutodeengenharia.org.br\/site\/wp-content\/uploads\/2023\/04\/fotoartigo.jpg","datePublished":"2023-04-20T18:35:55+00:00","dateModified":"2023-04-24T11:58:30+00:00","breadcrumb":{"@id":"https:\/\/www.institutodeengenharia.org.br\/site\/2023\/04\/20\/por-jose-eduardo-cavalcanti-o-rio-pinheiros-em-verso\/#breadcrumb"},"inLanguage":"pt-BR","potentialAction":[{"@type":"ReadAction","target":["https:\/\/www.institutodeengenharia.org.br\/site\/2023\/04\/20\/por-jose-eduardo-cavalcanti-o-rio-pinheiros-em-verso\/"]}]},{"@type":"ImageObject","inLanguage":"pt-BR","@id":"https:\/\/www.institutodeengenharia.org.br\/site\/2023\/04\/20\/por-jose-eduardo-cavalcanti-o-rio-pinheiros-em-verso\/#primaryimage","url":"https:\/\/www.institutodeengenharia.org.br\/site\/wp-content\/uploads\/2023\/04\/fotoartigo.jpg","contentUrl":"https:\/\/www.institutodeengenharia.org.br\/site\/wp-content\/uploads\/2023\/04\/fotoartigo.jpg","width":593,"height":517},{"@type":"BreadcrumbList","@id":"https:\/\/www.institutodeengenharia.org.br\/site\/2023\/04\/20\/por-jose-eduardo-cavalcanti-o-rio-pinheiros-em-verso\/#breadcrumb","itemListElement":[{"@type":"ListItem","position":1,"name":"In\u00edcio","item":"https:\/\/www.institutodeengenharia.org.br\/site\/"},{"@type":"ListItem","position":2,"name":"Por Jos\u00e9 Eduardo Cavalcanti &#8211; O Rio Pinheiros em verso"}]},{"@type":"WebSite","@id":"https:\/\/www.institutodeengenharia.org.br\/site\/#website","url":"https:\/\/www.institutodeengenharia.org.br\/site\/","name":"Instituto de Engenharia","description":"O Instituto de Engenharia promove a Engenharia em benef\u00edcio do desenvolvimento e da qualidade de vida da sociedade.","publisher":{"@id":"https:\/\/www.institutodeengenharia.org.br\/site\/#organization"},"potentialAction":[{"@type":"SearchAction","target":{"@type":"EntryPoint","urlTemplate":"https:\/\/www.institutodeengenharia.org.br\/site\/?s={search_term_string}"},"query-input":{"@type":"PropertyValueSpecification","valueRequired":true,"valueName":"search_term_string"}}],"inLanguage":"pt-BR"},{"@type":"Organization","@id":"https:\/\/www.institutodeengenharia.org.br\/site\/#organization","name":"Instituto de Engenharia","url":"https:\/\/www.institutodeengenharia.org.br\/site\/","logo":{"@type":"ImageObject","inLanguage":"pt-BR","@id":"https:\/\/www.institutodeengenharia.org.br\/site\/#\/schema\/logo\/image\/","url":"https:\/\/www.institutodeengenharia.org.br\/site\/wp-content\/uploads\/2019\/03\/logo-novo-IE2018-1.jpg","contentUrl":"https:\/\/www.institutodeengenharia.org.br\/site\/wp-content\/uploads\/2019\/03\/logo-novo-IE2018-1.jpg","width":1486,"height":1879,"caption":"Instituto de Engenharia"},"image":{"@id":"https:\/\/www.institutodeengenharia.org.br\/site\/#\/schema\/logo\/image\/"},"sameAs":["https:\/\/www.facebook.com\/institutodeengenharia","https:\/\/x.com\/iengenharia","https:\/\/www.instagram.com\/institutodeengenharia\/","https:\/\/www.linkedin.com\/company\/instituto-de-engenharia\/","https:\/\/www.youtube.com\/channel\/UCXiCAlsSMe977vamW915HxA"]},{"@type":"Person","@id":"https:\/\/www.institutodeengenharia.org.br\/site\/#\/schema\/person\/d1764429c217aaa88954818c8f9a3036","name":"Isabel","image":{"@type":"ImageObject","inLanguage":"pt-BR","@id":"https:\/\/secure.gravatar.com\/avatar\/a91d60506c31a7cb05e69a21529f91908e538db3b21f58bfda4039be740fcb71?s=96&d=mm&r=g","url":"https:\/\/secure.gravatar.com\/avatar\/a91d60506c31a7cb05e69a21529f91908e538db3b21f58bfda4039be740fcb71?s=96&d=mm&r=g","contentUrl":"https:\/\/secure.gravatar.com\/avatar\/a91d60506c31a7cb05e69a21529f91908e538db3b21f58bfda4039be740fcb71?s=96&d=mm&r=g","caption":"Isabel"},"url":"https:\/\/www.institutodeengenharia.org.br\/site\/author\/isabel\/"}]}},"_links":{"self":[{"href":"https:\/\/www.institutodeengenharia.org.br\/site\/wp-json\/wp\/v2\/posts\/104549","targetHints":{"allow":["GET"]}}],"collection":[{"href":"https:\/\/www.institutodeengenharia.org.br\/site\/wp-json\/wp\/v2\/posts"}],"about":[{"href":"https:\/\/www.institutodeengenharia.org.br\/site\/wp-json\/wp\/v2\/types\/post"}],"author":[{"embeddable":true,"href":"https:\/\/www.institutodeengenharia.org.br\/site\/wp-json\/wp\/v2\/users\/2"}],"replies":[{"embeddable":true,"href":"https:\/\/www.institutodeengenharia.org.br\/site\/wp-json\/wp\/v2\/comments?post=104549"}],"version-history":[{"count":2,"href":"https:\/\/www.institutodeengenharia.org.br\/site\/wp-json\/wp\/v2\/posts\/104549\/revisions"}],"predecessor-version":[{"id":104600,"href":"https:\/\/www.institutodeengenharia.org.br\/site\/wp-json\/wp\/v2\/posts\/104549\/revisions\/104600"}],"wp:featuredmedia":[{"embeddable":true,"href":"https:\/\/www.institutodeengenharia.org.br\/site\/wp-json\/wp\/v2\/media\/104599"}],"wp:attachment":[{"href":"https:\/\/www.institutodeengenharia.org.br\/site\/wp-json\/wp\/v2\/media?parent=104549"}],"wp:term":[{"taxonomy":"category","embeddable":true,"href":"https:\/\/www.institutodeengenharia.org.br\/site\/wp-json\/wp\/v2\/categories?post=104549"},{"taxonomy":"post_tag","embeddable":true,"href":"https:\/\/www.institutodeengenharia.org.br\/site\/wp-json\/wp\/v2\/tags?post=104549"}],"curies":[{"name":"wp","href":"https:\/\/api.w.org\/{rel}","templated":true}]}}