{"id":104279,"date":"2023-04-14T15:25:05","date_gmt":"2023-04-14T18:25:05","guid":{"rendered":"https:\/\/www.institutodeengenharia.org.br\/site\/?p=104279"},"modified":"2023-05-31T15:51:21","modified_gmt":"2023-05-31T18:51:21","slug":"grupo-de-leitura-livro-infraestrutura-para-o-desenvolvimento-sustentavel-da-amazonia-de-ricardo-abramovay","status":"publish","type":"post","link":"https:\/\/www.institutodeengenharia.org.br\/site\/2023\/04\/14\/grupo-de-leitura-livro-infraestrutura-para-o-desenvolvimento-sustentavel-da-amazonia-de-ricardo-abramovay\/","title":{"rendered":"Grupo de Leitura &#8211; Livro &#8220;Infraestrutura para o Desenvolvimento Sustent\u00e1vel da Amaz\u00f4nia&#8221;, de Ricardo Abramovay"},"content":{"rendered":"<p><strong>Assista abaixo \u00e0 grava\u00e7\u00e3o do evento:<\/strong><\/p>\n<div style=\"padding: 56.25% 0 0 0; position: relative;\"><iframe style=\"position: absolute; top: 0; left: 0; width: 100%; height: 100%;\" title=\"Grupo de Leitura - Livro &amp;quot;Infraestrutura Para o Desenvolvimento Sustent&amp;aacute;vel de Amaz&amp;ocirc;nia&amp;quot;, de Ricardo Abramovay\" src=\"https:\/\/player.vimeo.com\/video\/831977621?h=e767b7d051&amp;badge=0&amp;autopause=0&amp;player_id=0&amp;app_id=58479\" frameborder=\"0\" allowfullscreen=\"allowfullscreen\"><\/iframe><\/div>\n<p>&nbsp;<\/p>\n<p><strong>+ Informa\u00e7\u00f5es:<\/strong><\/p>\n<p>Nesta quarta-feira, 29 de mar\u00e7o, teremos a honra de receber o renomado autor Ricardo Abramovay para um bate-papo sobre o tema &#8220;Infraestrutura para o Desenvolvimento Sustent\u00e1vel da Amaz\u00f4nia&#8221;, t\u00edtulo de um de seus livros.<\/p>\n<p>No livro, Abramovay aborda diversas pesquisas que t\u00eam sido pauta dos nossos encontros abertos, incluindo a pesquisa do Eduardo Roxo, bem como outras refer\u00eancias contempor\u00e2neas, como os trabalhos de Salo Coslovsky e do Banco Interamericano de Desenvolvimento (BID). Esta \u00e9 uma excelente oportunidade para aqueles que desejam manter-se atualizados e prontos para o desenvolvimento de solu\u00e7\u00f5es sustent\u00e1veis para o futuro.<\/p>\n<p><b><span data-contrast=\"auto\">8.MAR | 18H<\/span><\/b><span data-ccp-props=\"{&quot;201341983&quot;:0,&quot;335551550&quot;:1,&quot;335551620&quot;:1,&quot;335559740&quot;:257}\">\u00a0<\/span><\/p>\n<p><span data-contrast=\"auto\">Cap\u00edtulo #1 ODS e infraestrutura para reduzir o abismo e o cap\u00edtulo #2 Para al\u00e9m de megaprojetos<\/span><span data-ccp-props=\"{&quot;201341983&quot;:0,&quot;335551550&quot;:1,&quot;335551620&quot;:1,&quot;335559740&quot;:257}\">\u00a0<\/span><\/p>\n<p><b><span data-contrast=\"auto\">15.MAR | 18H<\/span><\/b><span data-ccp-props=\"{&quot;201341983&quot;:0,&quot;335551550&quot;:1,&quot;335551620&quot;:1,&quot;335559740&quot;:257}\">\u00a0<\/span><\/p>\n<p><span data-contrast=\"auto\">Cap\u00edtulo #3 O fim da era de concreto e o cap\u00edtulo #4 Quatro pistas para repensar a infraestrutura<\/span><span data-ccp-props=\"{&quot;201341983&quot;:0,&quot;335551550&quot;:1,&quot;335551620&quot;:1,&quot;335559740&quot;:257}\">\u00a0<\/span><\/p>\n<p><b><span data-contrast=\"auto\">22.MAR | 18H<\/span><\/b><span data-ccp-props=\"{&quot;201341983&quot;:0,&quot;335551550&quot;:1,&quot;335551620&quot;:1,&quot;335559740&quot;:257}\">\u00a0<\/span><\/p>\n<p><span data-contrast=\"auto\">Cap\u00edtulo #4.3 A Infraestrutura do uso sustent\u00e1vel da sociobiodiversidade florestal e cap\u00edtulo #5 Cidades<\/span><span data-ccp-props=\"{&quot;201341983&quot;:0,&quot;335551550&quot;:1,&quot;335551620&quot;:1,&quot;335559740&quot;:257}\">\u00a0<\/span><\/p>\n<p><b><span data-contrast=\"auto\">29.MAR | 18H<\/span><\/b><span data-ccp-props=\"{&quot;201341983&quot;:0,&quot;335551550&quot;:1,&quot;335551620&quot;:1,&quot;335559740&quot;:257}\">\u00a0<\/span><\/p>\n<p><span data-contrast=\"auto\">Conclus\u00e3o em conversa com o autor Ricardo Abramovay<\/span><span data-ccp-props=\"{&quot;201341983&quot;:0,&quot;335551550&quot;:1,&quot;335551620&quot;:1,&quot;335559740&quot;:257}\">\u00a0<\/span><\/p>\n<p><strong>P\u00fablico-alvo:<\/strong><\/p>\n<p><span class=\"TextRun Highlight SCXW186352202 BCX8\" lang=\"PT-BR\" xml:lang=\"PT-BR\" data-contrast=\"auto\"><span class=\"NormalTextRun SCXW186352202 BCX8\">Profissionais de Engenharia, professores e estudantes.<\/span><\/span><span class=\"EOP SCXW186352202 BCX8\" data-ccp-props=\"{&quot;201341983&quot;:0,&quot;335551550&quot;:6,&quot;335551620&quot;:6,&quot;335559740&quot;:259}\">\u00a0<\/span><\/p>\n<p><strong>Realiza\u00e7\u00e3o:<\/strong><\/p>\n<p><img loading=\"lazy\" decoding=\"async\" class=\"alignnone wp-image-99537\" src=\"https:\/\/www.institutodeengenharia.org.br\/site\/wp-content\/uploads\/2022\/10\/Logo-Colorido.png\" alt=\"\" width=\"372\" height=\"126\" srcset=\"https:\/\/www.institutodeengenharia.org.br\/site\/wp-content\/uploads\/2022\/10\/Logo-Colorido.png 596w, https:\/\/www.institutodeengenharia.org.br\/site\/wp-content\/uploads\/2022\/10\/Logo-Colorido-300x102.png 300w\" sizes=\"auto, (max-width: 372px) 100vw, 372px\" \/><\/p>\n<p><strong>Apoio Institucional:<\/strong><\/p>\n<p><img loading=\"lazy\" decoding=\"async\" class=\"alignnone wp-image-77696 td-animation-stack-type0-2\" src=\"https:\/\/www.institutodeengenharia.org.br\/site\/wp-content\/uploads\/2021\/02\/crea.jpg\" alt=\"\" width=\"140\" height=\"98\" srcset=\"https:\/\/www.institutodeengenharia.org.br\/site\/wp-content\/uploads\/2021\/02\/crea.jpg 448w, https:\/\/www.institutodeengenharia.org.br\/site\/wp-content\/uploads\/2021\/02\/crea-300x211.jpg 300w, https:\/\/www.institutodeengenharia.org.br\/site\/wp-content\/uploads\/2021\/02\/crea-100x70.jpg 100w\" sizes=\"auto, (max-width: 140px) 100vw, 140px\" \/><\/p>\n<p><strong>Apoio \u00e0 forma\u00e7\u00e3o:\u00a0<\/strong><\/p>\n<p>Espa\u00e7o aberto ao CREA-SP, objetivando o aperfei\u00e7oamento dos profissionais e o aprimoramento da fiscaliza\u00e7\u00e3o das \u00e1reas abrangidas pelo Sistema Confea\/CREAs, al\u00e9m de promover a conscientiza\u00e7\u00e3o da sociedade quanto \u00e0 necessidade e obrigatoriedade de contratar um profissional devidamente habilitado.<\/p>\n<p>&nbsp;<\/p>\n","protected":false},"excerpt":{"rendered":"<p>Assista abaixo \u00e0 grava\u00e7\u00e3o do evento: &nbsp; + Informa\u00e7\u00f5es: Nesta quarta-feira, 29 de mar\u00e7o, teremos a honra de receber o renomado autor Ricardo Abramovay para um bate-papo sobre o tema &#8220;Infraestrutura para o Desenvolvimento Sustent\u00e1vel da Amaz\u00f4nia&#8221;, t\u00edtulo de um de seus livros. No livro, Abramovay aborda diversas pesquisas que t\u00eam sido pauta dos nossos [&hellip;]<\/p>\n","protected":false},"author":13,"featured_media":103566,"comment_status":"open","ping_status":"open","sticky":false,"template":"","format":"video","meta":{"footnotes":""},"categories":[1119,968,969],"tags":[1176],"class_list":{"0":"post-104279","1":"post","2":"type-post","3":"status-publish","4":"format-video","5":"has-post-thumbnail","7":"category-amazonia-e-bioeconomia","8":"category-nova-tv-engenharia","9":"category-palestra","10":"tag-video-home","11":"post_format-post-format-video"},"yoast_head":"<!-- This site is optimized with the Yoast SEO plugin v27.2 - https:\/\/yoast.com\/product\/yoast-seo-wordpress\/ -->\n<title>Grupo de Leitura - Livro &quot;Infraestrutura para o Desenvolvimento Sustent\u00e1vel da Amaz\u00f4nia&quot;, de Ricardo Abramovay - Instituto de Engenharia<\/title>\n<meta name=\"robots\" content=\"index, follow, max-snippet:-1, max-image-preview:large, max-video-preview:-1\" \/>\n<link rel=\"canonical\" href=\"https:\/\/www.institutodeengenharia.org.br\/site\/2023\/04\/14\/grupo-de-leitura-livro-infraestrutura-para-o-desenvolvimento-sustentavel-da-amazonia-de-ricardo-abramovay\/\" \/>\n<meta property=\"og:locale\" content=\"pt_BR\" \/>\n<meta property=\"og:type\" content=\"article\" \/>\n<meta property=\"og:title\" content=\"Grupo de Leitura - Livro &quot;Infraestrutura para o Desenvolvimento Sustent\u00e1vel da Amaz\u00f4nia&quot;, de Ricardo Abramovay\" \/>\n<meta property=\"og:description\" content=\"Nesta quarta-feira, 29 de mar\u00e7o, teremos a honra de receber o renomado autor Ricardo Abramovay para um bate-papo sobre o tema &quot;Infraestrutura para o Desenvolvimento Sustent\u00e1vel da Amaz\u00f4nia&quot;, t\u00edtulo de um de seus livros.\" \/>\n<meta property=\"og:url\" content=\"https:\/\/www.institutodeengenharia.org.br\/site\/2023\/04\/14\/grupo-de-leitura-livro-infraestrutura-para-o-desenvolvimento-sustentavel-da-amazonia-de-ricardo-abramovay\/\" \/>\n<meta property=\"og:site_name\" content=\"Instituto de Engenharia\" \/>\n<meta property=\"article:publisher\" content=\"https:\/\/www.facebook.com\/institutodeengenharia\" \/>\n<meta property=\"article:published_time\" content=\"2023-04-14T18:25:05+00:00\" \/>\n<meta property=\"article:modified_time\" content=\"2023-05-31T18:51:21+00:00\" \/>\n<meta property=\"og:image\" content=\"https:\/\/www.institutodeengenharia.org.br\/site\/wp-content\/uploads\/2023\/02\/Evento-abramovay.jpg\" \/>\n\t<meta property=\"og:image:width\" content=\"1920\" \/>\n\t<meta property=\"og:image:height\" content=\"1080\" \/>\n\t<meta property=\"og:image:type\" content=\"image\/jpeg\" \/>\n<meta name=\"author\" content=\"Bianca\" \/>\n<meta name=\"twitter:card\" content=\"summary_large_image\" \/>\n<meta name=\"twitter:title\" content=\"Grupo de Leitura - Livro &quot;Infraestrutura para o Desenvolvimento Sustent\u00e1vel da Amaz\u00f4nia&quot;, de Ricardo Abramovay\" \/>\n<meta name=\"twitter:description\" content=\"Nesta quarta-feira, 29 de mar\u00e7o, teremos a honra de receber o renomado autor Ricardo Abramovay para um bate-papo sobre o tema &quot;Infraestrutura para o Desenvolvimento Sustent\u00e1vel da Amaz\u00f4nia&quot;, t\u00edtulo de um de seus livros.\" \/>\n<meta name=\"twitter:image\" content=\"https:\/\/www.institutodeengenharia.org.br\/site\/wp-content\/uploads\/2023\/02\/Evento-abramovay.jpg\" \/>\n<meta name=\"twitter:creator\" content=\"@iengenharia\" \/>\n<meta name=\"twitter:site\" content=\"@iengenharia\" \/>\n<meta name=\"twitter:label1\" content=\"Escrito por\" \/>\n\t<meta name=\"twitter:data1\" content=\"Bianca\" \/>\n\t<meta name=\"twitter:label2\" content=\"Est. tempo de leitura\" \/>\n\t<meta name=\"twitter:data2\" content=\"2 minutos\" \/>\n<script type=\"application\/ld+json\" class=\"yoast-schema-graph\">{\"@context\":\"https:\/\/schema.org\",\"@graph\":[{\"@type\":\"Article\",\"@id\":\"https:\/\/www.institutodeengenharia.org.br\/site\/2023\/04\/14\/grupo-de-leitura-livro-infraestrutura-para-o-desenvolvimento-sustentavel-da-amazonia-de-ricardo-abramovay\/#article\",\"isPartOf\":{\"@id\":\"https:\/\/www.institutodeengenharia.org.br\/site\/2023\/04\/14\/grupo-de-leitura-livro-infraestrutura-para-o-desenvolvimento-sustentavel-da-amazonia-de-ricardo-abramovay\/\"},\"author\":{\"name\":\"Bianca\",\"@id\":\"https:\/\/www.institutodeengenharia.org.br\/site\/#\/schema\/person\/aeb64951c405e100d26d30b033dd423f\"},\"headline\":\"Grupo de Leitura &#8211; Livro &#8220;Infraestrutura para o Desenvolvimento Sustent\u00e1vel da Amaz\u00f4nia&#8221;, de Ricardo Abramovay\",\"datePublished\":\"2023-04-14T18:25:05+00:00\",\"dateModified\":\"2023-05-31T18:51:21+00:00\",\"mainEntityOfPage\":{\"@id\":\"https:\/\/www.institutodeengenharia.org.br\/site\/2023\/04\/14\/grupo-de-leitura-livro-infraestrutura-para-o-desenvolvimento-sustentavel-da-amazonia-de-ricardo-abramovay\/\"},\"wordCount\":254,\"commentCount\":0,\"publisher\":{\"@id\":\"https:\/\/www.institutodeengenharia.org.br\/site\/#organization\"},\"image\":{\"@id\":\"https:\/\/www.institutodeengenharia.org.br\/site\/2023\/04\/14\/grupo-de-leitura-livro-infraestrutura-para-o-desenvolvimento-sustentavel-da-amazonia-de-ricardo-abramovay\/#primaryimage\"},\"thumbnailUrl\":\"https:\/\/www.institutodeengenharia.org.br\/site\/wp-content\/uploads\/2023\/02\/Evento-abramovay.jpg\",\"keywords\":[\"video-home\"],\"articleSection\":[\"Amaz\u00f4nia e Bioeconomia\",\"Nova TV Engenharia\",\"Palestra\"],\"inLanguage\":\"pt-BR\",\"potentialAction\":[{\"@type\":\"CommentAction\",\"name\":\"Comment\",\"target\":[\"https:\/\/www.institutodeengenharia.org.br\/site\/2023\/04\/14\/grupo-de-leitura-livro-infraestrutura-para-o-desenvolvimento-sustentavel-da-amazonia-de-ricardo-abramovay\/#respond\"]}]},{\"@type\":\"WebPage\",\"@id\":\"https:\/\/www.institutodeengenharia.org.br\/site\/2023\/04\/14\/grupo-de-leitura-livro-infraestrutura-para-o-desenvolvimento-sustentavel-da-amazonia-de-ricardo-abramovay\/\",\"url\":\"https:\/\/www.institutodeengenharia.org.br\/site\/2023\/04\/14\/grupo-de-leitura-livro-infraestrutura-para-o-desenvolvimento-sustentavel-da-amazonia-de-ricardo-abramovay\/\",\"name\":\"Grupo de Leitura - Livro \\\"Infraestrutura para o Desenvolvimento Sustent\u00e1vel da Amaz\u00f4nia\\\", de Ricardo Abramovay - Instituto de Engenharia\",\"isPartOf\":{\"@id\":\"https:\/\/www.institutodeengenharia.org.br\/site\/#website\"},\"primaryImageOfPage\":{\"@id\":\"https:\/\/www.institutodeengenharia.org.br\/site\/2023\/04\/14\/grupo-de-leitura-livro-infraestrutura-para-o-desenvolvimento-sustentavel-da-amazonia-de-ricardo-abramovay\/#primaryimage\"},\"image\":{\"@id\":\"https:\/\/www.institutodeengenharia.org.br\/site\/2023\/04\/14\/grupo-de-leitura-livro-infraestrutura-para-o-desenvolvimento-sustentavel-da-amazonia-de-ricardo-abramovay\/#primaryimage\"},\"thumbnailUrl\":\"https:\/\/www.institutodeengenharia.org.br\/site\/wp-content\/uploads\/2023\/02\/Evento-abramovay.jpg\",\"datePublished\":\"2023-04-14T18:25:05+00:00\",\"dateModified\":\"2023-05-31T18:51:21+00:00\",\"breadcrumb\":{\"@id\":\"https:\/\/www.institutodeengenharia.org.br\/site\/2023\/04\/14\/grupo-de-leitura-livro-infraestrutura-para-o-desenvolvimento-sustentavel-da-amazonia-de-ricardo-abramovay\/#breadcrumb\"},\"inLanguage\":\"pt-BR\",\"potentialAction\":[{\"@type\":\"ReadAction\",\"target\":[\"https:\/\/www.institutodeengenharia.org.br\/site\/2023\/04\/14\/grupo-de-leitura-livro-infraestrutura-para-o-desenvolvimento-sustentavel-da-amazonia-de-ricardo-abramovay\/\"]}]},{\"@type\":\"ImageObject\",\"inLanguage\":\"pt-BR\",\"@id\":\"https:\/\/www.institutodeengenharia.org.br\/site\/2023\/04\/14\/grupo-de-leitura-livro-infraestrutura-para-o-desenvolvimento-sustentavel-da-amazonia-de-ricardo-abramovay\/#primaryimage\",\"url\":\"https:\/\/www.institutodeengenharia.org.br\/site\/wp-content\/uploads\/2023\/02\/Evento-abramovay.jpg\",\"contentUrl\":\"https:\/\/www.institutodeengenharia.org.br\/site\/wp-content\/uploads\/2023\/02\/Evento-abramovay.jpg\",\"width\":1920,\"height\":1080},{\"@type\":\"BreadcrumbList\",\"@id\":\"https:\/\/www.institutodeengenharia.org.br\/site\/2023\/04\/14\/grupo-de-leitura-livro-infraestrutura-para-o-desenvolvimento-sustentavel-da-amazonia-de-ricardo-abramovay\/#breadcrumb\",\"itemListElement\":[{\"@type\":\"ListItem\",\"position\":1,\"name\":\"In\u00edcio\",\"item\":\"https:\/\/www.institutodeengenharia.org.br\/site\/\"},{\"@type\":\"ListItem\",\"position\":2,\"name\":\"Grupo de Leitura &#8211; Livro &#8220;Infraestrutura para o Desenvolvimento Sustent\u00e1vel da Amaz\u00f4nia&#8221;, de Ricardo Abramovay\"}]},{\"@type\":\"WebSite\",\"@id\":\"https:\/\/www.institutodeengenharia.org.br\/site\/#website\",\"url\":\"https:\/\/www.institutodeengenharia.org.br\/site\/\",\"name\":\"Instituto de Engenharia\",\"description\":\"O Instituto de Engenharia promove a Engenharia em benef\u00edcio do desenvolvimento e da qualidade de vida da sociedade.\",\"publisher\":{\"@id\":\"https:\/\/www.institutodeengenharia.org.br\/site\/#organization\"},\"potentialAction\":[{\"@type\":\"SearchAction\",\"target\":{\"@type\":\"EntryPoint\",\"urlTemplate\":\"https:\/\/www.institutodeengenharia.org.br\/site\/?s={search_term_string}\"},\"query-input\":{\"@type\":\"PropertyValueSpecification\",\"valueRequired\":true,\"valueName\":\"search_term_string\"}}],\"inLanguage\":\"pt-BR\"},{\"@type\":\"Organization\",\"@id\":\"https:\/\/www.institutodeengenharia.org.br\/site\/#organization\",\"name\":\"Instituto de Engenharia\",\"url\":\"https:\/\/www.institutodeengenharia.org.br\/site\/\",\"logo\":{\"@type\":\"ImageObject\",\"inLanguage\":\"pt-BR\",\"@id\":\"https:\/\/www.institutodeengenharia.org.br\/site\/#\/schema\/logo\/image\/\",\"url\":\"https:\/\/www.institutodeengenharia.org.br\/site\/wp-content\/uploads\/2019\/03\/logo-novo-IE2018-1.jpg\",\"contentUrl\":\"https:\/\/www.institutodeengenharia.org.br\/site\/wp-content\/uploads\/2019\/03\/logo-novo-IE2018-1.jpg\",\"width\":1486,\"height\":1879,\"caption\":\"Instituto de Engenharia\"},\"image\":{\"@id\":\"https:\/\/www.institutodeengenharia.org.br\/site\/#\/schema\/logo\/image\/\"},\"sameAs\":[\"https:\/\/www.facebook.com\/institutodeengenharia\",\"https:\/\/x.com\/iengenharia\",\"https:\/\/www.instagram.com\/institutodeengenharia\/\",\"https:\/\/www.linkedin.com\/company\/instituto-de-engenharia\/\",\"https:\/\/www.youtube.com\/channel\/UCXiCAlsSMe977vamW915HxA\"]},{\"@type\":\"Person\",\"@id\":\"https:\/\/www.institutodeengenharia.org.br\/site\/#\/schema\/person\/aeb64951c405e100d26d30b033dd423f\",\"name\":\"Bianca\",\"image\":{\"@type\":\"ImageObject\",\"inLanguage\":\"pt-BR\",\"@id\":\"https:\/\/secure.gravatar.com\/avatar\/a6fbe9bff57405baf4c1e2c5c1811e072b558253974a9f9508f4678900c97c2a?s=96&d=mm&r=g\",\"url\":\"https:\/\/secure.gravatar.com\/avatar\/a6fbe9bff57405baf4c1e2c5c1811e072b558253974a9f9508f4678900c97c2a?s=96&d=mm&r=g\",\"contentUrl\":\"https:\/\/secure.gravatar.com\/avatar\/a6fbe9bff57405baf4c1e2c5c1811e072b558253974a9f9508f4678900c97c2a?s=96&d=mm&r=g\",\"caption\":\"Bianca\"},\"url\":\"https:\/\/www.institutodeengenharia.org.br\/site\/author\/comunicacao1\/\"}]}<\/script>\n<!-- \/ Yoast SEO plugin. -->","yoast_head_json":{"title":"Grupo de Leitura - Livro \"Infraestrutura para o Desenvolvimento Sustent\u00e1vel da Amaz\u00f4nia\", de Ricardo Abramovay - Instituto de Engenharia","robots":{"index":"index","follow":"follow","max-snippet":"max-snippet:-1","max-image-preview":"max-image-preview:large","max-video-preview":"max-video-preview:-1"},"canonical":"https:\/\/www.institutodeengenharia.org.br\/site\/2023\/04\/14\/grupo-de-leitura-livro-infraestrutura-para-o-desenvolvimento-sustentavel-da-amazonia-de-ricardo-abramovay\/","og_locale":"pt_BR","og_type":"article","og_title":"Grupo de Leitura - Livro \"Infraestrutura para o Desenvolvimento Sustent\u00e1vel da Amaz\u00f4nia\", de Ricardo Abramovay","og_description":"Nesta quarta-feira, 29 de mar\u00e7o, teremos a honra de receber o renomado autor Ricardo Abramovay para um bate-papo sobre o tema \"Infraestrutura para o Desenvolvimento Sustent\u00e1vel da Amaz\u00f4nia\", t\u00edtulo de um de seus livros.","og_url":"https:\/\/www.institutodeengenharia.org.br\/site\/2023\/04\/14\/grupo-de-leitura-livro-infraestrutura-para-o-desenvolvimento-sustentavel-da-amazonia-de-ricardo-abramovay\/","og_site_name":"Instituto de Engenharia","article_publisher":"https:\/\/www.facebook.com\/institutodeengenharia","article_published_time":"2023-04-14T18:25:05+00:00","article_modified_time":"2023-05-31T18:51:21+00:00","og_image":[{"width":1920,"height":1080,"url":"https:\/\/www.institutodeengenharia.org.br\/site\/wp-content\/uploads\/2023\/02\/Evento-abramovay.jpg","type":"image\/jpeg"}],"author":"Bianca","twitter_card":"summary_large_image","twitter_title":"Grupo de Leitura - Livro \"Infraestrutura para o Desenvolvimento Sustent\u00e1vel da Amaz\u00f4nia\", de Ricardo Abramovay","twitter_description":"Nesta quarta-feira, 29 de mar\u00e7o, teremos a honra de receber o renomado autor Ricardo Abramovay para um bate-papo sobre o tema \"Infraestrutura para o Desenvolvimento Sustent\u00e1vel da Amaz\u00f4nia\", t\u00edtulo de um de seus livros.","twitter_image":"https:\/\/www.institutodeengenharia.org.br\/site\/wp-content\/uploads\/2023\/02\/Evento-abramovay.jpg","twitter_creator":"@iengenharia","twitter_site":"@iengenharia","twitter_misc":{"Escrito por":"Bianca","Est. tempo de leitura":"2 minutos"},"schema":{"@context":"https:\/\/schema.org","@graph":[{"@type":"Article","@id":"https:\/\/www.institutodeengenharia.org.br\/site\/2023\/04\/14\/grupo-de-leitura-livro-infraestrutura-para-o-desenvolvimento-sustentavel-da-amazonia-de-ricardo-abramovay\/#article","isPartOf":{"@id":"https:\/\/www.institutodeengenharia.org.br\/site\/2023\/04\/14\/grupo-de-leitura-livro-infraestrutura-para-o-desenvolvimento-sustentavel-da-amazonia-de-ricardo-abramovay\/"},"author":{"name":"Bianca","@id":"https:\/\/www.institutodeengenharia.org.br\/site\/#\/schema\/person\/aeb64951c405e100d26d30b033dd423f"},"headline":"Grupo de Leitura &#8211; Livro &#8220;Infraestrutura para o Desenvolvimento Sustent\u00e1vel da Amaz\u00f4nia&#8221;, de Ricardo Abramovay","datePublished":"2023-04-14T18:25:05+00:00","dateModified":"2023-05-31T18:51:21+00:00","mainEntityOfPage":{"@id":"https:\/\/www.institutodeengenharia.org.br\/site\/2023\/04\/14\/grupo-de-leitura-livro-infraestrutura-para-o-desenvolvimento-sustentavel-da-amazonia-de-ricardo-abramovay\/"},"wordCount":254,"commentCount":0,"publisher":{"@id":"https:\/\/www.institutodeengenharia.org.br\/site\/#organization"},"image":{"@id":"https:\/\/www.institutodeengenharia.org.br\/site\/2023\/04\/14\/grupo-de-leitura-livro-infraestrutura-para-o-desenvolvimento-sustentavel-da-amazonia-de-ricardo-abramovay\/#primaryimage"},"thumbnailUrl":"https:\/\/www.institutodeengenharia.org.br\/site\/wp-content\/uploads\/2023\/02\/Evento-abramovay.jpg","keywords":["video-home"],"articleSection":["Amaz\u00f4nia e Bioeconomia","Nova TV Engenharia","Palestra"],"inLanguage":"pt-BR","potentialAction":[{"@type":"CommentAction","name":"Comment","target":["https:\/\/www.institutodeengenharia.org.br\/site\/2023\/04\/14\/grupo-de-leitura-livro-infraestrutura-para-o-desenvolvimento-sustentavel-da-amazonia-de-ricardo-abramovay\/#respond"]}]},{"@type":"WebPage","@id":"https:\/\/www.institutodeengenharia.org.br\/site\/2023\/04\/14\/grupo-de-leitura-livro-infraestrutura-para-o-desenvolvimento-sustentavel-da-amazonia-de-ricardo-abramovay\/","url":"https:\/\/www.institutodeengenharia.org.br\/site\/2023\/04\/14\/grupo-de-leitura-livro-infraestrutura-para-o-desenvolvimento-sustentavel-da-amazonia-de-ricardo-abramovay\/","name":"Grupo de Leitura - Livro \"Infraestrutura para o Desenvolvimento Sustent\u00e1vel da Amaz\u00f4nia\", de Ricardo Abramovay - Instituto de Engenharia","isPartOf":{"@id":"https:\/\/www.institutodeengenharia.org.br\/site\/#website"},"primaryImageOfPage":{"@id":"https:\/\/www.institutodeengenharia.org.br\/site\/2023\/04\/14\/grupo-de-leitura-livro-infraestrutura-para-o-desenvolvimento-sustentavel-da-amazonia-de-ricardo-abramovay\/#primaryimage"},"image":{"@id":"https:\/\/www.institutodeengenharia.org.br\/site\/2023\/04\/14\/grupo-de-leitura-livro-infraestrutura-para-o-desenvolvimento-sustentavel-da-amazonia-de-ricardo-abramovay\/#primaryimage"},"thumbnailUrl":"https:\/\/www.institutodeengenharia.org.br\/site\/wp-content\/uploads\/2023\/02\/Evento-abramovay.jpg","datePublished":"2023-04-14T18:25:05+00:00","dateModified":"2023-05-31T18:51:21+00:00","breadcrumb":{"@id":"https:\/\/www.institutodeengenharia.org.br\/site\/2023\/04\/14\/grupo-de-leitura-livro-infraestrutura-para-o-desenvolvimento-sustentavel-da-amazonia-de-ricardo-abramovay\/#breadcrumb"},"inLanguage":"pt-BR","potentialAction":[{"@type":"ReadAction","target":["https:\/\/www.institutodeengenharia.org.br\/site\/2023\/04\/14\/grupo-de-leitura-livro-infraestrutura-para-o-desenvolvimento-sustentavel-da-amazonia-de-ricardo-abramovay\/"]}]},{"@type":"ImageObject","inLanguage":"pt-BR","@id":"https:\/\/www.institutodeengenharia.org.br\/site\/2023\/04\/14\/grupo-de-leitura-livro-infraestrutura-para-o-desenvolvimento-sustentavel-da-amazonia-de-ricardo-abramovay\/#primaryimage","url":"https:\/\/www.institutodeengenharia.org.br\/site\/wp-content\/uploads\/2023\/02\/Evento-abramovay.jpg","contentUrl":"https:\/\/www.institutodeengenharia.org.br\/site\/wp-content\/uploads\/2023\/02\/Evento-abramovay.jpg","width":1920,"height":1080},{"@type":"BreadcrumbList","@id":"https:\/\/www.institutodeengenharia.org.br\/site\/2023\/04\/14\/grupo-de-leitura-livro-infraestrutura-para-o-desenvolvimento-sustentavel-da-amazonia-de-ricardo-abramovay\/#breadcrumb","itemListElement":[{"@type":"ListItem","position":1,"name":"In\u00edcio","item":"https:\/\/www.institutodeengenharia.org.br\/site\/"},{"@type":"ListItem","position":2,"name":"Grupo de Leitura &#8211; Livro &#8220;Infraestrutura para o Desenvolvimento Sustent\u00e1vel da Amaz\u00f4nia&#8221;, de Ricardo Abramovay"}]},{"@type":"WebSite","@id":"https:\/\/www.institutodeengenharia.org.br\/site\/#website","url":"https:\/\/www.institutodeengenharia.org.br\/site\/","name":"Instituto de Engenharia","description":"O Instituto de Engenharia promove a Engenharia em benef\u00edcio do desenvolvimento e da qualidade de vida da sociedade.","publisher":{"@id":"https:\/\/www.institutodeengenharia.org.br\/site\/#organization"},"potentialAction":[{"@type":"SearchAction","target":{"@type":"EntryPoint","urlTemplate":"https:\/\/www.institutodeengenharia.org.br\/site\/?s={search_term_string}"},"query-input":{"@type":"PropertyValueSpecification","valueRequired":true,"valueName":"search_term_string"}}],"inLanguage":"pt-BR"},{"@type":"Organization","@id":"https:\/\/www.institutodeengenharia.org.br\/site\/#organization","name":"Instituto de Engenharia","url":"https:\/\/www.institutodeengenharia.org.br\/site\/","logo":{"@type":"ImageObject","inLanguage":"pt-BR","@id":"https:\/\/www.institutodeengenharia.org.br\/site\/#\/schema\/logo\/image\/","url":"https:\/\/www.institutodeengenharia.org.br\/site\/wp-content\/uploads\/2019\/03\/logo-novo-IE2018-1.jpg","contentUrl":"https:\/\/www.institutodeengenharia.org.br\/site\/wp-content\/uploads\/2019\/03\/logo-novo-IE2018-1.jpg","width":1486,"height":1879,"caption":"Instituto de Engenharia"},"image":{"@id":"https:\/\/www.institutodeengenharia.org.br\/site\/#\/schema\/logo\/image\/"},"sameAs":["https:\/\/www.facebook.com\/institutodeengenharia","https:\/\/x.com\/iengenharia","https:\/\/www.instagram.com\/institutodeengenharia\/","https:\/\/www.linkedin.com\/company\/instituto-de-engenharia\/","https:\/\/www.youtube.com\/channel\/UCXiCAlsSMe977vamW915HxA"]},{"@type":"Person","@id":"https:\/\/www.institutodeengenharia.org.br\/site\/#\/schema\/person\/aeb64951c405e100d26d30b033dd423f","name":"Bianca","image":{"@type":"ImageObject","inLanguage":"pt-BR","@id":"https:\/\/secure.gravatar.com\/avatar\/a6fbe9bff57405baf4c1e2c5c1811e072b558253974a9f9508f4678900c97c2a?s=96&d=mm&r=g","url":"https:\/\/secure.gravatar.com\/avatar\/a6fbe9bff57405baf4c1e2c5c1811e072b558253974a9f9508f4678900c97c2a?s=96&d=mm&r=g","contentUrl":"https:\/\/secure.gravatar.com\/avatar\/a6fbe9bff57405baf4c1e2c5c1811e072b558253974a9f9508f4678900c97c2a?s=96&d=mm&r=g","caption":"Bianca"},"url":"https:\/\/www.institutodeengenharia.org.br\/site\/author\/comunicacao1\/"}]}},"_links":{"self":[{"href":"https:\/\/www.institutodeengenharia.org.br\/site\/wp-json\/wp\/v2\/posts\/104279","targetHints":{"allow":["GET"]}}],"collection":[{"href":"https:\/\/www.institutodeengenharia.org.br\/site\/wp-json\/wp\/v2\/posts"}],"about":[{"href":"https:\/\/www.institutodeengenharia.org.br\/site\/wp-json\/wp\/v2\/types\/post"}],"author":[{"embeddable":true,"href":"https:\/\/www.institutodeengenharia.org.br\/site\/wp-json\/wp\/v2\/users\/13"}],"replies":[{"embeddable":true,"href":"https:\/\/www.institutodeengenharia.org.br\/site\/wp-json\/wp\/v2\/comments?post=104279"}],"version-history":[{"count":2,"href":"https:\/\/www.institutodeengenharia.org.br\/site\/wp-json\/wp\/v2\/posts\/104279\/revisions"}],"predecessor-version":[{"id":106454,"href":"https:\/\/www.institutodeengenharia.org.br\/site\/wp-json\/wp\/v2\/posts\/104279\/revisions\/106454"}],"wp:featuredmedia":[{"embeddable":true,"href":"https:\/\/www.institutodeengenharia.org.br\/site\/wp-json\/wp\/v2\/media\/103566"}],"wp:attachment":[{"href":"https:\/\/www.institutodeengenharia.org.br\/site\/wp-json\/wp\/v2\/media?parent=104279"}],"wp:term":[{"taxonomy":"category","embeddable":true,"href":"https:\/\/www.institutodeengenharia.org.br\/site\/wp-json\/wp\/v2\/categories?post=104279"},{"taxonomy":"post_tag","embeddable":true,"href":"https:\/\/www.institutodeengenharia.org.br\/site\/wp-json\/wp\/v2\/tags?post=104279"}],"curies":[{"name":"wp","href":"https:\/\/api.w.org\/{rel}","templated":true}]}}