{"id":104277,"date":"2022-10-04T15:05:25","date_gmt":"2022-10-04T18:05:25","guid":{"rendered":"https:\/\/www.institutodeengenharia.org.br\/site\/?p=104277"},"modified":"2023-04-14T15:07:50","modified_gmt":"2023-04-14T18:07:50","slug":"apresentacao-do-pre-estudo-de-viabilidade-para-o-instituto-de-tecnologia-da-amazonia-amit","status":"publish","type":"post","link":"https:\/\/www.institutodeengenharia.org.br\/site\/2022\/10\/04\/apresentacao-do-pre-estudo-de-viabilidade-para-o-instituto-de-tecnologia-da-amazonia-amit\/","title":{"rendered":"Apresenta\u00e7\u00e3o do Pr\u00e9-Estudo de Viabilidade para o Instituto de Tecnologia da Amaz\u00f4nia (AmIT)"},"content":{"rendered":"<p><strong>Assista abaixo \u00e0 grava\u00e7\u00e3o do evento:\u00a0<\/strong><\/p>\n<div style=\"padding: 56.25% 0 0 0; position: relative;\"><iframe style=\"position: absolute; top: 0; left: 0; width: 100%; height: 100%;\" title=\"Apresenta&amp;ccedil;&amp;atilde;o do Pr&amp;eacute;-estudo de Viabilidade Para o Instituto de Tecnologia da Amaz&amp;ocirc;nia (AMIT).\" src=\"https:\/\/player.vimeo.com\/video\/817355396?h=ef67e5b229&amp;badge=0&amp;autopause=0&amp;player_id=0&amp;app_id=58479\" frameborder=\"0\" allowfullscreen=\"allowfullscreen\"><\/iframe><\/div>\n<p><script src=\"https:\/\/player.vimeo.com\/api\/player.js\"><\/script>+ Informa\u00e7\u00f5es:<\/p>\n<p>O palestrante Adalberto Val ir\u00e1 compartilhar sobre a cria\u00e7\u00e3o do &#8220;Instituto de Tecnologia da Amaz\u00f4nia (AmIT)&#8221;, uma institui\u00e7\u00e3o p\u00fablico-privada de alcance Pan-Amaz\u00f4nico que incluir\u00e1 representantes dos governos, institui\u00e7\u00f5es intergovernamentais, universidades, institutos de pesquisas, empresas, outras organiza\u00e7\u00f5es do setor privado e a sociedade civil. O AmIT tem como miss\u00e3o contribuir com o desenvolvimento socioecon\u00f4mico e melhoria da qualidade de vida da popula\u00e7\u00e3o amaz\u00f4nica, em sinergia com a conserva\u00e7\u00e3o e valora\u00e7\u00e3o da floresta e dos rios, por meio da transforma\u00e7\u00e3o do conhecimento cient\u00edfico e tradicional em inova\u00e7\u00e3o tecnol\u00f3gica a servi\u00e7o da Amaz\u00f4nia e do mundo.<\/p>\n<p><strong>P\u00fablico-alvo:<\/strong><\/p>\n<p><span class=\"TextRun Highlight SCXW89342406 BCX0\" lang=\"PT-BR\" xml:lang=\"PT-BR\" data-contrast=\"auto\"><span class=\"NormalTextRun SCXW89342406 BCX0\">Profissionais de Engenharia, professores e estudantes.<\/span><\/span><span class=\"EOP SCXW89342406 BCX0\" data-ccp-props=\"{&quot;335551550&quot;:6,&quot;335551620&quot;:6}\">\u00a0<\/span><\/p>\n<p><strong>Realiza\u00e7\u00e3o:<\/strong><\/p>\n<p><img loading=\"lazy\" decoding=\"async\" class=\"alignnone wp-image-86938 alignleft\" src=\"https:\/\/www.institutodeengenharia.org.br\/site\/wp-content\/uploads\/2021\/10\/logo-news2.png\" alt=\"\" width=\"95\" height=\"137\" srcset=\"https:\/\/www.institutodeengenharia.org.br\/site\/wp-content\/uploads\/2021\/10\/logo-news2.png 553w, https:\/\/www.institutodeengenharia.org.br\/site\/wp-content\/uploads\/2021\/10\/logo-news2-207x300.png 207w, https:\/\/www.institutodeengenharia.org.br\/site\/wp-content\/uploads\/2021\/10\/logo-news2-290x420.png 290w\" sizes=\"auto, (max-width: 95px) 100vw, 95px\" \/><\/p>\n<p style=\"text-align: left;\"><strong>Eng. Ivan Metran Whately<\/strong> \u2013 Vice-Presidente de Atividades T\u00e9cnicas<\/p>\n<p style=\"text-align: left;\"><strong><span class=\"TextRun SCXW87422497 BCX0\" lang=\"PT-BR\" xml:lang=\"PT-BR\" data-contrast=\"auto\"><span class=\"NormalTextRun SCXW87422497 BCX0\">GT Amaz\u00f4nia e Bioeconomia<\/span><\/span><span class=\"EOP SCXW87422497 BCX0\" data-ccp-props=\"{&quot;335551550&quot;:6,&quot;335551620&quot;:6,&quot;335559731&quot;:7}\">\u00a0<\/span><\/strong><\/p>\n<p>&nbsp;<\/p>\n<p>&nbsp;<\/p>\n<p><strong>Apoio Institucional:<\/strong><\/p>\n<p><img loading=\"lazy\" decoding=\"async\" class=\"alignnone wp-image-77696 td-animation-stack-type0-2\" src=\"https:\/\/www.institutodeengenharia.org.br\/site\/wp-content\/uploads\/2021\/02\/crea.jpg\" alt=\"\" width=\"140\" height=\"98\" srcset=\"https:\/\/www.institutodeengenharia.org.br\/site\/wp-content\/uploads\/2021\/02\/crea.jpg 448w, https:\/\/www.institutodeengenharia.org.br\/site\/wp-content\/uploads\/2021\/02\/crea-300x211.jpg 300w, https:\/\/www.institutodeengenharia.org.br\/site\/wp-content\/uploads\/2021\/02\/crea-100x70.jpg 100w\" sizes=\"auto, (max-width: 140px) 100vw, 140px\" \/><\/p>\n<p><strong>Apoio \u00e0 forma\u00e7\u00e3o:\u00a0<\/strong><\/p>\n<p>Espa\u00e7o aberto ao CREA-SP, objetivando o aperfei\u00e7oamento dos profissionais e o aprimoramento da fiscaliza\u00e7\u00e3o das \u00e1reas abrangidas pelo Sistema Confea\/CREAs, al\u00e9m de promover a conscientiza\u00e7\u00e3o da sociedade quanto \u00e0 necessidade e obrigatoriedade de contratar um profissional devidamente habilitado.<\/p>\n<p>&nbsp;<\/p>\n","protected":false},"excerpt":{"rendered":"<p>Assista abaixo \u00e0 grava\u00e7\u00e3o do evento:\u00a0 + Informa\u00e7\u00f5es: O palestrante Adalberto Val ir\u00e1 compartilhar sobre a cria\u00e7\u00e3o do &#8220;Instituto de Tecnologia da Amaz\u00f4nia (AmIT)&#8221;, uma institui\u00e7\u00e3o p\u00fablico-privada de alcance Pan-Amaz\u00f4nico que incluir\u00e1 representantes dos governos, institui\u00e7\u00f5es intergovernamentais, universidades, institutos de pesquisas, empresas, outras organiza\u00e7\u00f5es do setor privado e a sociedade civil. O AmIT tem como [&hellip;]<\/p>\n","protected":false},"author":13,"featured_media":98229,"comment_status":"open","ping_status":"open","sticky":false,"template":"","format":"video","meta":{"footnotes":""},"categories":[1119,968,969],"tags":[],"class_list":{"0":"post-104277","1":"post","2":"type-post","3":"status-publish","4":"format-video","5":"has-post-thumbnail","7":"category-amazonia-e-bioeconomia","8":"category-nova-tv-engenharia","9":"category-palestra","10":"post_format-post-format-video"},"yoast_head":"<!-- This site is optimized with the Yoast SEO plugin v27.2 - https:\/\/yoast.com\/product\/yoast-seo-wordpress\/ -->\n<title>Apresenta\u00e7\u00e3o do Pr\u00e9-Estudo de Viabilidade para o Instituto de Tecnologia da Amaz\u00f4nia (AmIT) - Instituto de Engenharia<\/title>\n<meta name=\"robots\" content=\"index, follow, max-snippet:-1, max-image-preview:large, max-video-preview:-1\" \/>\n<link rel=\"canonical\" href=\"https:\/\/www.institutodeengenharia.org.br\/site\/2022\/10\/04\/apresentacao-do-pre-estudo-de-viabilidade-para-o-instituto-de-tecnologia-da-amazonia-amit\/\" \/>\n<meta property=\"og:locale\" content=\"pt_BR\" \/>\n<meta property=\"og:type\" content=\"article\" \/>\n<meta property=\"og:title\" content=\"Apresenta\u00e7\u00e3o do Pr\u00e9-Estudo de Viabilidade para o Instituto de Tecnologia da Amaz\u00f4nia (AmIT)\" \/>\n<meta property=\"og:description\" content=\"O palestrante Adalberto Val ir\u00e1 compartilhar sobre a cria\u00e7\u00e3o do &quot;Instituto de Tecnologia da Amaz\u00f4nia (AmIT)&quot;, uma institui\u00e7\u00e3o p\u00fablico-privada de alcance Pan-Amaz\u00f4nico que incluir\u00e1 representantes dos governos, institui\u00e7\u00f5es intergovernamentais, universidades, institutos de pesquisas, empresas, outras organiza\u00e7\u00f5es do setor privado e a sociedade civil. O AmIT tem como miss\u00e3o contribuir com o desenvolvimento socioecon\u00f4mico e melhoria da qualidade de vida da popula\u00e7\u00e3o amaz\u00f4nica, em sinergia com a conserva\u00e7\u00e3o e valora\u00e7\u00e3o da floresta e dos rios, por meio da transforma\u00e7\u00e3o do conhecimento cient\u00edfico e tradicional em inova\u00e7\u00e3o tecnol\u00f3gica a servi\u00e7o da Amaz\u00f4nia e do mundo.\" \/>\n<meta property=\"og:url\" content=\"https:\/\/www.institutodeengenharia.org.br\/site\/2022\/10\/04\/apresentacao-do-pre-estudo-de-viabilidade-para-o-instituto-de-tecnologia-da-amazonia-amit\/\" \/>\n<meta property=\"og:site_name\" content=\"Instituto de Engenharia\" \/>\n<meta property=\"article:publisher\" content=\"https:\/\/www.facebook.com\/institutodeengenharia\" \/>\n<meta property=\"article:published_time\" content=\"2022-10-04T18:05:25+00:00\" \/>\n<meta property=\"article:modified_time\" content=\"2023-04-14T18:07:50+00:00\" \/>\n<meta property=\"og:image\" content=\"https:\/\/www.institutodeengenharia.org.br\/site\/wp-content\/uploads\/2022\/09\/Design-sem-nome-2022-09-20T135541.893-1024x576.png\" \/>\n\t<meta property=\"og:image:width\" content=\"1024\" \/>\n\t<meta property=\"og:image:height\" content=\"576\" \/>\n\t<meta property=\"og:image:type\" content=\"image\/png\" \/>\n<meta name=\"author\" content=\"Bianca\" \/>\n<meta name=\"twitter:card\" content=\"summary_large_image\" \/>\n<meta name=\"twitter:title\" content=\"Apresenta\u00e7\u00e3o do Pr\u00e9-Estudo de Viabilidade para o Instituto de Tecnologia da Amaz\u00f4nia (AmIT)\" \/>\n<meta name=\"twitter:description\" content=\"O palestrante Adalberto Val ir\u00e1 compartilhar sobre a cria\u00e7\u00e3o do &quot;Instituto de Tecnologia da Amaz\u00f4nia (AmIT)&quot;, uma institui\u00e7\u00e3o p\u00fablico-privada de alcance Pan-Amaz\u00f4nico que incluir\u00e1 representantes dos governos, institui\u00e7\u00f5es intergovernamentais, universidades, institutos de pesquisas, empresas, outras organiza\u00e7\u00f5es do setor privado e a sociedade civil. O AmIT tem como miss\u00e3o contribuir com o desenvolvimento socioecon\u00f4mico e melhoria da qualidade de vida da popula\u00e7\u00e3o amaz\u00f4nica, em sinergia com a conserva\u00e7\u00e3o e valora\u00e7\u00e3o da floresta e dos rios, por meio da transforma\u00e7\u00e3o do conhecimento cient\u00edfico e tradicional em inova\u00e7\u00e3o tecnol\u00f3gica a servi\u00e7o da Amaz\u00f4nia e do mundo.\" \/>\n<meta name=\"twitter:image\" content=\"https:\/\/www.institutodeengenharia.org.br\/site\/wp-content\/uploads\/2022\/09\/Design-sem-nome-2022-09-20T135541.893.png\" \/>\n<meta name=\"twitter:creator\" content=\"@iengenharia\" \/>\n<meta name=\"twitter:site\" content=\"@iengenharia\" \/>\n<meta name=\"twitter:label1\" content=\"Escrito por\" \/>\n\t<meta name=\"twitter:data1\" content=\"Bianca\" \/>\n\t<meta name=\"twitter:label2\" content=\"Est. tempo de leitura\" \/>\n\t<meta name=\"twitter:data2\" content=\"2 minutos\" \/>\n<script type=\"application\/ld+json\" class=\"yoast-schema-graph\">{\"@context\":\"https:\/\/schema.org\",\"@graph\":[{\"@type\":\"Article\",\"@id\":\"https:\/\/www.institutodeengenharia.org.br\/site\/2022\/10\/04\/apresentacao-do-pre-estudo-de-viabilidade-para-o-instituto-de-tecnologia-da-amazonia-amit\/#article\",\"isPartOf\":{\"@id\":\"https:\/\/www.institutodeengenharia.org.br\/site\/2022\/10\/04\/apresentacao-do-pre-estudo-de-viabilidade-para-o-instituto-de-tecnologia-da-amazonia-amit\/\"},\"author\":{\"name\":\"Bianca\",\"@id\":\"https:\/\/www.institutodeengenharia.org.br\/site\/#\/schema\/person\/aeb64951c405e100d26d30b033dd423f\"},\"headline\":\"Apresenta\u00e7\u00e3o do Pr\u00e9-Estudo de Viabilidade para o Instituto de Tecnologia da Amaz\u00f4nia (AmIT)\",\"datePublished\":\"2022-10-04T18:05:25+00:00\",\"dateModified\":\"2023-04-14T18:07:50+00:00\",\"mainEntityOfPage\":{\"@id\":\"https:\/\/www.institutodeengenharia.org.br\/site\/2022\/10\/04\/apresentacao-do-pre-estudo-de-viabilidade-para-o-instituto-de-tecnologia-da-amazonia-amit\/\"},\"wordCount\":211,\"commentCount\":0,\"publisher\":{\"@id\":\"https:\/\/www.institutodeengenharia.org.br\/site\/#organization\"},\"image\":{\"@id\":\"https:\/\/www.institutodeengenharia.org.br\/site\/2022\/10\/04\/apresentacao-do-pre-estudo-de-viabilidade-para-o-instituto-de-tecnologia-da-amazonia-amit\/#primaryimage\"},\"thumbnailUrl\":\"https:\/\/www.institutodeengenharia.org.br\/site\/wp-content\/uploads\/2022\/09\/Design-sem-nome-2022-09-20T135541.893.png\",\"articleSection\":[\"Amaz\u00f4nia e Bioeconomia\",\"Nova TV Engenharia\",\"Palestra\"],\"inLanguage\":\"pt-BR\",\"potentialAction\":[{\"@type\":\"CommentAction\",\"name\":\"Comment\",\"target\":[\"https:\/\/www.institutodeengenharia.org.br\/site\/2022\/10\/04\/apresentacao-do-pre-estudo-de-viabilidade-para-o-instituto-de-tecnologia-da-amazonia-amit\/#respond\"]}]},{\"@type\":\"WebPage\",\"@id\":\"https:\/\/www.institutodeengenharia.org.br\/site\/2022\/10\/04\/apresentacao-do-pre-estudo-de-viabilidade-para-o-instituto-de-tecnologia-da-amazonia-amit\/\",\"url\":\"https:\/\/www.institutodeengenharia.org.br\/site\/2022\/10\/04\/apresentacao-do-pre-estudo-de-viabilidade-para-o-instituto-de-tecnologia-da-amazonia-amit\/\",\"name\":\"Apresenta\u00e7\u00e3o do Pr\u00e9-Estudo de Viabilidade para o Instituto de Tecnologia da Amaz\u00f4nia (AmIT) - Instituto de Engenharia\",\"isPartOf\":{\"@id\":\"https:\/\/www.institutodeengenharia.org.br\/site\/#website\"},\"primaryImageOfPage\":{\"@id\":\"https:\/\/www.institutodeengenharia.org.br\/site\/2022\/10\/04\/apresentacao-do-pre-estudo-de-viabilidade-para-o-instituto-de-tecnologia-da-amazonia-amit\/#primaryimage\"},\"image\":{\"@id\":\"https:\/\/www.institutodeengenharia.org.br\/site\/2022\/10\/04\/apresentacao-do-pre-estudo-de-viabilidade-para-o-instituto-de-tecnologia-da-amazonia-amit\/#primaryimage\"},\"thumbnailUrl\":\"https:\/\/www.institutodeengenharia.org.br\/site\/wp-content\/uploads\/2022\/09\/Design-sem-nome-2022-09-20T135541.893.png\",\"datePublished\":\"2022-10-04T18:05:25+00:00\",\"dateModified\":\"2023-04-14T18:07:50+00:00\",\"breadcrumb\":{\"@id\":\"https:\/\/www.institutodeengenharia.org.br\/site\/2022\/10\/04\/apresentacao-do-pre-estudo-de-viabilidade-para-o-instituto-de-tecnologia-da-amazonia-amit\/#breadcrumb\"},\"inLanguage\":\"pt-BR\",\"potentialAction\":[{\"@type\":\"ReadAction\",\"target\":[\"https:\/\/www.institutodeengenharia.org.br\/site\/2022\/10\/04\/apresentacao-do-pre-estudo-de-viabilidade-para-o-instituto-de-tecnologia-da-amazonia-amit\/\"]}]},{\"@type\":\"ImageObject\",\"inLanguage\":\"pt-BR\",\"@id\":\"https:\/\/www.institutodeengenharia.org.br\/site\/2022\/10\/04\/apresentacao-do-pre-estudo-de-viabilidade-para-o-instituto-de-tecnologia-da-amazonia-amit\/#primaryimage\",\"url\":\"https:\/\/www.institutodeengenharia.org.br\/site\/wp-content\/uploads\/2022\/09\/Design-sem-nome-2022-09-20T135541.893.png\",\"contentUrl\":\"https:\/\/www.institutodeengenharia.org.br\/site\/wp-content\/uploads\/2022\/09\/Design-sem-nome-2022-09-20T135541.893.png\",\"width\":1920,\"height\":1080},{\"@type\":\"BreadcrumbList\",\"@id\":\"https:\/\/www.institutodeengenharia.org.br\/site\/2022\/10\/04\/apresentacao-do-pre-estudo-de-viabilidade-para-o-instituto-de-tecnologia-da-amazonia-amit\/#breadcrumb\",\"itemListElement\":[{\"@type\":\"ListItem\",\"position\":1,\"name\":\"In\u00edcio\",\"item\":\"https:\/\/www.institutodeengenharia.org.br\/site\/\"},{\"@type\":\"ListItem\",\"position\":2,\"name\":\"Apresenta\u00e7\u00e3o do Pr\u00e9-Estudo de Viabilidade para o Instituto de Tecnologia da Amaz\u00f4nia (AmIT)\"}]},{\"@type\":\"WebSite\",\"@id\":\"https:\/\/www.institutodeengenharia.org.br\/site\/#website\",\"url\":\"https:\/\/www.institutodeengenharia.org.br\/site\/\",\"name\":\"Instituto de Engenharia\",\"description\":\"O Instituto de Engenharia promove a Engenharia em benef\u00edcio do desenvolvimento e da qualidade de vida da sociedade.\",\"publisher\":{\"@id\":\"https:\/\/www.institutodeengenharia.org.br\/site\/#organization\"},\"potentialAction\":[{\"@type\":\"SearchAction\",\"target\":{\"@type\":\"EntryPoint\",\"urlTemplate\":\"https:\/\/www.institutodeengenharia.org.br\/site\/?s={search_term_string}\"},\"query-input\":{\"@type\":\"PropertyValueSpecification\",\"valueRequired\":true,\"valueName\":\"search_term_string\"}}],\"inLanguage\":\"pt-BR\"},{\"@type\":\"Organization\",\"@id\":\"https:\/\/www.institutodeengenharia.org.br\/site\/#organization\",\"name\":\"Instituto de Engenharia\",\"url\":\"https:\/\/www.institutodeengenharia.org.br\/site\/\",\"logo\":{\"@type\":\"ImageObject\",\"inLanguage\":\"pt-BR\",\"@id\":\"https:\/\/www.institutodeengenharia.org.br\/site\/#\/schema\/logo\/image\/\",\"url\":\"https:\/\/www.institutodeengenharia.org.br\/site\/wp-content\/uploads\/2019\/03\/logo-novo-IE2018-1.jpg\",\"contentUrl\":\"https:\/\/www.institutodeengenharia.org.br\/site\/wp-content\/uploads\/2019\/03\/logo-novo-IE2018-1.jpg\",\"width\":1486,\"height\":1879,\"caption\":\"Instituto de Engenharia\"},\"image\":{\"@id\":\"https:\/\/www.institutodeengenharia.org.br\/site\/#\/schema\/logo\/image\/\"},\"sameAs\":[\"https:\/\/www.facebook.com\/institutodeengenharia\",\"https:\/\/x.com\/iengenharia\",\"https:\/\/www.instagram.com\/institutodeengenharia\/\",\"https:\/\/www.linkedin.com\/company\/instituto-de-engenharia\/\",\"https:\/\/www.youtube.com\/channel\/UCXiCAlsSMe977vamW915HxA\"]},{\"@type\":\"Person\",\"@id\":\"https:\/\/www.institutodeengenharia.org.br\/site\/#\/schema\/person\/aeb64951c405e100d26d30b033dd423f\",\"name\":\"Bianca\",\"image\":{\"@type\":\"ImageObject\",\"inLanguage\":\"pt-BR\",\"@id\":\"https:\/\/secure.gravatar.com\/avatar\/a6fbe9bff57405baf4c1e2c5c1811e072b558253974a9f9508f4678900c97c2a?s=96&d=mm&r=g\",\"url\":\"https:\/\/secure.gravatar.com\/avatar\/a6fbe9bff57405baf4c1e2c5c1811e072b558253974a9f9508f4678900c97c2a?s=96&d=mm&r=g\",\"contentUrl\":\"https:\/\/secure.gravatar.com\/avatar\/a6fbe9bff57405baf4c1e2c5c1811e072b558253974a9f9508f4678900c97c2a?s=96&d=mm&r=g\",\"caption\":\"Bianca\"},\"url\":\"https:\/\/www.institutodeengenharia.org.br\/site\/author\/comunicacao1\/\"}]}<\/script>\n<!-- \/ Yoast SEO plugin. -->","yoast_head_json":{"title":"Apresenta\u00e7\u00e3o do Pr\u00e9-Estudo de Viabilidade para o Instituto de Tecnologia da Amaz\u00f4nia (AmIT) - Instituto de Engenharia","robots":{"index":"index","follow":"follow","max-snippet":"max-snippet:-1","max-image-preview":"max-image-preview:large","max-video-preview":"max-video-preview:-1"},"canonical":"https:\/\/www.institutodeengenharia.org.br\/site\/2022\/10\/04\/apresentacao-do-pre-estudo-de-viabilidade-para-o-instituto-de-tecnologia-da-amazonia-amit\/","og_locale":"pt_BR","og_type":"article","og_title":"Apresenta\u00e7\u00e3o do Pr\u00e9-Estudo de Viabilidade para o Instituto de Tecnologia da Amaz\u00f4nia (AmIT)","og_description":"O palestrante Adalberto Val ir\u00e1 compartilhar sobre a cria\u00e7\u00e3o do \"Instituto de Tecnologia da Amaz\u00f4nia (AmIT)\", uma institui\u00e7\u00e3o p\u00fablico-privada de alcance Pan-Amaz\u00f4nico que incluir\u00e1 representantes dos governos, institui\u00e7\u00f5es intergovernamentais, universidades, institutos de pesquisas, empresas, outras organiza\u00e7\u00f5es do setor privado e a sociedade civil. O AmIT tem como miss\u00e3o contribuir com o desenvolvimento socioecon\u00f4mico e melhoria da qualidade de vida da popula\u00e7\u00e3o amaz\u00f4nica, em sinergia com a conserva\u00e7\u00e3o e valora\u00e7\u00e3o da floresta e dos rios, por meio da transforma\u00e7\u00e3o do conhecimento cient\u00edfico e tradicional em inova\u00e7\u00e3o tecnol\u00f3gica a servi\u00e7o da Amaz\u00f4nia e do mundo.","og_url":"https:\/\/www.institutodeengenharia.org.br\/site\/2022\/10\/04\/apresentacao-do-pre-estudo-de-viabilidade-para-o-instituto-de-tecnologia-da-amazonia-amit\/","og_site_name":"Instituto de Engenharia","article_publisher":"https:\/\/www.facebook.com\/institutodeengenharia","article_published_time":"2022-10-04T18:05:25+00:00","article_modified_time":"2023-04-14T18:07:50+00:00","og_image":[{"width":1024,"height":576,"url":"https:\/\/www.institutodeengenharia.org.br\/site\/wp-content\/uploads\/2022\/09\/Design-sem-nome-2022-09-20T135541.893-1024x576.png","type":"image\/png"}],"author":"Bianca","twitter_card":"summary_large_image","twitter_title":"Apresenta\u00e7\u00e3o do Pr\u00e9-Estudo de Viabilidade para o Instituto de Tecnologia da Amaz\u00f4nia (AmIT)","twitter_description":"O palestrante Adalberto Val ir\u00e1 compartilhar sobre a cria\u00e7\u00e3o do \"Instituto de Tecnologia da Amaz\u00f4nia (AmIT)\", uma institui\u00e7\u00e3o p\u00fablico-privada de alcance Pan-Amaz\u00f4nico que incluir\u00e1 representantes dos governos, institui\u00e7\u00f5es intergovernamentais, universidades, institutos de pesquisas, empresas, outras organiza\u00e7\u00f5es do setor privado e a sociedade civil. O AmIT tem como miss\u00e3o contribuir com o desenvolvimento socioecon\u00f4mico e melhoria da qualidade de vida da popula\u00e7\u00e3o amaz\u00f4nica, em sinergia com a conserva\u00e7\u00e3o e valora\u00e7\u00e3o da floresta e dos rios, por meio da transforma\u00e7\u00e3o do conhecimento cient\u00edfico e tradicional em inova\u00e7\u00e3o tecnol\u00f3gica a servi\u00e7o da Amaz\u00f4nia e do mundo.","twitter_image":"https:\/\/www.institutodeengenharia.org.br\/site\/wp-content\/uploads\/2022\/09\/Design-sem-nome-2022-09-20T135541.893.png","twitter_creator":"@iengenharia","twitter_site":"@iengenharia","twitter_misc":{"Escrito por":"Bianca","Est. tempo de leitura":"2 minutos"},"schema":{"@context":"https:\/\/schema.org","@graph":[{"@type":"Article","@id":"https:\/\/www.institutodeengenharia.org.br\/site\/2022\/10\/04\/apresentacao-do-pre-estudo-de-viabilidade-para-o-instituto-de-tecnologia-da-amazonia-amit\/#article","isPartOf":{"@id":"https:\/\/www.institutodeengenharia.org.br\/site\/2022\/10\/04\/apresentacao-do-pre-estudo-de-viabilidade-para-o-instituto-de-tecnologia-da-amazonia-amit\/"},"author":{"name":"Bianca","@id":"https:\/\/www.institutodeengenharia.org.br\/site\/#\/schema\/person\/aeb64951c405e100d26d30b033dd423f"},"headline":"Apresenta\u00e7\u00e3o do Pr\u00e9-Estudo de Viabilidade para o Instituto de Tecnologia da Amaz\u00f4nia (AmIT)","datePublished":"2022-10-04T18:05:25+00:00","dateModified":"2023-04-14T18:07:50+00:00","mainEntityOfPage":{"@id":"https:\/\/www.institutodeengenharia.org.br\/site\/2022\/10\/04\/apresentacao-do-pre-estudo-de-viabilidade-para-o-instituto-de-tecnologia-da-amazonia-amit\/"},"wordCount":211,"commentCount":0,"publisher":{"@id":"https:\/\/www.institutodeengenharia.org.br\/site\/#organization"},"image":{"@id":"https:\/\/www.institutodeengenharia.org.br\/site\/2022\/10\/04\/apresentacao-do-pre-estudo-de-viabilidade-para-o-instituto-de-tecnologia-da-amazonia-amit\/#primaryimage"},"thumbnailUrl":"https:\/\/www.institutodeengenharia.org.br\/site\/wp-content\/uploads\/2022\/09\/Design-sem-nome-2022-09-20T135541.893.png","articleSection":["Amaz\u00f4nia e Bioeconomia","Nova TV Engenharia","Palestra"],"inLanguage":"pt-BR","potentialAction":[{"@type":"CommentAction","name":"Comment","target":["https:\/\/www.institutodeengenharia.org.br\/site\/2022\/10\/04\/apresentacao-do-pre-estudo-de-viabilidade-para-o-instituto-de-tecnologia-da-amazonia-amit\/#respond"]}]},{"@type":"WebPage","@id":"https:\/\/www.institutodeengenharia.org.br\/site\/2022\/10\/04\/apresentacao-do-pre-estudo-de-viabilidade-para-o-instituto-de-tecnologia-da-amazonia-amit\/","url":"https:\/\/www.institutodeengenharia.org.br\/site\/2022\/10\/04\/apresentacao-do-pre-estudo-de-viabilidade-para-o-instituto-de-tecnologia-da-amazonia-amit\/","name":"Apresenta\u00e7\u00e3o do Pr\u00e9-Estudo de Viabilidade para o Instituto de Tecnologia da Amaz\u00f4nia (AmIT) - Instituto de Engenharia","isPartOf":{"@id":"https:\/\/www.institutodeengenharia.org.br\/site\/#website"},"primaryImageOfPage":{"@id":"https:\/\/www.institutodeengenharia.org.br\/site\/2022\/10\/04\/apresentacao-do-pre-estudo-de-viabilidade-para-o-instituto-de-tecnologia-da-amazonia-amit\/#primaryimage"},"image":{"@id":"https:\/\/www.institutodeengenharia.org.br\/site\/2022\/10\/04\/apresentacao-do-pre-estudo-de-viabilidade-para-o-instituto-de-tecnologia-da-amazonia-amit\/#primaryimage"},"thumbnailUrl":"https:\/\/www.institutodeengenharia.org.br\/site\/wp-content\/uploads\/2022\/09\/Design-sem-nome-2022-09-20T135541.893.png","datePublished":"2022-10-04T18:05:25+00:00","dateModified":"2023-04-14T18:07:50+00:00","breadcrumb":{"@id":"https:\/\/www.institutodeengenharia.org.br\/site\/2022\/10\/04\/apresentacao-do-pre-estudo-de-viabilidade-para-o-instituto-de-tecnologia-da-amazonia-amit\/#breadcrumb"},"inLanguage":"pt-BR","potentialAction":[{"@type":"ReadAction","target":["https:\/\/www.institutodeengenharia.org.br\/site\/2022\/10\/04\/apresentacao-do-pre-estudo-de-viabilidade-para-o-instituto-de-tecnologia-da-amazonia-amit\/"]}]},{"@type":"ImageObject","inLanguage":"pt-BR","@id":"https:\/\/www.institutodeengenharia.org.br\/site\/2022\/10\/04\/apresentacao-do-pre-estudo-de-viabilidade-para-o-instituto-de-tecnologia-da-amazonia-amit\/#primaryimage","url":"https:\/\/www.institutodeengenharia.org.br\/site\/wp-content\/uploads\/2022\/09\/Design-sem-nome-2022-09-20T135541.893.png","contentUrl":"https:\/\/www.institutodeengenharia.org.br\/site\/wp-content\/uploads\/2022\/09\/Design-sem-nome-2022-09-20T135541.893.png","width":1920,"height":1080},{"@type":"BreadcrumbList","@id":"https:\/\/www.institutodeengenharia.org.br\/site\/2022\/10\/04\/apresentacao-do-pre-estudo-de-viabilidade-para-o-instituto-de-tecnologia-da-amazonia-amit\/#breadcrumb","itemListElement":[{"@type":"ListItem","position":1,"name":"In\u00edcio","item":"https:\/\/www.institutodeengenharia.org.br\/site\/"},{"@type":"ListItem","position":2,"name":"Apresenta\u00e7\u00e3o do Pr\u00e9-Estudo de Viabilidade para o Instituto de Tecnologia da Amaz\u00f4nia (AmIT)"}]},{"@type":"WebSite","@id":"https:\/\/www.institutodeengenharia.org.br\/site\/#website","url":"https:\/\/www.institutodeengenharia.org.br\/site\/","name":"Instituto de Engenharia","description":"O Instituto de Engenharia promove a Engenharia em benef\u00edcio do desenvolvimento e da qualidade de vida da sociedade.","publisher":{"@id":"https:\/\/www.institutodeengenharia.org.br\/site\/#organization"},"potentialAction":[{"@type":"SearchAction","target":{"@type":"EntryPoint","urlTemplate":"https:\/\/www.institutodeengenharia.org.br\/site\/?s={search_term_string}"},"query-input":{"@type":"PropertyValueSpecification","valueRequired":true,"valueName":"search_term_string"}}],"inLanguage":"pt-BR"},{"@type":"Organization","@id":"https:\/\/www.institutodeengenharia.org.br\/site\/#organization","name":"Instituto de Engenharia","url":"https:\/\/www.institutodeengenharia.org.br\/site\/","logo":{"@type":"ImageObject","inLanguage":"pt-BR","@id":"https:\/\/www.institutodeengenharia.org.br\/site\/#\/schema\/logo\/image\/","url":"https:\/\/www.institutodeengenharia.org.br\/site\/wp-content\/uploads\/2019\/03\/logo-novo-IE2018-1.jpg","contentUrl":"https:\/\/www.institutodeengenharia.org.br\/site\/wp-content\/uploads\/2019\/03\/logo-novo-IE2018-1.jpg","width":1486,"height":1879,"caption":"Instituto de Engenharia"},"image":{"@id":"https:\/\/www.institutodeengenharia.org.br\/site\/#\/schema\/logo\/image\/"},"sameAs":["https:\/\/www.facebook.com\/institutodeengenharia","https:\/\/x.com\/iengenharia","https:\/\/www.instagram.com\/institutodeengenharia\/","https:\/\/www.linkedin.com\/company\/instituto-de-engenharia\/","https:\/\/www.youtube.com\/channel\/UCXiCAlsSMe977vamW915HxA"]},{"@type":"Person","@id":"https:\/\/www.institutodeengenharia.org.br\/site\/#\/schema\/person\/aeb64951c405e100d26d30b033dd423f","name":"Bianca","image":{"@type":"ImageObject","inLanguage":"pt-BR","@id":"https:\/\/secure.gravatar.com\/avatar\/a6fbe9bff57405baf4c1e2c5c1811e072b558253974a9f9508f4678900c97c2a?s=96&d=mm&r=g","url":"https:\/\/secure.gravatar.com\/avatar\/a6fbe9bff57405baf4c1e2c5c1811e072b558253974a9f9508f4678900c97c2a?s=96&d=mm&r=g","contentUrl":"https:\/\/secure.gravatar.com\/avatar\/a6fbe9bff57405baf4c1e2c5c1811e072b558253974a9f9508f4678900c97c2a?s=96&d=mm&r=g","caption":"Bianca"},"url":"https:\/\/www.institutodeengenharia.org.br\/site\/author\/comunicacao1\/"}]}},"_links":{"self":[{"href":"https:\/\/www.institutodeengenharia.org.br\/site\/wp-json\/wp\/v2\/posts\/104277","targetHints":{"allow":["GET"]}}],"collection":[{"href":"https:\/\/www.institutodeengenharia.org.br\/site\/wp-json\/wp\/v2\/posts"}],"about":[{"href":"https:\/\/www.institutodeengenharia.org.br\/site\/wp-json\/wp\/v2\/types\/post"}],"author":[{"embeddable":true,"href":"https:\/\/www.institutodeengenharia.org.br\/site\/wp-json\/wp\/v2\/users\/13"}],"replies":[{"embeddable":true,"href":"https:\/\/www.institutodeengenharia.org.br\/site\/wp-json\/wp\/v2\/comments?post=104277"}],"version-history":[{"count":1,"href":"https:\/\/www.institutodeengenharia.org.br\/site\/wp-json\/wp\/v2\/posts\/104277\/revisions"}],"predecessor-version":[{"id":104278,"href":"https:\/\/www.institutodeengenharia.org.br\/site\/wp-json\/wp\/v2\/posts\/104277\/revisions\/104278"}],"wp:featuredmedia":[{"embeddable":true,"href":"https:\/\/www.institutodeengenharia.org.br\/site\/wp-json\/wp\/v2\/media\/98229"}],"wp:attachment":[{"href":"https:\/\/www.institutodeengenharia.org.br\/site\/wp-json\/wp\/v2\/media?parent=104277"}],"wp:term":[{"taxonomy":"category","embeddable":true,"href":"https:\/\/www.institutodeengenharia.org.br\/site\/wp-json\/wp\/v2\/categories?post=104277"},{"taxonomy":"post_tag","embeddable":true,"href":"https:\/\/www.institutodeengenharia.org.br\/site\/wp-json\/wp\/v2\/tags?post=104277"}],"curies":[{"name":"wp","href":"https:\/\/api.w.org\/{rel}","templated":true}]}}