{"id":102997,"date":"2023-03-09T10:27:40","date_gmt":"2023-03-09T13:27:40","guid":{"rendered":"https:\/\/www.institutodeengenharia.org.br\/site\/?p=102997"},"modified":"2023-03-20T11:12:39","modified_gmt":"2023-03-20T14:12:39","slug":"coalizao-clima-floresta-e-agricultura","status":"publish","type":"post","link":"https:\/\/www.institutodeengenharia.org.br\/site\/2023\/03\/09\/coalizao-clima-floresta-e-agricultura\/","title":{"rendered":"Encontro Coaliz\u00e3o Clima, Floresta e Agricultura"},"content":{"rendered":"<div style=\"padding: 56.25% 0 0 0; position: relative;\"><iframe style=\"position: absolute; top: 0; left: 0; width: 100%; height: 100%;\" title=\"XIII Encontro Aberto - Coaliza&amp;ccedil;&amp;atilde;o Clima, Florestas e Agricultura\" src=\"https:\/\/player.vimeo.com\/video\/806302720?h=f27b8c0b42&amp;badge=0&amp;autopause=0&amp;player_id=0&amp;app_id=58479\" frameborder=\"0\" allowfullscreen=\"allowfullscreen\"><\/iframe><\/div>\n<p>&nbsp;<\/p>\n<p><strong>+ Informa\u00e7\u00f5es:\u00a0<\/strong><\/p>\n<p><span class=\"TextRun SCXW186484592 BCX8\" lang=\"PT-BR\" xml:lang=\"PT-BR\" data-contrast=\"none\"><span class=\"NormalTextRun SCXW186484592 BCX8\">No primeiro encontro aberto de 2023,<\/span>\u00a0<span class=\"NormalTextRun SCXW186484592 BCX8\">recebemos <\/span><span class=\"NormalTextRun SCXW186484592 BCX8\">Laura\u00a0<\/span><span class=\"NormalTextRun SpellingErrorV2Themed SCXW186484592 BCX8\">Lamonica<\/span><span class=\"NormalTextRun SCXW186484592 BCX8\">, coordenadora <\/span><span class=\"NormalTextRun SCXW186484592 BCX8\">da\u00a0<\/span><span class=\"NormalTextRun SCXW186484592 BCX8\">Coaliz\u00e3o Brasil Clima, Florestas e Agricultura<\/span><span class=\"NormalTextRun SCXW186484592 BCX8\">. <\/span><\/span><\/p>\n<p><span class=\"TextRun SCXW186484592 BCX8\" lang=\"PT-BR\" xml:lang=\"PT-BR\" data-contrast=\"none\"><span class=\"NormalTextRun SCXW186484592 BCX8\">A Coaliz\u00e3o<\/span><span class=\"NormalTextRun SCXW186484592 BCX8\">\u00a0<\/span><span class=\"NormalTextRun SCXW186484592 BCX8\">\u00e9 um movimento\u00a0<\/span><span class=\"NormalTextRun SCXW186484592 BCX8\">que reuni atualmente 346 organiza\u00e7\u00f5es<\/span><span class=\"NormalTextRun SCXW186484592 BCX8\">\u00a0e a<\/span><span class=\"NormalTextRun SCXW186484592 BCX8\">\u00a0bioeconomia\u00a0tem sido pauta de\u00a0<\/span><span class=\"NormalTextRun SCXW186484592 BCX8\">alguns\u00a0<\/span><span class=\"NormalTextRun SCXW186484592 BCX8\">projetos<\/span><span class=\"NormalTextRun SCXW186484592 BCX8\">. A\u00a0<\/span><span class=\"NormalTextRun SCXW186484592 BCX8\">Coaliz\u00e3o <\/span><span class=\"NormalTextRun SCXW186484592 BCX8\">tamb\u00e9m construiu<\/span><span class=\"NormalTextRun SCXW186484592 BCX8\">\u00a0em 2018<\/span><span class=\"NormalTextRun SCXW186484592 BCX8\">\u00a0o documento<\/span><span class=\"NormalTextRun SCXW186484592 BCX8\">\u00a0<\/span><span class=\"NormalTextRun SCXW186484592 BCX8\">Vis\u00e3o 2030-2050: O Futuro das Florestas e da Agricultura no Brasil.<\/span>\u00a0<\/span><span class=\"EOP SCXW186484592 BCX8\" data-ccp-props=\"{&quot;134233117&quot;:false,&quot;134233118&quot;:false,&quot;201341983&quot;:0,&quot;335551550&quot;:6,&quot;335551620&quot;:6,&quot;335559685&quot;:0,&quot;335559737&quot;:0,&quot;335559738&quot;:0,&quot;335559739&quot;:0,&quot;335559740&quot;:259}\">\u00a0<\/span><\/p>\n<p><strong>Realiza\u00e7\u00e3o:<\/strong><\/p>\n<p><img loading=\"lazy\" decoding=\"async\" class=\"alignnone wp-image-99537 td-animation-stack-type0-2\" src=\"https:\/\/www.institutodeengenharia.org.br\/site\/wp-content\/uploads\/2022\/10\/Logo-Colorido.png\" alt=\"\" width=\"372\" height=\"126\" srcset=\"https:\/\/www.institutodeengenharia.org.br\/site\/wp-content\/uploads\/2022\/10\/Logo-Colorido.png 596w, https:\/\/www.institutodeengenharia.org.br\/site\/wp-content\/uploads\/2022\/10\/Logo-Colorido-300x102.png 300w\" sizes=\"auto, (max-width: 372px) 100vw, 372px\" \/><\/p>\n<p><strong>Apoio Institucional:<\/strong><\/p>\n<p><img loading=\"lazy\" decoding=\"async\" class=\"alignnone wp-image-77696 td-animation-stack-type0-2\" src=\"https:\/\/www.institutodeengenharia.org.br\/site\/wp-content\/uploads\/2021\/02\/crea.jpg\" alt=\"\" width=\"140\" height=\"98\" srcset=\"https:\/\/www.institutodeengenharia.org.br\/site\/wp-content\/uploads\/2021\/02\/crea.jpg 448w, https:\/\/www.institutodeengenharia.org.br\/site\/wp-content\/uploads\/2021\/02\/crea-300x211.jpg 300w, https:\/\/www.institutodeengenharia.org.br\/site\/wp-content\/uploads\/2021\/02\/crea-100x70.jpg 100w\" sizes=\"auto, (max-width: 140px) 100vw, 140px\" \/><\/p>\n","protected":false},"excerpt":{"rendered":"<p>&nbsp; + Informa\u00e7\u00f5es:\u00a0 No primeiro encontro aberto de 2023,\u00a0recebemos Laura\u00a0Lamonica, coordenadora da\u00a0Coaliz\u00e3o Brasil Clima, Florestas e Agricultura. A Coaliz\u00e3o\u00a0\u00e9 um movimento\u00a0que reuni atualmente 346 organiza\u00e7\u00f5es\u00a0e a\u00a0bioeconomia\u00a0tem sido pauta de\u00a0alguns\u00a0projetos. A\u00a0Coaliz\u00e3o tamb\u00e9m construiu\u00a0em 2018\u00a0o documento\u00a0Vis\u00e3o 2030-2050: O Futuro das Florestas e da Agricultura no Brasil.\u00a0\u00a0 Realiza\u00e7\u00e3o: Apoio Institucional:<\/p>\n","protected":false},"author":2,"featured_media":101671,"comment_status":"open","ping_status":"open","sticky":false,"template":"","format":"video","meta":{"footnotes":""},"categories":[1119,968,969],"tags":[1176],"class_list":{"0":"post-102997","1":"post","2":"type-post","3":"status-publish","4":"format-video","5":"has-post-thumbnail","7":"category-amazonia-e-bioeconomia","8":"category-nova-tv-engenharia","9":"category-palestra","10":"tag-video-home","11":"post_format-post-format-video"},"yoast_head":"<!-- This site is optimized with the Yoast SEO plugin v27.2 - https:\/\/yoast.com\/product\/yoast-seo-wordpress\/ -->\n<title>Encontro Coaliz\u00e3o Clima, Floresta e Agricultura - Instituto de Engenharia<\/title>\n<meta name=\"robots\" content=\"index, follow, max-snippet:-1, max-image-preview:large, max-video-preview:-1\" \/>\n<link rel=\"canonical\" href=\"https:\/\/www.institutodeengenharia.org.br\/site\/2023\/03\/09\/coalizao-clima-floresta-e-agricultura\/\" \/>\n<meta property=\"og:locale\" content=\"pt_BR\" \/>\n<meta property=\"og:type\" content=\"article\" \/>\n<meta property=\"og:title\" content=\"Encontro Coaliz\u00e3o Clima, Floresta e Agricultura - Instituto de Engenharia\" \/>\n<meta property=\"og:description\" content=\"&nbsp; + Informa\u00e7\u00f5es:\u00a0 No primeiro encontro aberto de 2023,\u00a0recebemos Laura\u00a0Lamonica, coordenadora da\u00a0Coaliz\u00e3o Brasil Clima, Florestas e Agricultura. A Coaliz\u00e3o\u00a0\u00e9 um movimento\u00a0que reuni atualmente 346 organiza\u00e7\u00f5es\u00a0e a\u00a0bioeconomia\u00a0tem sido pauta de\u00a0alguns\u00a0projetos. A\u00a0Coaliz\u00e3o tamb\u00e9m construiu\u00a0em 2018\u00a0o documento\u00a0Vis\u00e3o 2030-2050: O Futuro das Florestas e da Agricultura no Brasil.\u00a0\u00a0 Realiza\u00e7\u00e3o: Apoio Institucional:\" \/>\n<meta property=\"og:url\" content=\"https:\/\/www.institutodeengenharia.org.br\/site\/2023\/03\/09\/coalizao-clima-floresta-e-agricultura\/\" \/>\n<meta property=\"og:site_name\" content=\"Instituto de Engenharia\" \/>\n<meta property=\"article:publisher\" content=\"https:\/\/www.facebook.com\/institutodeengenharia\" \/>\n<meta property=\"article:published_time\" content=\"2023-03-09T13:27:40+00:00\" \/>\n<meta property=\"article:modified_time\" content=\"2023-03-20T14:12:39+00:00\" \/>\n<meta property=\"og:image\" content=\"https:\/\/www.institutodeengenharia.org.br\/site\/wp-content\/uploads\/2023\/01\/Coalizao.jpg\" \/>\n\t<meta property=\"og:image:width\" content=\"1920\" \/>\n\t<meta property=\"og:image:height\" content=\"1080\" \/>\n\t<meta property=\"og:image:type\" content=\"image\/jpeg\" \/>\n<meta name=\"author\" content=\"Isabel\" \/>\n<meta name=\"twitter:card\" content=\"summary_large_image\" \/>\n<meta name=\"twitter:creator\" content=\"@iengenharia\" \/>\n<meta name=\"twitter:site\" content=\"@iengenharia\" \/>\n<meta name=\"twitter:label1\" content=\"Escrito por\" \/>\n\t<meta name=\"twitter:data1\" content=\"Isabel\" \/>\n\t<meta name=\"twitter:label2\" content=\"Est. tempo de leitura\" \/>\n\t<meta name=\"twitter:data2\" content=\"1 minuto\" \/>\n<script type=\"application\/ld+json\" class=\"yoast-schema-graph\">{\"@context\":\"https:\/\/schema.org\",\"@graph\":[{\"@type\":\"Article\",\"@id\":\"https:\/\/www.institutodeengenharia.org.br\/site\/2023\/03\/09\/coalizao-clima-floresta-e-agricultura\/#article\",\"isPartOf\":{\"@id\":\"https:\/\/www.institutodeengenharia.org.br\/site\/2023\/03\/09\/coalizao-clima-floresta-e-agricultura\/\"},\"author\":{\"name\":\"Isabel\",\"@id\":\"https:\/\/www.institutodeengenharia.org.br\/site\/#\/schema\/person\/d1764429c217aaa88954818c8f9a3036\"},\"headline\":\"Encontro Coaliz\u00e3o Clima, Floresta e Agricultura\",\"datePublished\":\"2023-03-09T13:27:40+00:00\",\"dateModified\":\"2023-03-20T14:12:39+00:00\",\"mainEntityOfPage\":{\"@id\":\"https:\/\/www.institutodeengenharia.org.br\/site\/2023\/03\/09\/coalizao-clima-floresta-e-agricultura\/\"},\"wordCount\":71,\"commentCount\":0,\"publisher\":{\"@id\":\"https:\/\/www.institutodeengenharia.org.br\/site\/#organization\"},\"image\":{\"@id\":\"https:\/\/www.institutodeengenharia.org.br\/site\/2023\/03\/09\/coalizao-clima-floresta-e-agricultura\/#primaryimage\"},\"thumbnailUrl\":\"https:\/\/www.institutodeengenharia.org.br\/site\/wp-content\/uploads\/2023\/01\/Coalizao.jpg\",\"keywords\":[\"video-home\"],\"articleSection\":[\"Amaz\u00f4nia e Bioeconomia\",\"Nova TV Engenharia\",\"Palestra\"],\"inLanguage\":\"pt-BR\",\"potentialAction\":[{\"@type\":\"CommentAction\",\"name\":\"Comment\",\"target\":[\"https:\/\/www.institutodeengenharia.org.br\/site\/2023\/03\/09\/coalizao-clima-floresta-e-agricultura\/#respond\"]}]},{\"@type\":\"WebPage\",\"@id\":\"https:\/\/www.institutodeengenharia.org.br\/site\/2023\/03\/09\/coalizao-clima-floresta-e-agricultura\/\",\"url\":\"https:\/\/www.institutodeengenharia.org.br\/site\/2023\/03\/09\/coalizao-clima-floresta-e-agricultura\/\",\"name\":\"Encontro Coaliz\u00e3o Clima, Floresta e Agricultura - Instituto de Engenharia\",\"isPartOf\":{\"@id\":\"https:\/\/www.institutodeengenharia.org.br\/site\/#website\"},\"primaryImageOfPage\":{\"@id\":\"https:\/\/www.institutodeengenharia.org.br\/site\/2023\/03\/09\/coalizao-clima-floresta-e-agricultura\/#primaryimage\"},\"image\":{\"@id\":\"https:\/\/www.institutodeengenharia.org.br\/site\/2023\/03\/09\/coalizao-clima-floresta-e-agricultura\/#primaryimage\"},\"thumbnailUrl\":\"https:\/\/www.institutodeengenharia.org.br\/site\/wp-content\/uploads\/2023\/01\/Coalizao.jpg\",\"datePublished\":\"2023-03-09T13:27:40+00:00\",\"dateModified\":\"2023-03-20T14:12:39+00:00\",\"breadcrumb\":{\"@id\":\"https:\/\/www.institutodeengenharia.org.br\/site\/2023\/03\/09\/coalizao-clima-floresta-e-agricultura\/#breadcrumb\"},\"inLanguage\":\"pt-BR\",\"potentialAction\":[{\"@type\":\"ReadAction\",\"target\":[\"https:\/\/www.institutodeengenharia.org.br\/site\/2023\/03\/09\/coalizao-clima-floresta-e-agricultura\/\"]}]},{\"@type\":\"ImageObject\",\"inLanguage\":\"pt-BR\",\"@id\":\"https:\/\/www.institutodeengenharia.org.br\/site\/2023\/03\/09\/coalizao-clima-floresta-e-agricultura\/#primaryimage\",\"url\":\"https:\/\/www.institutodeengenharia.org.br\/site\/wp-content\/uploads\/2023\/01\/Coalizao.jpg\",\"contentUrl\":\"https:\/\/www.institutodeengenharia.org.br\/site\/wp-content\/uploads\/2023\/01\/Coalizao.jpg\",\"width\":1920,\"height\":1080},{\"@type\":\"BreadcrumbList\",\"@id\":\"https:\/\/www.institutodeengenharia.org.br\/site\/2023\/03\/09\/coalizao-clima-floresta-e-agricultura\/#breadcrumb\",\"itemListElement\":[{\"@type\":\"ListItem\",\"position\":1,\"name\":\"In\u00edcio\",\"item\":\"https:\/\/www.institutodeengenharia.org.br\/site\/\"},{\"@type\":\"ListItem\",\"position\":2,\"name\":\"Encontro Coaliz\u00e3o Clima, Floresta e Agricultura\"}]},{\"@type\":\"WebSite\",\"@id\":\"https:\/\/www.institutodeengenharia.org.br\/site\/#website\",\"url\":\"https:\/\/www.institutodeengenharia.org.br\/site\/\",\"name\":\"Instituto de Engenharia\",\"description\":\"O Instituto de Engenharia promove a Engenharia em benef\u00edcio do desenvolvimento e da qualidade de vida da sociedade.\",\"publisher\":{\"@id\":\"https:\/\/www.institutodeengenharia.org.br\/site\/#organization\"},\"potentialAction\":[{\"@type\":\"SearchAction\",\"target\":{\"@type\":\"EntryPoint\",\"urlTemplate\":\"https:\/\/www.institutodeengenharia.org.br\/site\/?s={search_term_string}\"},\"query-input\":{\"@type\":\"PropertyValueSpecification\",\"valueRequired\":true,\"valueName\":\"search_term_string\"}}],\"inLanguage\":\"pt-BR\"},{\"@type\":\"Organization\",\"@id\":\"https:\/\/www.institutodeengenharia.org.br\/site\/#organization\",\"name\":\"Instituto de Engenharia\",\"url\":\"https:\/\/www.institutodeengenharia.org.br\/site\/\",\"logo\":{\"@type\":\"ImageObject\",\"inLanguage\":\"pt-BR\",\"@id\":\"https:\/\/www.institutodeengenharia.org.br\/site\/#\/schema\/logo\/image\/\",\"url\":\"https:\/\/www.institutodeengenharia.org.br\/site\/wp-content\/uploads\/2019\/03\/logo-novo-IE2018-1.jpg\",\"contentUrl\":\"https:\/\/www.institutodeengenharia.org.br\/site\/wp-content\/uploads\/2019\/03\/logo-novo-IE2018-1.jpg\",\"width\":1486,\"height\":1879,\"caption\":\"Instituto de Engenharia\"},\"image\":{\"@id\":\"https:\/\/www.institutodeengenharia.org.br\/site\/#\/schema\/logo\/image\/\"},\"sameAs\":[\"https:\/\/www.facebook.com\/institutodeengenharia\",\"https:\/\/x.com\/iengenharia\",\"https:\/\/www.instagram.com\/institutodeengenharia\/\",\"https:\/\/www.linkedin.com\/company\/instituto-de-engenharia\/\",\"https:\/\/www.youtube.com\/channel\/UCXiCAlsSMe977vamW915HxA\"]},{\"@type\":\"Person\",\"@id\":\"https:\/\/www.institutodeengenharia.org.br\/site\/#\/schema\/person\/d1764429c217aaa88954818c8f9a3036\",\"name\":\"Isabel\",\"image\":{\"@type\":\"ImageObject\",\"inLanguage\":\"pt-BR\",\"@id\":\"https:\/\/secure.gravatar.com\/avatar\/a91d60506c31a7cb05e69a21529f91908e538db3b21f58bfda4039be740fcb71?s=96&d=mm&r=g\",\"url\":\"https:\/\/secure.gravatar.com\/avatar\/a91d60506c31a7cb05e69a21529f91908e538db3b21f58bfda4039be740fcb71?s=96&d=mm&r=g\",\"contentUrl\":\"https:\/\/secure.gravatar.com\/avatar\/a91d60506c31a7cb05e69a21529f91908e538db3b21f58bfda4039be740fcb71?s=96&d=mm&r=g\",\"caption\":\"Isabel\"},\"url\":\"https:\/\/www.institutodeengenharia.org.br\/site\/author\/isabel\/\"}]}<\/script>\n<!-- \/ Yoast SEO plugin. -->","yoast_head_json":{"title":"Encontro Coaliz\u00e3o Clima, Floresta e Agricultura - Instituto de Engenharia","robots":{"index":"index","follow":"follow","max-snippet":"max-snippet:-1","max-image-preview":"max-image-preview:large","max-video-preview":"max-video-preview:-1"},"canonical":"https:\/\/www.institutodeengenharia.org.br\/site\/2023\/03\/09\/coalizao-clima-floresta-e-agricultura\/","og_locale":"pt_BR","og_type":"article","og_title":"Encontro Coaliz\u00e3o Clima, Floresta e Agricultura - Instituto de Engenharia","og_description":"&nbsp; + Informa\u00e7\u00f5es:\u00a0 No primeiro encontro aberto de 2023,\u00a0recebemos Laura\u00a0Lamonica, coordenadora da\u00a0Coaliz\u00e3o Brasil Clima, Florestas e Agricultura. A Coaliz\u00e3o\u00a0\u00e9 um movimento\u00a0que reuni atualmente 346 organiza\u00e7\u00f5es\u00a0e a\u00a0bioeconomia\u00a0tem sido pauta de\u00a0alguns\u00a0projetos. A\u00a0Coaliz\u00e3o tamb\u00e9m construiu\u00a0em 2018\u00a0o documento\u00a0Vis\u00e3o 2030-2050: O Futuro das Florestas e da Agricultura no Brasil.\u00a0\u00a0 Realiza\u00e7\u00e3o: Apoio Institucional:","og_url":"https:\/\/www.institutodeengenharia.org.br\/site\/2023\/03\/09\/coalizao-clima-floresta-e-agricultura\/","og_site_name":"Instituto de Engenharia","article_publisher":"https:\/\/www.facebook.com\/institutodeengenharia","article_published_time":"2023-03-09T13:27:40+00:00","article_modified_time":"2023-03-20T14:12:39+00:00","og_image":[{"width":1920,"height":1080,"url":"https:\/\/www.institutodeengenharia.org.br\/site\/wp-content\/uploads\/2023\/01\/Coalizao.jpg","type":"image\/jpeg"}],"author":"Isabel","twitter_card":"summary_large_image","twitter_creator":"@iengenharia","twitter_site":"@iengenharia","twitter_misc":{"Escrito por":"Isabel","Est. tempo de leitura":"1 minuto"},"schema":{"@context":"https:\/\/schema.org","@graph":[{"@type":"Article","@id":"https:\/\/www.institutodeengenharia.org.br\/site\/2023\/03\/09\/coalizao-clima-floresta-e-agricultura\/#article","isPartOf":{"@id":"https:\/\/www.institutodeengenharia.org.br\/site\/2023\/03\/09\/coalizao-clima-floresta-e-agricultura\/"},"author":{"name":"Isabel","@id":"https:\/\/www.institutodeengenharia.org.br\/site\/#\/schema\/person\/d1764429c217aaa88954818c8f9a3036"},"headline":"Encontro Coaliz\u00e3o Clima, Floresta e Agricultura","datePublished":"2023-03-09T13:27:40+00:00","dateModified":"2023-03-20T14:12:39+00:00","mainEntityOfPage":{"@id":"https:\/\/www.institutodeengenharia.org.br\/site\/2023\/03\/09\/coalizao-clima-floresta-e-agricultura\/"},"wordCount":71,"commentCount":0,"publisher":{"@id":"https:\/\/www.institutodeengenharia.org.br\/site\/#organization"},"image":{"@id":"https:\/\/www.institutodeengenharia.org.br\/site\/2023\/03\/09\/coalizao-clima-floresta-e-agricultura\/#primaryimage"},"thumbnailUrl":"https:\/\/www.institutodeengenharia.org.br\/site\/wp-content\/uploads\/2023\/01\/Coalizao.jpg","keywords":["video-home"],"articleSection":["Amaz\u00f4nia e Bioeconomia","Nova TV Engenharia","Palestra"],"inLanguage":"pt-BR","potentialAction":[{"@type":"CommentAction","name":"Comment","target":["https:\/\/www.institutodeengenharia.org.br\/site\/2023\/03\/09\/coalizao-clima-floresta-e-agricultura\/#respond"]}]},{"@type":"WebPage","@id":"https:\/\/www.institutodeengenharia.org.br\/site\/2023\/03\/09\/coalizao-clima-floresta-e-agricultura\/","url":"https:\/\/www.institutodeengenharia.org.br\/site\/2023\/03\/09\/coalizao-clima-floresta-e-agricultura\/","name":"Encontro Coaliz\u00e3o Clima, Floresta e Agricultura - Instituto de Engenharia","isPartOf":{"@id":"https:\/\/www.institutodeengenharia.org.br\/site\/#website"},"primaryImageOfPage":{"@id":"https:\/\/www.institutodeengenharia.org.br\/site\/2023\/03\/09\/coalizao-clima-floresta-e-agricultura\/#primaryimage"},"image":{"@id":"https:\/\/www.institutodeengenharia.org.br\/site\/2023\/03\/09\/coalizao-clima-floresta-e-agricultura\/#primaryimage"},"thumbnailUrl":"https:\/\/www.institutodeengenharia.org.br\/site\/wp-content\/uploads\/2023\/01\/Coalizao.jpg","datePublished":"2023-03-09T13:27:40+00:00","dateModified":"2023-03-20T14:12:39+00:00","breadcrumb":{"@id":"https:\/\/www.institutodeengenharia.org.br\/site\/2023\/03\/09\/coalizao-clima-floresta-e-agricultura\/#breadcrumb"},"inLanguage":"pt-BR","potentialAction":[{"@type":"ReadAction","target":["https:\/\/www.institutodeengenharia.org.br\/site\/2023\/03\/09\/coalizao-clima-floresta-e-agricultura\/"]}]},{"@type":"ImageObject","inLanguage":"pt-BR","@id":"https:\/\/www.institutodeengenharia.org.br\/site\/2023\/03\/09\/coalizao-clima-floresta-e-agricultura\/#primaryimage","url":"https:\/\/www.institutodeengenharia.org.br\/site\/wp-content\/uploads\/2023\/01\/Coalizao.jpg","contentUrl":"https:\/\/www.institutodeengenharia.org.br\/site\/wp-content\/uploads\/2023\/01\/Coalizao.jpg","width":1920,"height":1080},{"@type":"BreadcrumbList","@id":"https:\/\/www.institutodeengenharia.org.br\/site\/2023\/03\/09\/coalizao-clima-floresta-e-agricultura\/#breadcrumb","itemListElement":[{"@type":"ListItem","position":1,"name":"In\u00edcio","item":"https:\/\/www.institutodeengenharia.org.br\/site\/"},{"@type":"ListItem","position":2,"name":"Encontro Coaliz\u00e3o Clima, Floresta e Agricultura"}]},{"@type":"WebSite","@id":"https:\/\/www.institutodeengenharia.org.br\/site\/#website","url":"https:\/\/www.institutodeengenharia.org.br\/site\/","name":"Instituto de Engenharia","description":"O Instituto de Engenharia promove a Engenharia em benef\u00edcio do desenvolvimento e da qualidade de vida da sociedade.","publisher":{"@id":"https:\/\/www.institutodeengenharia.org.br\/site\/#organization"},"potentialAction":[{"@type":"SearchAction","target":{"@type":"EntryPoint","urlTemplate":"https:\/\/www.institutodeengenharia.org.br\/site\/?s={search_term_string}"},"query-input":{"@type":"PropertyValueSpecification","valueRequired":true,"valueName":"search_term_string"}}],"inLanguage":"pt-BR"},{"@type":"Organization","@id":"https:\/\/www.institutodeengenharia.org.br\/site\/#organization","name":"Instituto de Engenharia","url":"https:\/\/www.institutodeengenharia.org.br\/site\/","logo":{"@type":"ImageObject","inLanguage":"pt-BR","@id":"https:\/\/www.institutodeengenharia.org.br\/site\/#\/schema\/logo\/image\/","url":"https:\/\/www.institutodeengenharia.org.br\/site\/wp-content\/uploads\/2019\/03\/logo-novo-IE2018-1.jpg","contentUrl":"https:\/\/www.institutodeengenharia.org.br\/site\/wp-content\/uploads\/2019\/03\/logo-novo-IE2018-1.jpg","width":1486,"height":1879,"caption":"Instituto de Engenharia"},"image":{"@id":"https:\/\/www.institutodeengenharia.org.br\/site\/#\/schema\/logo\/image\/"},"sameAs":["https:\/\/www.facebook.com\/institutodeengenharia","https:\/\/x.com\/iengenharia","https:\/\/www.instagram.com\/institutodeengenharia\/","https:\/\/www.linkedin.com\/company\/instituto-de-engenharia\/","https:\/\/www.youtube.com\/channel\/UCXiCAlsSMe977vamW915HxA"]},{"@type":"Person","@id":"https:\/\/www.institutodeengenharia.org.br\/site\/#\/schema\/person\/d1764429c217aaa88954818c8f9a3036","name":"Isabel","image":{"@type":"ImageObject","inLanguage":"pt-BR","@id":"https:\/\/secure.gravatar.com\/avatar\/a91d60506c31a7cb05e69a21529f91908e538db3b21f58bfda4039be740fcb71?s=96&d=mm&r=g","url":"https:\/\/secure.gravatar.com\/avatar\/a91d60506c31a7cb05e69a21529f91908e538db3b21f58bfda4039be740fcb71?s=96&d=mm&r=g","contentUrl":"https:\/\/secure.gravatar.com\/avatar\/a91d60506c31a7cb05e69a21529f91908e538db3b21f58bfda4039be740fcb71?s=96&d=mm&r=g","caption":"Isabel"},"url":"https:\/\/www.institutodeengenharia.org.br\/site\/author\/isabel\/"}]}},"_links":{"self":[{"href":"https:\/\/www.institutodeengenharia.org.br\/site\/wp-json\/wp\/v2\/posts\/102997","targetHints":{"allow":["GET"]}}],"collection":[{"href":"https:\/\/www.institutodeengenharia.org.br\/site\/wp-json\/wp\/v2\/posts"}],"about":[{"href":"https:\/\/www.institutodeengenharia.org.br\/site\/wp-json\/wp\/v2\/types\/post"}],"author":[{"embeddable":true,"href":"https:\/\/www.institutodeengenharia.org.br\/site\/wp-json\/wp\/v2\/users\/2"}],"replies":[{"embeddable":true,"href":"https:\/\/www.institutodeengenharia.org.br\/site\/wp-json\/wp\/v2\/comments?post=102997"}],"version-history":[{"count":4,"href":"https:\/\/www.institutodeengenharia.org.br\/site\/wp-json\/wp\/v2\/posts\/102997\/revisions"}],"predecessor-version":[{"id":103257,"href":"https:\/\/www.institutodeengenharia.org.br\/site\/wp-json\/wp\/v2\/posts\/102997\/revisions\/103257"}],"wp:featuredmedia":[{"embeddable":true,"href":"https:\/\/www.institutodeengenharia.org.br\/site\/wp-json\/wp\/v2\/media\/101671"}],"wp:attachment":[{"href":"https:\/\/www.institutodeengenharia.org.br\/site\/wp-json\/wp\/v2\/media?parent=102997"}],"wp:term":[{"taxonomy":"category","embeddable":true,"href":"https:\/\/www.institutodeengenharia.org.br\/site\/wp-json\/wp\/v2\/categories?post=102997"},{"taxonomy":"post_tag","embeddable":true,"href":"https:\/\/www.institutodeengenharia.org.br\/site\/wp-json\/wp\/v2\/tags?post=102997"}],"curies":[{"name":"wp","href":"https:\/\/api.w.org\/{rel}","templated":true}]}}