{"id":102949,"date":"2023-03-07T14:57:35","date_gmt":"2023-03-07T17:57:35","guid":{"rendered":"https:\/\/www.institutodeengenharia.org.br\/site\/?p=102949"},"modified":"2023-03-20T11:12:42","modified_gmt":"2023-03-20T14:12:42","slug":"assista-abaixo-a-gravacao-do-encontro-bioeconomia-na-amazonia-e-codigo-florestal","status":"publish","type":"post","link":"https:\/\/www.institutodeengenharia.org.br\/site\/2023\/03\/07\/assista-abaixo-a-gravacao-do-encontro-bioeconomia-na-amazonia-e-codigo-florestal\/","title":{"rendered":"Bioeconomia na Amaz\u00f4nia e C\u00f3digo Florestal"},"content":{"rendered":"<div style=\"padding: 56.25% 0 0 0; position: relative;\"><iframe style=\"position: absolute; top: 0; left: 0; width: 100%; height: 100%;\" title=\"XIII Encontro Aberto - Bioeconomia na Amaz&amp;ocirc;nia e C&amp;oacute;digo Florestal\" src=\"https:\/\/player.vimeo.com\/video\/806405385?h=9cccafa6af&amp;badge=0&amp;autopause=0&amp;player_id=0&amp;app_id=58479\" frameborder=\"0\" allowfullscreen=\"allowfullscreen\"><\/iframe><\/div>\n<p><script src=\"https:\/\/player.vimeo.com\/api\/player.js\"><\/script><\/p>\n<p><span class=\"TextRun SCXW3328316 BCX8\" lang=\"PT-BR\" xml:lang=\"PT-BR\" data-contrast=\"none\"><span class=\"NormalTextRun SCXW3328316 BCX8\">Cristina Leme tem acompanhado o processo regulat\u00f3rio e institucional da bioeconomia e do c\u00f3digo florestal brasileiro<\/span><span class=\"NormalTextRun SCXW3328316 BCX8\">. Ne<\/span><span class=\"NormalTextRun SCXW3328316 BCX8\">s<\/span><span class=\"NormalTextRun SCXW3328316 BCX8\">t<\/span><span class=\"NormalTextRun SCXW3328316 BCX8\">e encontro\u00a0<\/span><span class=\"NormalTextRun SCXW3328316 BCX8\">aberto ela\u00a0<\/span><span class=\"NormalTextRun SCXW3328316 BCX8\">compartilhou as pesquisas que t\u00eam desenvolvido<\/span><span class=\"NormalTextRun SCXW3328316 BCX8\">, em que r<\/span><span class=\"NormalTextRun SCXW3328316 BCX8\">ecentemente\u00a0<\/span><span class=\"NormalTextRun SCXW3328316 BCX8\">publicou dois artigos de destaque\u00a0<\/span><span class=\"NormalTextRun SCXW3328316 BCX8\">sobre<\/span><span class=\"NormalTextRun SCXW3328316 BCX8\">\u00a0o cen\u00e1rio brasileiro \u201c<\/span><span class=\"NormalTextRun SCXW3328316 BCX8\">Bioeconomia na Amaz\u00f4nia An\u00e1lise Conceitual, Regulat\u00f3ria e Institucional<\/span><span class=\"NormalTextRun SCXW3328316 BCX8\">\u201d e\u00a0<\/span><span class=\"NormalTextRun SCXW3328316 BCX8\">\u201c<\/span><span class=\"NormalTextRun SCXW3328316 BCX8\">O<\/span><span class=\"NormalTextRun SCXW3328316 BCX8\">nde Estamos e Para Onde Vamos na Implementa\u00e7\u00e3o do C\u00f3digo Florestal: Oportunidades Para o Novo Governo Lula<\/span><span class=\"NormalTextRun SCXW3328316 BCX8\">.\u201d<\/span><\/span><span class=\"EOP SCXW3328316 BCX8\" data-ccp-props=\"{&quot;134233117&quot;:false,&quot;134233118&quot;:false,&quot;201341983&quot;:0,&quot;335551550&quot;:1,&quot;335551620&quot;:1,&quot;335559685&quot;:0,&quot;335559737&quot;:0,&quot;335559738&quot;:0,&quot;335559739&quot;:0,&quot;335559740&quot;:240}\">\u00a0<\/span><\/p>\n<p><strong>P\u00fablico-alvo:<\/strong><br \/>\nProfissionais de Engenharia, professores e estudantes.<\/p>\n<p><strong>Realiza\u00e7\u00e3o:<\/strong><\/p>\n<p><img loading=\"lazy\" decoding=\"async\" class=\"alignnone wp-image-99537 td-animation-stack-type0-2\" src=\"https:\/\/www.institutodeengenharia.org.br\/site\/wp-content\/uploads\/2022\/10\/Logo-Colorido.png\" alt=\"\" width=\"372\" height=\"126\" srcset=\"https:\/\/www.institutodeengenharia.org.br\/site\/wp-content\/uploads\/2022\/10\/Logo-Colorido.png 596w, https:\/\/www.institutodeengenharia.org.br\/site\/wp-content\/uploads\/2022\/10\/Logo-Colorido-300x102.png 300w\" sizes=\"auto, (max-width: 372px) 100vw, 372px\" \/><\/p>\n<p><strong>Apoio Institucional:<\/strong><\/p>\n<p><img loading=\"lazy\" decoding=\"async\" class=\"alignnone wp-image-77696 td-animation-stack-type0-2\" src=\"https:\/\/www.institutodeengenharia.org.br\/site\/wp-content\/uploads\/2021\/02\/crea.jpg\" alt=\"\" width=\"140\" height=\"98\" srcset=\"https:\/\/www.institutodeengenharia.org.br\/site\/wp-content\/uploads\/2021\/02\/crea.jpg 448w, https:\/\/www.institutodeengenharia.org.br\/site\/wp-content\/uploads\/2021\/02\/crea-300x211.jpg 300w, https:\/\/www.institutodeengenharia.org.br\/site\/wp-content\/uploads\/2021\/02\/crea-100x70.jpg 100w\" sizes=\"auto, (max-width: 140px) 100vw, 140px\" \/><\/p>\n<p><strong>Apoio \u00e0 forma\u00e7\u00e3o:\u00a0<\/strong><\/p>\n<p>Espa\u00e7o aberto ao CREA-SP, objetivando o aperfei\u00e7oamento dos profissionais e o aprimoramento da fiscaliza\u00e7\u00e3o das \u00e1reas abrangidas pelo Sistema Confea\/CREAs, al\u00e9m de promover a conscientiza\u00e7\u00e3o da sociedade quanto \u00e0 necessidade e obrigatoriedade de contratar um profissional devidamente habilitado.<\/p>\n","protected":false},"excerpt":{"rendered":"<p>Cristina Leme tem acompanhado o processo regulat\u00f3rio e institucional da bioeconomia e do c\u00f3digo florestal brasileiro. Neste encontro\u00a0aberto ela\u00a0compartilhou as pesquisas que t\u00eam desenvolvido, em que recentemente\u00a0publicou dois artigos de destaque\u00a0sobre\u00a0o cen\u00e1rio brasileiro \u201cBioeconomia na Amaz\u00f4nia An\u00e1lise Conceitual, Regulat\u00f3ria e Institucional\u201d e\u00a0\u201cOnde Estamos e Para Onde Vamos na Implementa\u00e7\u00e3o do C\u00f3digo Florestal: Oportunidades Para o [&hellip;]<\/p>\n","protected":false},"author":13,"featured_media":101670,"comment_status":"open","ping_status":"open","sticky":false,"template":"","format":"video","meta":{"footnotes":""},"categories":[1119,968,969],"tags":[],"class_list":{"0":"post-102949","1":"post","2":"type-post","3":"status-publish","4":"format-video","5":"has-post-thumbnail","7":"category-amazonia-e-bioeconomia","8":"category-nova-tv-engenharia","9":"category-palestra","10":"post_format-post-format-video"},"yoast_head":"<!-- This site is optimized with the Yoast SEO plugin v27.2 - https:\/\/yoast.com\/product\/yoast-seo-wordpress\/ -->\n<title>Bioeconomia na Amaz\u00f4nia e C\u00f3digo Florestal - Instituto de Engenharia<\/title>\n<meta name=\"robots\" content=\"index, follow, max-snippet:-1, max-image-preview:large, max-video-preview:-1\" \/>\n<link rel=\"canonical\" href=\"https:\/\/www.institutodeengenharia.org.br\/site\/2023\/03\/07\/assista-abaixo-a-gravacao-do-encontro-bioeconomia-na-amazonia-e-codigo-florestal\/\" \/>\n<meta property=\"og:locale\" content=\"pt_BR\" \/>\n<meta property=\"og:type\" content=\"article\" \/>\n<meta property=\"og:title\" content=\"Assista abaixo \u00e0 grava\u00e7\u00e3o do encontro: Bioeconomia na Amaz\u00f4nia e C\u00f3digo Florestal\" \/>\n<meta property=\"og:description\" content=\"Cristina Leme tem acompanhado o processo regulat\u00f3rio e institucional da bioeconomia e do c\u00f3digo florestal brasileiro. Neste encontro\u00a0aberto ela\u00a0vai compartilhar sobre as pesquisas que t\u00eam desenvolvido, em que recentemente\u00a0publicou dois artigos de destaque\u00a0sobre\u00a0o cen\u00e1rio brasileiro \u201cBioeconomia na Amaz\u00f4nia An\u00e1lise Conceitual, Regulat\u00f3ria e Institucional\u201d e\u00a0\u201cOnde Estamos e Para Onde Vamos na Implementa\u00e7\u00e3o do C\u00f3digo Florestal: Oportunidades Para o Novo Governo Lula.\u201d\u00a0\" \/>\n<meta property=\"og:url\" content=\"https:\/\/www.institutodeengenharia.org.br\/site\/2023\/03\/07\/assista-abaixo-a-gravacao-do-encontro-bioeconomia-na-amazonia-e-codigo-florestal\/\" \/>\n<meta property=\"og:site_name\" content=\"Instituto de Engenharia\" \/>\n<meta property=\"article:publisher\" content=\"https:\/\/www.facebook.com\/institutodeengenharia\" \/>\n<meta property=\"article:published_time\" content=\"2023-03-07T17:57:35+00:00\" \/>\n<meta property=\"article:modified_time\" content=\"2023-03-20T14:12:42+00:00\" \/>\n<meta property=\"og:image\" content=\"https:\/\/www.institutodeengenharia.org.br\/site\/wp-content\/uploads\/2023\/01\/Cristina-Leme.jpg\" \/>\n\t<meta property=\"og:image:width\" content=\"1920\" \/>\n\t<meta property=\"og:image:height\" content=\"1080\" \/>\n\t<meta property=\"og:image:type\" content=\"image\/jpeg\" \/>\n<meta name=\"author\" content=\"Bianca\" \/>\n<meta name=\"twitter:card\" content=\"summary_large_image\" \/>\n<meta name=\"twitter:title\" content=\"Assista abaixo \u00e0 grava\u00e7\u00e3o do encontro: Bioeconomia na Amaz\u00f4nia e C\u00f3digo Florestal\" \/>\n<meta name=\"twitter:description\" content=\"Cristina Leme tem acompanhado o processo regulat\u00f3rio e institucional da bioeconomia e do c\u00f3digo florestal brasileiro. Neste encontro\u00a0aberto ela\u00a0vai compartilhar sobre as pesquisas que t\u00eam desenvolvido, em que recentemente\u00a0publicou dois artigos de destaque\u00a0sobre\u00a0o cen\u00e1rio brasileiro \u201cBioeconomia na Amaz\u00f4nia An\u00e1lise Conceitual, Regulat\u00f3ria e Institucional\u201d e\u00a0\u201cOnde Estamos e Para Onde Vamos na Implementa\u00e7\u00e3o do C\u00f3digo Florestal: Oportunidades Para o Novo Governo Lula.\u201d\u00a0\" \/>\n<meta name=\"twitter:image\" content=\"https:\/\/www.institutodeengenharia.org.br\/site\/wp-content\/uploads\/2023\/01\/Cristina-Leme.jpg\" \/>\n<meta name=\"twitter:creator\" content=\"@iengenharia\" \/>\n<meta name=\"twitter:site\" content=\"@iengenharia\" \/>\n<meta name=\"twitter:label1\" content=\"Escrito por\" \/>\n\t<meta name=\"twitter:data1\" content=\"Bianca\" \/>\n\t<meta name=\"twitter:label2\" content=\"Est. tempo de leitura\" \/>\n\t<meta name=\"twitter:data2\" content=\"2 minutos\" \/>\n<script type=\"application\/ld+json\" class=\"yoast-schema-graph\">{\"@context\":\"https:\/\/schema.org\",\"@graph\":[{\"@type\":\"Article\",\"@id\":\"https:\/\/www.institutodeengenharia.org.br\/site\/2023\/03\/07\/assista-abaixo-a-gravacao-do-encontro-bioeconomia-na-amazonia-e-codigo-florestal\/#article\",\"isPartOf\":{\"@id\":\"https:\/\/www.institutodeengenharia.org.br\/site\/2023\/03\/07\/assista-abaixo-a-gravacao-do-encontro-bioeconomia-na-amazonia-e-codigo-florestal\/\"},\"author\":{\"name\":\"Bianca\",\"@id\":\"https:\/\/www.institutodeengenharia.org.br\/site\/#\/schema\/person\/aeb64951c405e100d26d30b033dd423f\"},\"headline\":\"Bioeconomia na Amaz\u00f4nia e C\u00f3digo Florestal\",\"datePublished\":\"2023-03-07T17:57:35+00:00\",\"dateModified\":\"2023-03-20T14:12:42+00:00\",\"mainEntityOfPage\":{\"@id\":\"https:\/\/www.institutodeengenharia.org.br\/site\/2023\/03\/07\/assista-abaixo-a-gravacao-do-encontro-bioeconomia-na-amazonia-e-codigo-florestal\/\"},\"wordCount\":144,\"commentCount\":0,\"publisher\":{\"@id\":\"https:\/\/www.institutodeengenharia.org.br\/site\/#organization\"},\"image\":{\"@id\":\"https:\/\/www.institutodeengenharia.org.br\/site\/2023\/03\/07\/assista-abaixo-a-gravacao-do-encontro-bioeconomia-na-amazonia-e-codigo-florestal\/#primaryimage\"},\"thumbnailUrl\":\"https:\/\/www.institutodeengenharia.org.br\/site\/wp-content\/uploads\/2023\/01\/Cristina-Leme.jpg\",\"articleSection\":[\"Amaz\u00f4nia e Bioeconomia\",\"Nova TV Engenharia\",\"Palestra\"],\"inLanguage\":\"pt-BR\",\"potentialAction\":[{\"@type\":\"CommentAction\",\"name\":\"Comment\",\"target\":[\"https:\/\/www.institutodeengenharia.org.br\/site\/2023\/03\/07\/assista-abaixo-a-gravacao-do-encontro-bioeconomia-na-amazonia-e-codigo-florestal\/#respond\"]}]},{\"@type\":\"WebPage\",\"@id\":\"https:\/\/www.institutodeengenharia.org.br\/site\/2023\/03\/07\/assista-abaixo-a-gravacao-do-encontro-bioeconomia-na-amazonia-e-codigo-florestal\/\",\"url\":\"https:\/\/www.institutodeengenharia.org.br\/site\/2023\/03\/07\/assista-abaixo-a-gravacao-do-encontro-bioeconomia-na-amazonia-e-codigo-florestal\/\",\"name\":\"Bioeconomia na Amaz\u00f4nia e C\u00f3digo Florestal - Instituto de Engenharia\",\"isPartOf\":{\"@id\":\"https:\/\/www.institutodeengenharia.org.br\/site\/#website\"},\"primaryImageOfPage\":{\"@id\":\"https:\/\/www.institutodeengenharia.org.br\/site\/2023\/03\/07\/assista-abaixo-a-gravacao-do-encontro-bioeconomia-na-amazonia-e-codigo-florestal\/#primaryimage\"},\"image\":{\"@id\":\"https:\/\/www.institutodeengenharia.org.br\/site\/2023\/03\/07\/assista-abaixo-a-gravacao-do-encontro-bioeconomia-na-amazonia-e-codigo-florestal\/#primaryimage\"},\"thumbnailUrl\":\"https:\/\/www.institutodeengenharia.org.br\/site\/wp-content\/uploads\/2023\/01\/Cristina-Leme.jpg\",\"datePublished\":\"2023-03-07T17:57:35+00:00\",\"dateModified\":\"2023-03-20T14:12:42+00:00\",\"breadcrumb\":{\"@id\":\"https:\/\/www.institutodeengenharia.org.br\/site\/2023\/03\/07\/assista-abaixo-a-gravacao-do-encontro-bioeconomia-na-amazonia-e-codigo-florestal\/#breadcrumb\"},\"inLanguage\":\"pt-BR\",\"potentialAction\":[{\"@type\":\"ReadAction\",\"target\":[\"https:\/\/www.institutodeengenharia.org.br\/site\/2023\/03\/07\/assista-abaixo-a-gravacao-do-encontro-bioeconomia-na-amazonia-e-codigo-florestal\/\"]}]},{\"@type\":\"ImageObject\",\"inLanguage\":\"pt-BR\",\"@id\":\"https:\/\/www.institutodeengenharia.org.br\/site\/2023\/03\/07\/assista-abaixo-a-gravacao-do-encontro-bioeconomia-na-amazonia-e-codigo-florestal\/#primaryimage\",\"url\":\"https:\/\/www.institutodeengenharia.org.br\/site\/wp-content\/uploads\/2023\/01\/Cristina-Leme.jpg\",\"contentUrl\":\"https:\/\/www.institutodeengenharia.org.br\/site\/wp-content\/uploads\/2023\/01\/Cristina-Leme.jpg\",\"width\":1920,\"height\":1080},{\"@type\":\"BreadcrumbList\",\"@id\":\"https:\/\/www.institutodeengenharia.org.br\/site\/2023\/03\/07\/assista-abaixo-a-gravacao-do-encontro-bioeconomia-na-amazonia-e-codigo-florestal\/#breadcrumb\",\"itemListElement\":[{\"@type\":\"ListItem\",\"position\":1,\"name\":\"In\u00edcio\",\"item\":\"https:\/\/www.institutodeengenharia.org.br\/site\/\"},{\"@type\":\"ListItem\",\"position\":2,\"name\":\"Bioeconomia na Amaz\u00f4nia e C\u00f3digo Florestal\"}]},{\"@type\":\"WebSite\",\"@id\":\"https:\/\/www.institutodeengenharia.org.br\/site\/#website\",\"url\":\"https:\/\/www.institutodeengenharia.org.br\/site\/\",\"name\":\"Instituto de Engenharia\",\"description\":\"O Instituto de Engenharia promove a Engenharia em benef\u00edcio do desenvolvimento e da qualidade de vida da sociedade.\",\"publisher\":{\"@id\":\"https:\/\/www.institutodeengenharia.org.br\/site\/#organization\"},\"potentialAction\":[{\"@type\":\"SearchAction\",\"target\":{\"@type\":\"EntryPoint\",\"urlTemplate\":\"https:\/\/www.institutodeengenharia.org.br\/site\/?s={search_term_string}\"},\"query-input\":{\"@type\":\"PropertyValueSpecification\",\"valueRequired\":true,\"valueName\":\"search_term_string\"}}],\"inLanguage\":\"pt-BR\"},{\"@type\":\"Organization\",\"@id\":\"https:\/\/www.institutodeengenharia.org.br\/site\/#organization\",\"name\":\"Instituto de Engenharia\",\"url\":\"https:\/\/www.institutodeengenharia.org.br\/site\/\",\"logo\":{\"@type\":\"ImageObject\",\"inLanguage\":\"pt-BR\",\"@id\":\"https:\/\/www.institutodeengenharia.org.br\/site\/#\/schema\/logo\/image\/\",\"url\":\"https:\/\/www.institutodeengenharia.org.br\/site\/wp-content\/uploads\/2019\/03\/logo-novo-IE2018-1.jpg\",\"contentUrl\":\"https:\/\/www.institutodeengenharia.org.br\/site\/wp-content\/uploads\/2019\/03\/logo-novo-IE2018-1.jpg\",\"width\":1486,\"height\":1879,\"caption\":\"Instituto de Engenharia\"},\"image\":{\"@id\":\"https:\/\/www.institutodeengenharia.org.br\/site\/#\/schema\/logo\/image\/\"},\"sameAs\":[\"https:\/\/www.facebook.com\/institutodeengenharia\",\"https:\/\/x.com\/iengenharia\",\"https:\/\/www.instagram.com\/institutodeengenharia\/\",\"https:\/\/www.linkedin.com\/company\/instituto-de-engenharia\/\",\"https:\/\/www.youtube.com\/channel\/UCXiCAlsSMe977vamW915HxA\"]},{\"@type\":\"Person\",\"@id\":\"https:\/\/www.institutodeengenharia.org.br\/site\/#\/schema\/person\/aeb64951c405e100d26d30b033dd423f\",\"name\":\"Bianca\",\"image\":{\"@type\":\"ImageObject\",\"inLanguage\":\"pt-BR\",\"@id\":\"https:\/\/secure.gravatar.com\/avatar\/a6fbe9bff57405baf4c1e2c5c1811e072b558253974a9f9508f4678900c97c2a?s=96&d=mm&r=g\",\"url\":\"https:\/\/secure.gravatar.com\/avatar\/a6fbe9bff57405baf4c1e2c5c1811e072b558253974a9f9508f4678900c97c2a?s=96&d=mm&r=g\",\"contentUrl\":\"https:\/\/secure.gravatar.com\/avatar\/a6fbe9bff57405baf4c1e2c5c1811e072b558253974a9f9508f4678900c97c2a?s=96&d=mm&r=g\",\"caption\":\"Bianca\"},\"url\":\"https:\/\/www.institutodeengenharia.org.br\/site\/author\/comunicacao1\/\"}]}<\/script>\n<!-- \/ Yoast SEO plugin. -->","yoast_head_json":{"title":"Bioeconomia na Amaz\u00f4nia e C\u00f3digo Florestal - Instituto de Engenharia","robots":{"index":"index","follow":"follow","max-snippet":"max-snippet:-1","max-image-preview":"max-image-preview:large","max-video-preview":"max-video-preview:-1"},"canonical":"https:\/\/www.institutodeengenharia.org.br\/site\/2023\/03\/07\/assista-abaixo-a-gravacao-do-encontro-bioeconomia-na-amazonia-e-codigo-florestal\/","og_locale":"pt_BR","og_type":"article","og_title":"Assista abaixo \u00e0 grava\u00e7\u00e3o do encontro: Bioeconomia na Amaz\u00f4nia e C\u00f3digo Florestal","og_description":"Cristina Leme tem acompanhado o processo regulat\u00f3rio e institucional da bioeconomia e do c\u00f3digo florestal brasileiro. Neste encontro\u00a0aberto ela\u00a0vai compartilhar sobre as pesquisas que t\u00eam desenvolvido, em que recentemente\u00a0publicou dois artigos de destaque\u00a0sobre\u00a0o cen\u00e1rio brasileiro \u201cBioeconomia na Amaz\u00f4nia An\u00e1lise Conceitual, Regulat\u00f3ria e Institucional\u201d e\u00a0\u201cOnde Estamos e Para Onde Vamos na Implementa\u00e7\u00e3o do C\u00f3digo Florestal: Oportunidades Para o Novo Governo Lula.\u201d\u00a0","og_url":"https:\/\/www.institutodeengenharia.org.br\/site\/2023\/03\/07\/assista-abaixo-a-gravacao-do-encontro-bioeconomia-na-amazonia-e-codigo-florestal\/","og_site_name":"Instituto de Engenharia","article_publisher":"https:\/\/www.facebook.com\/institutodeengenharia","article_published_time":"2023-03-07T17:57:35+00:00","article_modified_time":"2023-03-20T14:12:42+00:00","og_image":[{"width":1920,"height":1080,"url":"https:\/\/www.institutodeengenharia.org.br\/site\/wp-content\/uploads\/2023\/01\/Cristina-Leme.jpg","type":"image\/jpeg"}],"author":"Bianca","twitter_card":"summary_large_image","twitter_title":"Assista abaixo \u00e0 grava\u00e7\u00e3o do encontro: Bioeconomia na Amaz\u00f4nia e C\u00f3digo Florestal","twitter_description":"Cristina Leme tem acompanhado o processo regulat\u00f3rio e institucional da bioeconomia e do c\u00f3digo florestal brasileiro. Neste encontro\u00a0aberto ela\u00a0vai compartilhar sobre as pesquisas que t\u00eam desenvolvido, em que recentemente\u00a0publicou dois artigos de destaque\u00a0sobre\u00a0o cen\u00e1rio brasileiro \u201cBioeconomia na Amaz\u00f4nia An\u00e1lise Conceitual, Regulat\u00f3ria e Institucional\u201d e\u00a0\u201cOnde Estamos e Para Onde Vamos na Implementa\u00e7\u00e3o do C\u00f3digo Florestal: Oportunidades Para o Novo Governo Lula.\u201d\u00a0","twitter_image":"https:\/\/www.institutodeengenharia.org.br\/site\/wp-content\/uploads\/2023\/01\/Cristina-Leme.jpg","twitter_creator":"@iengenharia","twitter_site":"@iengenharia","twitter_misc":{"Escrito por":"Bianca","Est. tempo de leitura":"2 minutos"},"schema":{"@context":"https:\/\/schema.org","@graph":[{"@type":"Article","@id":"https:\/\/www.institutodeengenharia.org.br\/site\/2023\/03\/07\/assista-abaixo-a-gravacao-do-encontro-bioeconomia-na-amazonia-e-codigo-florestal\/#article","isPartOf":{"@id":"https:\/\/www.institutodeengenharia.org.br\/site\/2023\/03\/07\/assista-abaixo-a-gravacao-do-encontro-bioeconomia-na-amazonia-e-codigo-florestal\/"},"author":{"name":"Bianca","@id":"https:\/\/www.institutodeengenharia.org.br\/site\/#\/schema\/person\/aeb64951c405e100d26d30b033dd423f"},"headline":"Bioeconomia na Amaz\u00f4nia e C\u00f3digo Florestal","datePublished":"2023-03-07T17:57:35+00:00","dateModified":"2023-03-20T14:12:42+00:00","mainEntityOfPage":{"@id":"https:\/\/www.institutodeengenharia.org.br\/site\/2023\/03\/07\/assista-abaixo-a-gravacao-do-encontro-bioeconomia-na-amazonia-e-codigo-florestal\/"},"wordCount":144,"commentCount":0,"publisher":{"@id":"https:\/\/www.institutodeengenharia.org.br\/site\/#organization"},"image":{"@id":"https:\/\/www.institutodeengenharia.org.br\/site\/2023\/03\/07\/assista-abaixo-a-gravacao-do-encontro-bioeconomia-na-amazonia-e-codigo-florestal\/#primaryimage"},"thumbnailUrl":"https:\/\/www.institutodeengenharia.org.br\/site\/wp-content\/uploads\/2023\/01\/Cristina-Leme.jpg","articleSection":["Amaz\u00f4nia e Bioeconomia","Nova TV Engenharia","Palestra"],"inLanguage":"pt-BR","potentialAction":[{"@type":"CommentAction","name":"Comment","target":["https:\/\/www.institutodeengenharia.org.br\/site\/2023\/03\/07\/assista-abaixo-a-gravacao-do-encontro-bioeconomia-na-amazonia-e-codigo-florestal\/#respond"]}]},{"@type":"WebPage","@id":"https:\/\/www.institutodeengenharia.org.br\/site\/2023\/03\/07\/assista-abaixo-a-gravacao-do-encontro-bioeconomia-na-amazonia-e-codigo-florestal\/","url":"https:\/\/www.institutodeengenharia.org.br\/site\/2023\/03\/07\/assista-abaixo-a-gravacao-do-encontro-bioeconomia-na-amazonia-e-codigo-florestal\/","name":"Bioeconomia na Amaz\u00f4nia e C\u00f3digo Florestal - Instituto de Engenharia","isPartOf":{"@id":"https:\/\/www.institutodeengenharia.org.br\/site\/#website"},"primaryImageOfPage":{"@id":"https:\/\/www.institutodeengenharia.org.br\/site\/2023\/03\/07\/assista-abaixo-a-gravacao-do-encontro-bioeconomia-na-amazonia-e-codigo-florestal\/#primaryimage"},"image":{"@id":"https:\/\/www.institutodeengenharia.org.br\/site\/2023\/03\/07\/assista-abaixo-a-gravacao-do-encontro-bioeconomia-na-amazonia-e-codigo-florestal\/#primaryimage"},"thumbnailUrl":"https:\/\/www.institutodeengenharia.org.br\/site\/wp-content\/uploads\/2023\/01\/Cristina-Leme.jpg","datePublished":"2023-03-07T17:57:35+00:00","dateModified":"2023-03-20T14:12:42+00:00","breadcrumb":{"@id":"https:\/\/www.institutodeengenharia.org.br\/site\/2023\/03\/07\/assista-abaixo-a-gravacao-do-encontro-bioeconomia-na-amazonia-e-codigo-florestal\/#breadcrumb"},"inLanguage":"pt-BR","potentialAction":[{"@type":"ReadAction","target":["https:\/\/www.institutodeengenharia.org.br\/site\/2023\/03\/07\/assista-abaixo-a-gravacao-do-encontro-bioeconomia-na-amazonia-e-codigo-florestal\/"]}]},{"@type":"ImageObject","inLanguage":"pt-BR","@id":"https:\/\/www.institutodeengenharia.org.br\/site\/2023\/03\/07\/assista-abaixo-a-gravacao-do-encontro-bioeconomia-na-amazonia-e-codigo-florestal\/#primaryimage","url":"https:\/\/www.institutodeengenharia.org.br\/site\/wp-content\/uploads\/2023\/01\/Cristina-Leme.jpg","contentUrl":"https:\/\/www.institutodeengenharia.org.br\/site\/wp-content\/uploads\/2023\/01\/Cristina-Leme.jpg","width":1920,"height":1080},{"@type":"BreadcrumbList","@id":"https:\/\/www.institutodeengenharia.org.br\/site\/2023\/03\/07\/assista-abaixo-a-gravacao-do-encontro-bioeconomia-na-amazonia-e-codigo-florestal\/#breadcrumb","itemListElement":[{"@type":"ListItem","position":1,"name":"In\u00edcio","item":"https:\/\/www.institutodeengenharia.org.br\/site\/"},{"@type":"ListItem","position":2,"name":"Bioeconomia na Amaz\u00f4nia e C\u00f3digo Florestal"}]},{"@type":"WebSite","@id":"https:\/\/www.institutodeengenharia.org.br\/site\/#website","url":"https:\/\/www.institutodeengenharia.org.br\/site\/","name":"Instituto de Engenharia","description":"O Instituto de Engenharia promove a Engenharia em benef\u00edcio do desenvolvimento e da qualidade de vida da sociedade.","publisher":{"@id":"https:\/\/www.institutodeengenharia.org.br\/site\/#organization"},"potentialAction":[{"@type":"SearchAction","target":{"@type":"EntryPoint","urlTemplate":"https:\/\/www.institutodeengenharia.org.br\/site\/?s={search_term_string}"},"query-input":{"@type":"PropertyValueSpecification","valueRequired":true,"valueName":"search_term_string"}}],"inLanguage":"pt-BR"},{"@type":"Organization","@id":"https:\/\/www.institutodeengenharia.org.br\/site\/#organization","name":"Instituto de Engenharia","url":"https:\/\/www.institutodeengenharia.org.br\/site\/","logo":{"@type":"ImageObject","inLanguage":"pt-BR","@id":"https:\/\/www.institutodeengenharia.org.br\/site\/#\/schema\/logo\/image\/","url":"https:\/\/www.institutodeengenharia.org.br\/site\/wp-content\/uploads\/2019\/03\/logo-novo-IE2018-1.jpg","contentUrl":"https:\/\/www.institutodeengenharia.org.br\/site\/wp-content\/uploads\/2019\/03\/logo-novo-IE2018-1.jpg","width":1486,"height":1879,"caption":"Instituto de Engenharia"},"image":{"@id":"https:\/\/www.institutodeengenharia.org.br\/site\/#\/schema\/logo\/image\/"},"sameAs":["https:\/\/www.facebook.com\/institutodeengenharia","https:\/\/x.com\/iengenharia","https:\/\/www.instagram.com\/institutodeengenharia\/","https:\/\/www.linkedin.com\/company\/instituto-de-engenharia\/","https:\/\/www.youtube.com\/channel\/UCXiCAlsSMe977vamW915HxA"]},{"@type":"Person","@id":"https:\/\/www.institutodeengenharia.org.br\/site\/#\/schema\/person\/aeb64951c405e100d26d30b033dd423f","name":"Bianca","image":{"@type":"ImageObject","inLanguage":"pt-BR","@id":"https:\/\/secure.gravatar.com\/avatar\/a6fbe9bff57405baf4c1e2c5c1811e072b558253974a9f9508f4678900c97c2a?s=96&d=mm&r=g","url":"https:\/\/secure.gravatar.com\/avatar\/a6fbe9bff57405baf4c1e2c5c1811e072b558253974a9f9508f4678900c97c2a?s=96&d=mm&r=g","contentUrl":"https:\/\/secure.gravatar.com\/avatar\/a6fbe9bff57405baf4c1e2c5c1811e072b558253974a9f9508f4678900c97c2a?s=96&d=mm&r=g","caption":"Bianca"},"url":"https:\/\/www.institutodeengenharia.org.br\/site\/author\/comunicacao1\/"}]}},"_links":{"self":[{"href":"https:\/\/www.institutodeengenharia.org.br\/site\/wp-json\/wp\/v2\/posts\/102949","targetHints":{"allow":["GET"]}}],"collection":[{"href":"https:\/\/www.institutodeengenharia.org.br\/site\/wp-json\/wp\/v2\/posts"}],"about":[{"href":"https:\/\/www.institutodeengenharia.org.br\/site\/wp-json\/wp\/v2\/types\/post"}],"author":[{"embeddable":true,"href":"https:\/\/www.institutodeengenharia.org.br\/site\/wp-json\/wp\/v2\/users\/13"}],"replies":[{"embeddable":true,"href":"https:\/\/www.institutodeengenharia.org.br\/site\/wp-json\/wp\/v2\/comments?post=102949"}],"version-history":[{"count":5,"href":"https:\/\/www.institutodeengenharia.org.br\/site\/wp-json\/wp\/v2\/posts\/102949\/revisions"}],"predecessor-version":[{"id":103019,"href":"https:\/\/www.institutodeengenharia.org.br\/site\/wp-json\/wp\/v2\/posts\/102949\/revisions\/103019"}],"wp:featuredmedia":[{"embeddable":true,"href":"https:\/\/www.institutodeengenharia.org.br\/site\/wp-json\/wp\/v2\/media\/101670"}],"wp:attachment":[{"href":"https:\/\/www.institutodeengenharia.org.br\/site\/wp-json\/wp\/v2\/media?parent=102949"}],"wp:term":[{"taxonomy":"category","embeddable":true,"href":"https:\/\/www.institutodeengenharia.org.br\/site\/wp-json\/wp\/v2\/categories?post=102949"},{"taxonomy":"post_tag","embeddable":true,"href":"https:\/\/www.institutodeengenharia.org.br\/site\/wp-json\/wp\/v2\/tags?post=102949"}],"curies":[{"name":"wp","href":"https:\/\/api.w.org\/{rel}","templated":true}]}}