{"id":102104,"date":"2023-02-03T14:33:50","date_gmt":"2023-02-03T17:33:50","guid":{"rendered":"https:\/\/www.institutodeengenharia.org.br\/site\/?p=102104"},"modified":"2023-02-03T14:33:50","modified_gmt":"2023-02-03T17:33:50","slug":"por-francisco-christovam-novo-transporte-publico-do-brasil-precisa-sair-do-papel","status":"publish","type":"post","link":"https:\/\/www.institutodeengenharia.org.br\/site\/2023\/02\/03\/por-francisco-christovam-novo-transporte-publico-do-brasil-precisa-sair-do-papel\/","title":{"rendered":"Por Francisco Christovam \u2013 Novo transporte p\u00fablico do Brasil precisa sair do papel"},"content":{"rendered":"<p><em>Artigo publicado na se\u00e7\u00e3o \u201cTend\u00eancias\/Debates\u201d, no jornal Folha de S. Paulo, edi\u00e7\u00e3o de 01\/02\/23.<\/em><\/p>\n<p>No novo cen\u00e1rio pol\u00edtico, temas cruciais \u00e0 retomada do crescimento econ\u00f4mico do pa\u00eds e \u00e0 solu\u00e7\u00e3o de grandes gargalos em servi\u00e7os essenciais n\u00e3o podem ser esquecidos. Especialmente quando o assunto diz respeito ao transporte p\u00fablico por \u00f4nibus urbano, respons\u00e1vel por 85,7% das viagens de transporte coletivo realizadas no pa\u00eds \u2014um servi\u00e7o essencial que viabiliza todas as demais atividades econ\u00f4micas e garante a qualidade de vida nas cidades.<\/p>\n<p>Infelizmente, o transporte p\u00fablico ainda \u00e9 fonte de insatisfa\u00e7\u00e3o popular, de queixas da sociedade e de cr\u00edticas dos formadores de opini\u00e3o. No entanto, o setor j\u00e1 tem propostas de reestrutura\u00e7\u00e3o total do servi\u00e7o. No decorrer de 2022, uma proposta para o novo marco legal do transporte p\u00fablico, caminho para a supera\u00e7\u00e3o dos desafios hist\u00f3ricos do setor, foi elaborada no \u00e2mbito do F\u00f3rum Consultivo de Mobilidade Urbana, inst\u00e2ncia ligada ao ent\u00e3o Minist\u00e9rio do Desenvolvimento Regional e que re\u00fane especialistas em mobilidade urbana, entidades civis e representantes do poder p\u00fablico. H\u00e1 tamb\u00e9m uma proposta de iniciativa do Legislativo, o projeto de lei 3278\/2021, de autoria do ent\u00e3o senador Antonio Anastasia, que tramita no Senado e segue premissas semelhantes.<\/p>\n<p>As propostas contemplam aspectos necess\u00e1rios \u00e0 oferta de um transporte p\u00fablico que atenda aos anseios da sociedade, com melhor qualidade do servi\u00e7o oferecido \u2014uma prioridade do setor para a conquista de mais passageiros para o coletivo urbano. Inclui tamb\u00e9m quest\u00f5es de ordem jur\u00eddico-legal, relacionadas ao modelo de contrata\u00e7\u00e3o dos servi\u00e7os, e quest\u00f5es ligadas ao financiamento do transporte p\u00fablico, como a separa\u00e7\u00e3o da tarifa p\u00fablica, paga pelo passageiro, da tarifa de remunera\u00e7\u00e3o, paga \u00e0s operadoras pela presta\u00e7\u00e3o do servi\u00e7o \u2014mecanismo que garante a modicidade tarif\u00e1ria e j\u00e1 est\u00e1 previsto na Lei de Mobilidade Urbana (n\u00ba 12.587\/2012), mas ainda praticado em poucas cidades.<\/p>\n<p>A expectativa de melhoria do transporte p\u00fablico ter\u00e1 que passar ainda pela qualifica\u00e7\u00e3o desse servi\u00e7o, por meio da retomada imediata de programas de investimentos na infraestrutura dedicada \u00e0 mobilidade urbana coletiva. Projetos de prioriza\u00e7\u00e3o do transporte p\u00fablico coletivo por \u00f4nibus (sistemas BRT, corredores e faixas exclusivas) t\u00eam grande potencial para, no curto e m\u00e9dio prazos, aumentar a velocidade operacional, reduzir custos e tempos de viagens, atrair novos passageiros e, consequentemente, diminuir congestionamentos, acidentes de tr\u00e2nsito e emiss\u00e3o de gases poluentes.<\/p>\n<p>De modo geral, todos aqueles que ofertam esse servi\u00e7o p\u00fablico essencial aguardam pelo dia em que o Brasil reconhe\u00e7a o transporte coletivo por \u00f4nibus como estruturador da mobilidade urbana, a ponto de prioriz\u00e1-lo nas vias e nos investimentos. \u00c9 urgente que se reconhe\u00e7a o papel do \u00f4nibus e sua import\u00e2ncia para a melhoria da mobilidade urbana, assim como a necessidade da integra\u00e7\u00e3o modal, aumentando a efici\u00eancia e evitando a concorr\u00eancia predat\u00f3ria entre as diferentes op\u00e7\u00f5es de deslocamento.<\/p>\n<p>Do lado das empresas, h\u00e1 tamb\u00e9m a busca pela melhoria da comunica\u00e7\u00e3o com os clientes, com a sociedade e com os formadores de opini\u00e3o. Al\u00e9m disso, ser\u00e1 necess\u00e1rio intensificar as iniciativas de capacita\u00e7\u00e3o dos \u00f3rg\u00e3os gestores; continuar investindo na governan\u00e7a das empresas; melhorar os servi\u00e7os por meio de parcerias entre poder p\u00fablico e iniciativa privada; e baratear a tarifa de utiliza\u00e7\u00e3o, por meio de subs\u00eddios, para aumentar a demanda e a oferta dos servi\u00e7os, seguindo as melhores pr\u00e1ticas internacionais do segmento.<\/p>\n<p>Caber\u00e1 aos tomadores de decis\u00f5es do novo governo federal e do novo Congresso demonstrar compromisso, disponibilidade para o di\u00e1logo e boa vontade pol\u00edtica para recuperar o transporte p\u00fablico, profundamente afetado pela pandemia de Covid-19, e inclu\u00ed-lo entre as prioridades na gest\u00e3o da mobilidade urbana do pa\u00eds. O desafio est\u00e1 posto.<\/p>\n<p>_______________________________________________________________________<\/p>\n<p><img loading=\"lazy\" decoding=\"async\" class=\"td-animation-stack-type0-2\" src=\"https:\/\/www.institutodeengenharia.org.br\/site\/wp-content\/uploads\/2019\/10\/Francisco-Christovam-e1570795701677.jpg\" width=\"148\" height=\"222\" \/><\/p>\n<p>(*) Francisco Christovam \u00e9 presidente executivo da Associa\u00e7\u00e3o Nacional das Empresas de Transportes Urbanos \u2013 NTU e vice-presidente da Federa\u00e7\u00e3o das Empresas de Transportes de Passageiros do Estado de S\u00e3o Paulo \u2013 FETPESP. \u00c9, tamb\u00e9m, vice-presidente da Associa\u00e7\u00e3o Nacional de Transportes P\u00fablicos \u2013 ANTP, bem como membro do Conselho Diretor da Confedera\u00e7\u00e3o Nacional dos Transportes \u2013 CNT e do Conselho Consultivo do Instituto de Engenharia.<\/p>\n<div class=\"td-pb-span8 td-main-content\" role=\"main\">\n<div class=\"td-ss-main-content\">\n<article id=\"post-101888\" class=\"post-101888 post type-post status-publish format-standard has-post-thumbnail category-articulistas category-francisco-christovam\">\n<div class=\"td-post-content tagdiv-type\">\n<article id=\"post-93621\" class=\"post-93621 post type-post status-publish format-standard has-post-thumbnail category-articulistas category-francisco-christovam\">\n<div class=\"td-post-content tagdiv-type\">\n<div class=\"td-pb-span8 td-main-content\" role=\"main\">\n<div class=\"td-ss-main-content\">\n<article id=\"post-71688\" class=\"post-71688 post type-post status-publish format-standard has-post-thumbnail category-articulistas category-francisco-christovam\">\n<div class=\"td-post-content tagdiv-type\">\n<p>*<em>Os artigos publicados com assinatura, n\u00e3o traduzem necessariamente a opini\u00e3o do Instituto de Engenharia. Sua publica\u00e7\u00e3o obedece ao prop\u00f3sito de estimular o debate dos problemas brasileiros e de refletir as diversas tend\u00eancias do pensamento contempor\u00e2neo<\/em><\/p>\n<\/div>\n<\/article>\n<div class=\"clearfix\"><\/div>\n<div class=\"clearfix\"><\/div>\n<\/div>\n<\/div>\n<\/div>\n<\/article>\n<div class=\"td-a-rec td-a-rec-id-content_bottom  tdi_72 td_block_template_1\"><\/div>\n<\/div>\n<footer>\n<div class=\"td-post-source-tags\"><\/div>\n<\/footer>\n<\/article>\n<div class=\"clearfix\"><\/div>\n<\/div>\n<\/div>\n<div class=\"td-pb-span4 td-main-sidebar\" role=\"complementary\">\n<div class=\"td-ss-main-sidebar\">\n<div class=\"clearfix\"><\/div>\n<div class=\"td_block_wrap td_block_7 td_block_widget tdi_73 td_with_ajax_pagination td-pb-border-top td_block_template_1 td-column-1 td_block_padding\" data-td-block-uid=\"tdi_73\">\n<div class=\"td-block-title-wrap\"><\/div>\n<\/div>\n<\/div>\n<\/div>\n","protected":false},"excerpt":{"rendered":"<p>Artigo publicado na se\u00e7\u00e3o \u201cTend\u00eancias\/Debates\u201d, no jornal Folha de S. Paulo, edi\u00e7\u00e3o de 01\/02\/23. No novo cen\u00e1rio pol\u00edtico, temas cruciais \u00e0 retomada do crescimento econ\u00f4mico do pa\u00eds e \u00e0 solu\u00e7\u00e3o de grandes gargalos em servi\u00e7os essenciais n\u00e3o podem ser esquecidos. Especialmente quando o assunto diz respeito ao transporte p\u00fablico por \u00f4nibus urbano, respons\u00e1vel por 85,7% [&hellip;]<\/p>\n","protected":false},"author":13,"featured_media":102105,"comment_status":"open","ping_status":"open","sticky":false,"template":"","format":"standard","meta":{"footnotes":""},"categories":[11,90],"tags":[],"class_list":{"0":"post-102104","1":"post","2":"type-post","3":"status-publish","4":"format-standard","5":"has-post-thumbnail","7":"category-articulistas","8":"category-francisco-christovam"},"yoast_head":"<!-- This site is optimized with the Yoast SEO plugin v27.2 - https:\/\/yoast.com\/product\/yoast-seo-wordpress\/ -->\n<title>Por Francisco Christovam \u2013 Novo transporte p\u00fablico do Brasil precisa sair do papel - Instituto de Engenharia<\/title>\n<meta name=\"robots\" content=\"index, follow, max-snippet:-1, max-image-preview:large, max-video-preview:-1\" \/>\n<link rel=\"canonical\" href=\"https:\/\/www.institutodeengenharia.org.br\/site\/2023\/02\/03\/por-francisco-christovam-novo-transporte-publico-do-brasil-precisa-sair-do-papel\/\" \/>\n<meta property=\"og:locale\" content=\"pt_BR\" \/>\n<meta property=\"og:type\" content=\"article\" \/>\n<meta property=\"og:title\" content=\"Por Francisco Christovam \u2013 Novo transporte p\u00fablico do Brasil precisa sair do papel\" \/>\n<meta property=\"og:description\" content=\"Artigo publicado na se\u00e7\u00e3o \u201cTend\u00eancias\/Debates\u201d, no jornal Folha de S. Paulo, edi\u00e7\u00e3o de 01\/02\/23. No novo cen\u00e1rio pol\u00edtico, temas cruciais \u00e0 retomada do crescimento econ\u00f4mico do pa\u00eds e \u00e0 solu\u00e7\u00e3o de grandes gargalos em servi\u00e7os essenciais n\u00e3o podem ser esquecidos. Especialmente quando o assunto diz respeito ao transporte p\u00fablico por \u00f4nibus urbano, respons\u00e1vel por 85,7% [&hellip;]\" \/>\n<meta property=\"og:url\" content=\"https:\/\/www.institutodeengenharia.org.br\/site\/2023\/02\/03\/por-francisco-christovam-novo-transporte-publico-do-brasil-precisa-sair-do-papel\/\" \/>\n<meta property=\"og:site_name\" content=\"Instituto de Engenharia\" \/>\n<meta property=\"article:publisher\" content=\"https:\/\/www.facebook.com\/institutodeengenharia\" \/>\n<meta property=\"article:published_time\" content=\"2023-02-03T17:33:50+00:00\" \/>\n<meta property=\"og:image\" content=\"https:\/\/www.institutodeengenharia.org.br\/site\/wp-content\/uploads\/2023\/02\/Sair-do-Papel.jpg\" \/>\n\t<meta property=\"og:image:width\" content=\"275\" \/>\n\t<meta property=\"og:image:height\" content=\"183\" \/>\n\t<meta property=\"og:image:type\" content=\"image\/jpeg\" \/>\n<meta name=\"author\" content=\"Bianca\" \/>\n<meta name=\"twitter:card\" content=\"summary_large_image\" \/>\n<meta name=\"twitter:title\" content=\"Por Francisco Christovam \u2013 Novo transporte p\u00fablico do Brasil precisa sair do papel\" \/>\n<meta name=\"twitter:image\" content=\"https:\/\/www.institutodeengenharia.org.br\/site\/wp-content\/uploads\/2023\/02\/Sair-do-Papel.jpg\" \/>\n<meta name=\"twitter:creator\" content=\"@iengenharia\" \/>\n<meta name=\"twitter:site\" content=\"@iengenharia\" \/>\n<meta name=\"twitter:label1\" content=\"Escrito por\" \/>\n\t<meta name=\"twitter:data1\" content=\"Bianca\" \/>\n\t<meta name=\"twitter:label2\" content=\"Est. tempo de leitura\" \/>\n\t<meta name=\"twitter:data2\" content=\"4 minutos\" \/>\n<script type=\"application\/ld+json\" class=\"yoast-schema-graph\">{\"@context\":\"https:\/\/schema.org\",\"@graph\":[{\"@type\":\"Article\",\"@id\":\"https:\/\/www.institutodeengenharia.org.br\/site\/2023\/02\/03\/por-francisco-christovam-novo-transporte-publico-do-brasil-precisa-sair-do-papel\/#article\",\"isPartOf\":{\"@id\":\"https:\/\/www.institutodeengenharia.org.br\/site\/2023\/02\/03\/por-francisco-christovam-novo-transporte-publico-do-brasil-precisa-sair-do-papel\/\"},\"author\":{\"name\":\"Bianca\",\"@id\":\"https:\/\/www.institutodeengenharia.org.br\/site\/#\/schema\/person\/aeb64951c405e100d26d30b033dd423f\"},\"headline\":\"Por Francisco Christovam \u2013 Novo transporte p\u00fablico do Brasil precisa sair do papel\",\"datePublished\":\"2023-02-03T17:33:50+00:00\",\"mainEntityOfPage\":{\"@id\":\"https:\/\/www.institutodeengenharia.org.br\/site\/2023\/02\/03\/por-francisco-christovam-novo-transporte-publico-do-brasil-precisa-sair-do-papel\/\"},\"wordCount\":784,\"commentCount\":0,\"publisher\":{\"@id\":\"https:\/\/www.institutodeengenharia.org.br\/site\/#organization\"},\"image\":{\"@id\":\"https:\/\/www.institutodeengenharia.org.br\/site\/2023\/02\/03\/por-francisco-christovam-novo-transporte-publico-do-brasil-precisa-sair-do-papel\/#primaryimage\"},\"thumbnailUrl\":\"https:\/\/www.institutodeengenharia.org.br\/site\/wp-content\/uploads\/2023\/02\/Sair-do-Papel.jpg\",\"articleSection\":[\"Articulistas\",\"Francisco Christovam\"],\"inLanguage\":\"pt-BR\",\"potentialAction\":[{\"@type\":\"CommentAction\",\"name\":\"Comment\",\"target\":[\"https:\/\/www.institutodeengenharia.org.br\/site\/2023\/02\/03\/por-francisco-christovam-novo-transporte-publico-do-brasil-precisa-sair-do-papel\/#respond\"]}]},{\"@type\":\"WebPage\",\"@id\":\"https:\/\/www.institutodeengenharia.org.br\/site\/2023\/02\/03\/por-francisco-christovam-novo-transporte-publico-do-brasil-precisa-sair-do-papel\/\",\"url\":\"https:\/\/www.institutodeengenharia.org.br\/site\/2023\/02\/03\/por-francisco-christovam-novo-transporte-publico-do-brasil-precisa-sair-do-papel\/\",\"name\":\"Por Francisco Christovam \u2013 Novo transporte p\u00fablico do Brasil precisa sair do papel - Instituto de Engenharia\",\"isPartOf\":{\"@id\":\"https:\/\/www.institutodeengenharia.org.br\/site\/#website\"},\"primaryImageOfPage\":{\"@id\":\"https:\/\/www.institutodeengenharia.org.br\/site\/2023\/02\/03\/por-francisco-christovam-novo-transporte-publico-do-brasil-precisa-sair-do-papel\/#primaryimage\"},\"image\":{\"@id\":\"https:\/\/www.institutodeengenharia.org.br\/site\/2023\/02\/03\/por-francisco-christovam-novo-transporte-publico-do-brasil-precisa-sair-do-papel\/#primaryimage\"},\"thumbnailUrl\":\"https:\/\/www.institutodeengenharia.org.br\/site\/wp-content\/uploads\/2023\/02\/Sair-do-Papel.jpg\",\"datePublished\":\"2023-02-03T17:33:50+00:00\",\"breadcrumb\":{\"@id\":\"https:\/\/www.institutodeengenharia.org.br\/site\/2023\/02\/03\/por-francisco-christovam-novo-transporte-publico-do-brasil-precisa-sair-do-papel\/#breadcrumb\"},\"inLanguage\":\"pt-BR\",\"potentialAction\":[{\"@type\":\"ReadAction\",\"target\":[\"https:\/\/www.institutodeengenharia.org.br\/site\/2023\/02\/03\/por-francisco-christovam-novo-transporte-publico-do-brasil-precisa-sair-do-papel\/\"]}]},{\"@type\":\"ImageObject\",\"inLanguage\":\"pt-BR\",\"@id\":\"https:\/\/www.institutodeengenharia.org.br\/site\/2023\/02\/03\/por-francisco-christovam-novo-transporte-publico-do-brasil-precisa-sair-do-papel\/#primaryimage\",\"url\":\"https:\/\/www.institutodeengenharia.org.br\/site\/wp-content\/uploads\/2023\/02\/Sair-do-Papel.jpg\",\"contentUrl\":\"https:\/\/www.institutodeengenharia.org.br\/site\/wp-content\/uploads\/2023\/02\/Sair-do-Papel.jpg\",\"width\":275,\"height\":183},{\"@type\":\"BreadcrumbList\",\"@id\":\"https:\/\/www.institutodeengenharia.org.br\/site\/2023\/02\/03\/por-francisco-christovam-novo-transporte-publico-do-brasil-precisa-sair-do-papel\/#breadcrumb\",\"itemListElement\":[{\"@type\":\"ListItem\",\"position\":1,\"name\":\"In\u00edcio\",\"item\":\"https:\/\/www.institutodeengenharia.org.br\/site\/\"},{\"@type\":\"ListItem\",\"position\":2,\"name\":\"Por Francisco Christovam \u2013 Novo transporte p\u00fablico do Brasil precisa sair do papel\"}]},{\"@type\":\"WebSite\",\"@id\":\"https:\/\/www.institutodeengenharia.org.br\/site\/#website\",\"url\":\"https:\/\/www.institutodeengenharia.org.br\/site\/\",\"name\":\"Instituto de Engenharia\",\"description\":\"O Instituto de Engenharia promove a Engenharia em benef\u00edcio do desenvolvimento e da qualidade de vida da sociedade.\",\"publisher\":{\"@id\":\"https:\/\/www.institutodeengenharia.org.br\/site\/#organization\"},\"potentialAction\":[{\"@type\":\"SearchAction\",\"target\":{\"@type\":\"EntryPoint\",\"urlTemplate\":\"https:\/\/www.institutodeengenharia.org.br\/site\/?s={search_term_string}\"},\"query-input\":{\"@type\":\"PropertyValueSpecification\",\"valueRequired\":true,\"valueName\":\"search_term_string\"}}],\"inLanguage\":\"pt-BR\"},{\"@type\":\"Organization\",\"@id\":\"https:\/\/www.institutodeengenharia.org.br\/site\/#organization\",\"name\":\"Instituto de Engenharia\",\"url\":\"https:\/\/www.institutodeengenharia.org.br\/site\/\",\"logo\":{\"@type\":\"ImageObject\",\"inLanguage\":\"pt-BR\",\"@id\":\"https:\/\/www.institutodeengenharia.org.br\/site\/#\/schema\/logo\/image\/\",\"url\":\"https:\/\/www.institutodeengenharia.org.br\/site\/wp-content\/uploads\/2019\/03\/logo-novo-IE2018-1.jpg\",\"contentUrl\":\"https:\/\/www.institutodeengenharia.org.br\/site\/wp-content\/uploads\/2019\/03\/logo-novo-IE2018-1.jpg\",\"width\":1486,\"height\":1879,\"caption\":\"Instituto de Engenharia\"},\"image\":{\"@id\":\"https:\/\/www.institutodeengenharia.org.br\/site\/#\/schema\/logo\/image\/\"},\"sameAs\":[\"https:\/\/www.facebook.com\/institutodeengenharia\",\"https:\/\/x.com\/iengenharia\",\"https:\/\/www.instagram.com\/institutodeengenharia\/\",\"https:\/\/www.linkedin.com\/company\/instituto-de-engenharia\/\",\"https:\/\/www.youtube.com\/channel\/UCXiCAlsSMe977vamW915HxA\"]},{\"@type\":\"Person\",\"@id\":\"https:\/\/www.institutodeengenharia.org.br\/site\/#\/schema\/person\/aeb64951c405e100d26d30b033dd423f\",\"name\":\"Bianca\",\"image\":{\"@type\":\"ImageObject\",\"inLanguage\":\"pt-BR\",\"@id\":\"https:\/\/secure.gravatar.com\/avatar\/a6fbe9bff57405baf4c1e2c5c1811e072b558253974a9f9508f4678900c97c2a?s=96&d=mm&r=g\",\"url\":\"https:\/\/secure.gravatar.com\/avatar\/a6fbe9bff57405baf4c1e2c5c1811e072b558253974a9f9508f4678900c97c2a?s=96&d=mm&r=g\",\"contentUrl\":\"https:\/\/secure.gravatar.com\/avatar\/a6fbe9bff57405baf4c1e2c5c1811e072b558253974a9f9508f4678900c97c2a?s=96&d=mm&r=g\",\"caption\":\"Bianca\"},\"url\":\"https:\/\/www.institutodeengenharia.org.br\/site\/author\/comunicacao1\/\"}]}<\/script>\n<!-- \/ Yoast SEO plugin. -->","yoast_head_json":{"title":"Por Francisco Christovam \u2013 Novo transporte p\u00fablico do Brasil precisa sair do papel - Instituto de Engenharia","robots":{"index":"index","follow":"follow","max-snippet":"max-snippet:-1","max-image-preview":"max-image-preview:large","max-video-preview":"max-video-preview:-1"},"canonical":"https:\/\/www.institutodeengenharia.org.br\/site\/2023\/02\/03\/por-francisco-christovam-novo-transporte-publico-do-brasil-precisa-sair-do-papel\/","og_locale":"pt_BR","og_type":"article","og_title":"Por Francisco Christovam \u2013 Novo transporte p\u00fablico do Brasil precisa sair do papel","og_description":"Artigo publicado na se\u00e7\u00e3o \u201cTend\u00eancias\/Debates\u201d, no jornal Folha de S. Paulo, edi\u00e7\u00e3o de 01\/02\/23. No novo cen\u00e1rio pol\u00edtico, temas cruciais \u00e0 retomada do crescimento econ\u00f4mico do pa\u00eds e \u00e0 solu\u00e7\u00e3o de grandes gargalos em servi\u00e7os essenciais n\u00e3o podem ser esquecidos. Especialmente quando o assunto diz respeito ao transporte p\u00fablico por \u00f4nibus urbano, respons\u00e1vel por 85,7% [&hellip;]","og_url":"https:\/\/www.institutodeengenharia.org.br\/site\/2023\/02\/03\/por-francisco-christovam-novo-transporte-publico-do-brasil-precisa-sair-do-papel\/","og_site_name":"Instituto de Engenharia","article_publisher":"https:\/\/www.facebook.com\/institutodeengenharia","article_published_time":"2023-02-03T17:33:50+00:00","og_image":[{"width":275,"height":183,"url":"https:\/\/www.institutodeengenharia.org.br\/site\/wp-content\/uploads\/2023\/02\/Sair-do-Papel.jpg","type":"image\/jpeg"}],"author":"Bianca","twitter_card":"summary_large_image","twitter_title":"Por Francisco Christovam \u2013 Novo transporte p\u00fablico do Brasil precisa sair do papel","twitter_image":"https:\/\/www.institutodeengenharia.org.br\/site\/wp-content\/uploads\/2023\/02\/Sair-do-Papel.jpg","twitter_creator":"@iengenharia","twitter_site":"@iengenharia","twitter_misc":{"Escrito por":"Bianca","Est. tempo de leitura":"4 minutos"},"schema":{"@context":"https:\/\/schema.org","@graph":[{"@type":"Article","@id":"https:\/\/www.institutodeengenharia.org.br\/site\/2023\/02\/03\/por-francisco-christovam-novo-transporte-publico-do-brasil-precisa-sair-do-papel\/#article","isPartOf":{"@id":"https:\/\/www.institutodeengenharia.org.br\/site\/2023\/02\/03\/por-francisco-christovam-novo-transporte-publico-do-brasil-precisa-sair-do-papel\/"},"author":{"name":"Bianca","@id":"https:\/\/www.institutodeengenharia.org.br\/site\/#\/schema\/person\/aeb64951c405e100d26d30b033dd423f"},"headline":"Por Francisco Christovam \u2013 Novo transporte p\u00fablico do Brasil precisa sair do papel","datePublished":"2023-02-03T17:33:50+00:00","mainEntityOfPage":{"@id":"https:\/\/www.institutodeengenharia.org.br\/site\/2023\/02\/03\/por-francisco-christovam-novo-transporte-publico-do-brasil-precisa-sair-do-papel\/"},"wordCount":784,"commentCount":0,"publisher":{"@id":"https:\/\/www.institutodeengenharia.org.br\/site\/#organization"},"image":{"@id":"https:\/\/www.institutodeengenharia.org.br\/site\/2023\/02\/03\/por-francisco-christovam-novo-transporte-publico-do-brasil-precisa-sair-do-papel\/#primaryimage"},"thumbnailUrl":"https:\/\/www.institutodeengenharia.org.br\/site\/wp-content\/uploads\/2023\/02\/Sair-do-Papel.jpg","articleSection":["Articulistas","Francisco Christovam"],"inLanguage":"pt-BR","potentialAction":[{"@type":"CommentAction","name":"Comment","target":["https:\/\/www.institutodeengenharia.org.br\/site\/2023\/02\/03\/por-francisco-christovam-novo-transporte-publico-do-brasil-precisa-sair-do-papel\/#respond"]}]},{"@type":"WebPage","@id":"https:\/\/www.institutodeengenharia.org.br\/site\/2023\/02\/03\/por-francisco-christovam-novo-transporte-publico-do-brasil-precisa-sair-do-papel\/","url":"https:\/\/www.institutodeengenharia.org.br\/site\/2023\/02\/03\/por-francisco-christovam-novo-transporte-publico-do-brasil-precisa-sair-do-papel\/","name":"Por Francisco Christovam \u2013 Novo transporte p\u00fablico do Brasil precisa sair do papel - Instituto de Engenharia","isPartOf":{"@id":"https:\/\/www.institutodeengenharia.org.br\/site\/#website"},"primaryImageOfPage":{"@id":"https:\/\/www.institutodeengenharia.org.br\/site\/2023\/02\/03\/por-francisco-christovam-novo-transporte-publico-do-brasil-precisa-sair-do-papel\/#primaryimage"},"image":{"@id":"https:\/\/www.institutodeengenharia.org.br\/site\/2023\/02\/03\/por-francisco-christovam-novo-transporte-publico-do-brasil-precisa-sair-do-papel\/#primaryimage"},"thumbnailUrl":"https:\/\/www.institutodeengenharia.org.br\/site\/wp-content\/uploads\/2023\/02\/Sair-do-Papel.jpg","datePublished":"2023-02-03T17:33:50+00:00","breadcrumb":{"@id":"https:\/\/www.institutodeengenharia.org.br\/site\/2023\/02\/03\/por-francisco-christovam-novo-transporte-publico-do-brasil-precisa-sair-do-papel\/#breadcrumb"},"inLanguage":"pt-BR","potentialAction":[{"@type":"ReadAction","target":["https:\/\/www.institutodeengenharia.org.br\/site\/2023\/02\/03\/por-francisco-christovam-novo-transporte-publico-do-brasil-precisa-sair-do-papel\/"]}]},{"@type":"ImageObject","inLanguage":"pt-BR","@id":"https:\/\/www.institutodeengenharia.org.br\/site\/2023\/02\/03\/por-francisco-christovam-novo-transporte-publico-do-brasil-precisa-sair-do-papel\/#primaryimage","url":"https:\/\/www.institutodeengenharia.org.br\/site\/wp-content\/uploads\/2023\/02\/Sair-do-Papel.jpg","contentUrl":"https:\/\/www.institutodeengenharia.org.br\/site\/wp-content\/uploads\/2023\/02\/Sair-do-Papel.jpg","width":275,"height":183},{"@type":"BreadcrumbList","@id":"https:\/\/www.institutodeengenharia.org.br\/site\/2023\/02\/03\/por-francisco-christovam-novo-transporte-publico-do-brasil-precisa-sair-do-papel\/#breadcrumb","itemListElement":[{"@type":"ListItem","position":1,"name":"In\u00edcio","item":"https:\/\/www.institutodeengenharia.org.br\/site\/"},{"@type":"ListItem","position":2,"name":"Por Francisco Christovam \u2013 Novo transporte p\u00fablico do Brasil precisa sair do papel"}]},{"@type":"WebSite","@id":"https:\/\/www.institutodeengenharia.org.br\/site\/#website","url":"https:\/\/www.institutodeengenharia.org.br\/site\/","name":"Instituto de Engenharia","description":"O Instituto de Engenharia promove a Engenharia em benef\u00edcio do desenvolvimento e da qualidade de vida da sociedade.","publisher":{"@id":"https:\/\/www.institutodeengenharia.org.br\/site\/#organization"},"potentialAction":[{"@type":"SearchAction","target":{"@type":"EntryPoint","urlTemplate":"https:\/\/www.institutodeengenharia.org.br\/site\/?s={search_term_string}"},"query-input":{"@type":"PropertyValueSpecification","valueRequired":true,"valueName":"search_term_string"}}],"inLanguage":"pt-BR"},{"@type":"Organization","@id":"https:\/\/www.institutodeengenharia.org.br\/site\/#organization","name":"Instituto de Engenharia","url":"https:\/\/www.institutodeengenharia.org.br\/site\/","logo":{"@type":"ImageObject","inLanguage":"pt-BR","@id":"https:\/\/www.institutodeengenharia.org.br\/site\/#\/schema\/logo\/image\/","url":"https:\/\/www.institutodeengenharia.org.br\/site\/wp-content\/uploads\/2019\/03\/logo-novo-IE2018-1.jpg","contentUrl":"https:\/\/www.institutodeengenharia.org.br\/site\/wp-content\/uploads\/2019\/03\/logo-novo-IE2018-1.jpg","width":1486,"height":1879,"caption":"Instituto de Engenharia"},"image":{"@id":"https:\/\/www.institutodeengenharia.org.br\/site\/#\/schema\/logo\/image\/"},"sameAs":["https:\/\/www.facebook.com\/institutodeengenharia","https:\/\/x.com\/iengenharia","https:\/\/www.instagram.com\/institutodeengenharia\/","https:\/\/www.linkedin.com\/company\/instituto-de-engenharia\/","https:\/\/www.youtube.com\/channel\/UCXiCAlsSMe977vamW915HxA"]},{"@type":"Person","@id":"https:\/\/www.institutodeengenharia.org.br\/site\/#\/schema\/person\/aeb64951c405e100d26d30b033dd423f","name":"Bianca","image":{"@type":"ImageObject","inLanguage":"pt-BR","@id":"https:\/\/secure.gravatar.com\/avatar\/a6fbe9bff57405baf4c1e2c5c1811e072b558253974a9f9508f4678900c97c2a?s=96&d=mm&r=g","url":"https:\/\/secure.gravatar.com\/avatar\/a6fbe9bff57405baf4c1e2c5c1811e072b558253974a9f9508f4678900c97c2a?s=96&d=mm&r=g","contentUrl":"https:\/\/secure.gravatar.com\/avatar\/a6fbe9bff57405baf4c1e2c5c1811e072b558253974a9f9508f4678900c97c2a?s=96&d=mm&r=g","caption":"Bianca"},"url":"https:\/\/www.institutodeengenharia.org.br\/site\/author\/comunicacao1\/"}]}},"_links":{"self":[{"href":"https:\/\/www.institutodeengenharia.org.br\/site\/wp-json\/wp\/v2\/posts\/102104","targetHints":{"allow":["GET"]}}],"collection":[{"href":"https:\/\/www.institutodeengenharia.org.br\/site\/wp-json\/wp\/v2\/posts"}],"about":[{"href":"https:\/\/www.institutodeengenharia.org.br\/site\/wp-json\/wp\/v2\/types\/post"}],"author":[{"embeddable":true,"href":"https:\/\/www.institutodeengenharia.org.br\/site\/wp-json\/wp\/v2\/users\/13"}],"replies":[{"embeddable":true,"href":"https:\/\/www.institutodeengenharia.org.br\/site\/wp-json\/wp\/v2\/comments?post=102104"}],"version-history":[{"count":1,"href":"https:\/\/www.institutodeengenharia.org.br\/site\/wp-json\/wp\/v2\/posts\/102104\/revisions"}],"predecessor-version":[{"id":102106,"href":"https:\/\/www.institutodeengenharia.org.br\/site\/wp-json\/wp\/v2\/posts\/102104\/revisions\/102106"}],"wp:featuredmedia":[{"embeddable":true,"href":"https:\/\/www.institutodeengenharia.org.br\/site\/wp-json\/wp\/v2\/media\/102105"}],"wp:attachment":[{"href":"https:\/\/www.institutodeengenharia.org.br\/site\/wp-json\/wp\/v2\/media?parent=102104"}],"wp:term":[{"taxonomy":"category","embeddable":true,"href":"https:\/\/www.institutodeengenharia.org.br\/site\/wp-json\/wp\/v2\/categories?post=102104"},{"taxonomy":"post_tag","embeddable":true,"href":"https:\/\/www.institutodeengenharia.org.br\/site\/wp-json\/wp\/v2\/tags?post=102104"}],"curies":[{"name":"wp","href":"https:\/\/api.w.org\/{rel}","templated":true}]}}