{"id":101869,"date":"2023-01-23T14:00:24","date_gmt":"2023-01-23T17:00:24","guid":{"rendered":"https:\/\/www.institutodeengenharia.org.br\/site\/?p=101869"},"modified":"2023-01-23T14:00:24","modified_gmt":"2023-01-23T17:00:24","slug":"ie-talks-agricultura-digital-pesquisa-desenvolvimento-e-inovacao-nas-cadeias-produtivas","status":"publish","type":"post","link":"https:\/\/www.institutodeengenharia.org.br\/site\/2023\/01\/23\/ie-talks-agricultura-digital-pesquisa-desenvolvimento-e-inovacao-nas-cadeias-produtivas\/","title":{"rendered":"IE Talks &#8211; Agricultura digital: Pesquisa, desenvolvimento e inova\u00e7\u00e3o nas cadeias produtivas"},"content":{"rendered":"<p><strong>Assista abaixo \u00e0 grava\u00e7\u00e3o do evento:<\/strong><\/p>\n<div style=\"padding: 56.25% 0 0 0; position: relative;\"><iframe style=\"position: absolute; top: 0; left: 0; width: 100%; height: 100%;\" title=\"IE Talks - Agricultura Digital: Pesquisa, Desenvolvimento e Inova&amp;ccedil;&amp;otilde;es nas Cadeias Produtivas\" src=\"https:\/\/player.vimeo.com\/video\/791842326?h=e898fecb55&amp;badge=0&amp;autopause=0&amp;player_id=0&amp;app_id=58479\" frameborder=\"0\" allowfullscreen=\"allowfullscreen\"><\/iframe><\/div>\n<p><script src=\"https:\/\/player.vimeo.com\/api\/player.js\"><\/script><strong>+ Informa\u00e7\u00f5es:<\/strong><\/p>\n<p>Apresenta\u00e7\u00e3o do livro pelos autores.<\/p>\n<p><strong>P\u00fablico-alvo:<\/strong><\/p>\n<p>Todos os interessados nos temas relacionados ao desenvolvimento do agroneg\u00f3cio e, mais especificamente, no que se refere \u00e0 agricultura digital.<\/p>\n<p><strong>Programa\u00e7\u00e3o:<\/strong><\/p>\n<p>\u2013 1\u00ba Palestrante: PARTE 1 \u2013 Cap. 1 \u2013 A transforma\u00e7\u00e3o digital no campo rumo \u00e0 agricultura sustent\u00e1vel e inteligente<\/p>\n<p><em>\u00a0\u00a0\u00a0\u00a0 Silvia Masssruh\u00e1<\/em><\/p>\n<p>\u2013 2\u00ba Palestrante; PARTE 2 \u2013 Cap. 3 \u2013 Modelagem agroambiental e a transforma\u00e7\u00e3o digital da agricultura<\/p>\n<p><em>\u00a0\u00a0\u00a0\u00a0 Eduardo Monteiro<\/em><\/p>\n<p>\u2013 3\u00ba Palestrante: PARTE 2 \u2013 Cap. 6 \u2013 Vis\u00e3o computacional aplicada na agricultura<\/p>\n<p><em>\u00a0\u00a0\u00a0\u00a0\u00a0 Jayme Barbedo<\/em><\/p>\n<p>\u2013 4\u00ba Palestrante; PARTE 2 \u2013 Cap. 11 \u2013 Gen\u00f4mica aplicada \u00e0s mudan\u00e7as clim\u00e1ticas: biotecnologia para a agricultura digital<\/p>\n<p><em>\u00a0\u00a0\u00a0\u00a0 Juliana Yassitepe<\/em><\/p>\n<p><strong>Realiza\u00e7\u00e3o:<\/strong><\/p>\n<p><img loading=\"lazy\" decoding=\"async\" class=\"alignnone wp-image-86938 alignleft td-animation-stack-type0-2\" src=\"https:\/\/www.institutodeengenharia.org.br\/site\/wp-content\/uploads\/2021\/10\/logo-news2.png\" alt=\"\" width=\"95\" height=\"137\" srcset=\"https:\/\/www.institutodeengenharia.org.br\/site\/wp-content\/uploads\/2021\/10\/logo-news2.png 553w, https:\/\/www.institutodeengenharia.org.br\/site\/wp-content\/uploads\/2021\/10\/logo-news2-207x300.png 207w, https:\/\/www.institutodeengenharia.org.br\/site\/wp-content\/uploads\/2021\/10\/logo-news2-290x420.png 290w\" sizes=\"auto, (max-width: 95px) 100vw, 95px\" \/><\/p>\n<p><strong>Eng. Ivan Metran Whately<\/strong>\u00a0\u2013 Vice-Presidente de Atividades T\u00e9cnicas<\/p>\n<p><strong>Eng. Marcio Lacerda Gon\u00e7alves<\/strong>\u00a0\u2013 Diretor do Departamento de Desenvolvimento Agr\u00e1rio<\/p>\n<p>&nbsp;<\/p>\n<p><strong>Apoio Institucional:<\/strong><\/p>\n<p><img loading=\"lazy\" decoding=\"async\" class=\"alignnone wp-image-77696 td-animation-stack-type0-2\" src=\"https:\/\/www.institutodeengenharia.org.br\/site\/wp-content\/uploads\/2021\/02\/crea.jpg\" alt=\"\" width=\"140\" height=\"98\" srcset=\"https:\/\/www.institutodeengenharia.org.br\/site\/wp-content\/uploads\/2021\/02\/crea.jpg 448w, https:\/\/www.institutodeengenharia.org.br\/site\/wp-content\/uploads\/2021\/02\/crea-300x211.jpg 300w, https:\/\/www.institutodeengenharia.org.br\/site\/wp-content\/uploads\/2021\/02\/crea-100x70.jpg 100w\" sizes=\"auto, (max-width: 140px) 100vw, 140px\" \/><\/p>\n<p><strong>Apoio \u00e0 forma\u00e7\u00e3o:\u00a0<\/strong><\/p>\n<p>Espa\u00e7o aberto ao CREA-SP, objetivando o aperfei\u00e7oamento dos profissionais e o aprimoramento da fiscaliza\u00e7\u00e3o das \u00e1reas abrangidas pelo Sistema Confea\/CREAs, al\u00e9m de promover a conscientiza\u00e7\u00e3o da sociedade quanto \u00e0 necessidade e obrigatoriedade de contratar um profissional devidamente habilitado.<\/p>\n","protected":false},"excerpt":{"rendered":"<p>Assista abaixo \u00e0 grava\u00e7\u00e3o do evento: + Informa\u00e7\u00f5es: Apresenta\u00e7\u00e3o do livro pelos autores. P\u00fablico-alvo: Todos os interessados nos temas relacionados ao desenvolvimento do agroneg\u00f3cio e, mais especificamente, no que se refere \u00e0 agricultura digital. Programa\u00e7\u00e3o: \u2013 1\u00ba Palestrante: PARTE 1 \u2013 Cap. 1 \u2013 A transforma\u00e7\u00e3o digital no campo rumo \u00e0 agricultura sustent\u00e1vel e inteligente [&hellip;]<\/p>\n","protected":false},"author":13,"featured_media":98950,"comment_status":"open","ping_status":"open","sticky":false,"template":"","format":"video","meta":{"footnotes":""},"categories":[968,969],"tags":[],"class_list":{"0":"post-101869","1":"post","2":"type-post","3":"status-publish","4":"format-video","5":"has-post-thumbnail","7":"category-nova-tv-engenharia","8":"category-palestra","9":"post_format-post-format-video"},"yoast_head":"<!-- This site is optimized with the Yoast SEO plugin v27.2 - https:\/\/yoast.com\/product\/yoast-seo-wordpress\/ -->\n<title>IE Talks - Agricultura digital: Pesquisa, desenvolvimento e inova\u00e7\u00e3o nas cadeias produtivas - Instituto de Engenharia<\/title>\n<meta name=\"robots\" content=\"index, follow, max-snippet:-1, max-image-preview:large, max-video-preview:-1\" \/>\n<link rel=\"canonical\" href=\"https:\/\/www.institutodeengenharia.org.br\/site\/2023\/01\/23\/ie-talks-agricultura-digital-pesquisa-desenvolvimento-e-inovacao-nas-cadeias-produtivas\/\" \/>\n<meta property=\"og:locale\" content=\"pt_BR\" \/>\n<meta property=\"og:type\" content=\"article\" \/>\n<meta property=\"og:title\" content=\"IE Talks - Agricultura digital: Pesquisa, desenvolvimento e inova\u00e7\u00e3o nas cadeias produtivas\" \/>\n<meta property=\"og:description\" content=\"Apresenta\u00e7\u00e3o do livro pelos autores.\" \/>\n<meta property=\"og:url\" content=\"https:\/\/www.institutodeengenharia.org.br\/site\/2023\/01\/23\/ie-talks-agricultura-digital-pesquisa-desenvolvimento-e-inovacao-nas-cadeias-produtivas\/\" \/>\n<meta property=\"og:site_name\" content=\"Instituto de Engenharia\" \/>\n<meta property=\"article:publisher\" content=\"https:\/\/www.facebook.com\/institutodeengenharia\" \/>\n<meta property=\"article:published_time\" content=\"2023-01-23T17:00:24+00:00\" \/>\n<meta property=\"og:image\" content=\"https:\/\/www.institutodeengenharia.org.br\/site\/wp-content\/uploads\/2022\/10\/Design-sem-nome-58.jpg\" \/>\n\t<meta property=\"og:image:width\" content=\"1920\" \/>\n\t<meta property=\"og:image:height\" content=\"1080\" \/>\n\t<meta property=\"og:image:type\" content=\"image\/jpeg\" \/>\n<meta name=\"author\" content=\"Bianca\" \/>\n<meta name=\"twitter:card\" content=\"summary_large_image\" \/>\n<meta name=\"twitter:title\" content=\"IE Talks - Agricultura digital: Pesquisa, desenvolvimento e inova\u00e7\u00e3o nas cadeias produtivas\" \/>\n<meta name=\"twitter:description\" content=\"Apresenta\u00e7\u00e3o do livro pelos autores.\" \/>\n<meta name=\"twitter:image\" content=\"https:\/\/www.institutodeengenharia.org.br\/site\/wp-content\/uploads\/2022\/10\/Design-sem-nome-58.jpg\" \/>\n<meta name=\"twitter:creator\" content=\"@iengenharia\" \/>\n<meta name=\"twitter:site\" content=\"@iengenharia\" \/>\n<meta name=\"twitter:label1\" content=\"Escrito por\" \/>\n\t<meta name=\"twitter:data1\" content=\"Bianca\" \/>\n\t<meta name=\"twitter:label2\" content=\"Est. tempo de leitura\" \/>\n\t<meta name=\"twitter:data2\" content=\"2 minutos\" \/>\n<script type=\"application\/ld+json\" class=\"yoast-schema-graph\">{\"@context\":\"https:\/\/schema.org\",\"@graph\":[{\"@type\":\"Article\",\"@id\":\"https:\/\/www.institutodeengenharia.org.br\/site\/2023\/01\/23\/ie-talks-agricultura-digital-pesquisa-desenvolvimento-e-inovacao-nas-cadeias-produtivas\/#article\",\"isPartOf\":{\"@id\":\"https:\/\/www.institutodeengenharia.org.br\/site\/2023\/01\/23\/ie-talks-agricultura-digital-pesquisa-desenvolvimento-e-inovacao-nas-cadeias-produtivas\/\"},\"author\":{\"name\":\"Bianca\",\"@id\":\"https:\/\/www.institutodeengenharia.org.br\/site\/#\/schema\/person\/aeb64951c405e100d26d30b033dd423f\"},\"headline\":\"IE Talks &#8211; Agricultura digital: Pesquisa, desenvolvimento e inova\u00e7\u00e3o nas cadeias produtivas\",\"datePublished\":\"2023-01-23T17:00:24+00:00\",\"mainEntityOfPage\":{\"@id\":\"https:\/\/www.institutodeengenharia.org.br\/site\/2023\/01\/23\/ie-talks-agricultura-digital-pesquisa-desenvolvimento-e-inovacao-nas-cadeias-produtivas\/\"},\"wordCount\":183,\"commentCount\":0,\"publisher\":{\"@id\":\"https:\/\/www.institutodeengenharia.org.br\/site\/#organization\"},\"image\":{\"@id\":\"https:\/\/www.institutodeengenharia.org.br\/site\/2023\/01\/23\/ie-talks-agricultura-digital-pesquisa-desenvolvimento-e-inovacao-nas-cadeias-produtivas\/#primaryimage\"},\"thumbnailUrl\":\"https:\/\/www.institutodeengenharia.org.br\/site\/wp-content\/uploads\/2022\/10\/Design-sem-nome-58.jpg\",\"articleSection\":[\"Nova TV Engenharia\",\"Palestra\"],\"inLanguage\":\"pt-BR\",\"potentialAction\":[{\"@type\":\"CommentAction\",\"name\":\"Comment\",\"target\":[\"https:\/\/www.institutodeengenharia.org.br\/site\/2023\/01\/23\/ie-talks-agricultura-digital-pesquisa-desenvolvimento-e-inovacao-nas-cadeias-produtivas\/#respond\"]}]},{\"@type\":\"WebPage\",\"@id\":\"https:\/\/www.institutodeengenharia.org.br\/site\/2023\/01\/23\/ie-talks-agricultura-digital-pesquisa-desenvolvimento-e-inovacao-nas-cadeias-produtivas\/\",\"url\":\"https:\/\/www.institutodeengenharia.org.br\/site\/2023\/01\/23\/ie-talks-agricultura-digital-pesquisa-desenvolvimento-e-inovacao-nas-cadeias-produtivas\/\",\"name\":\"IE Talks - Agricultura digital: Pesquisa, desenvolvimento e inova\u00e7\u00e3o nas cadeias produtivas - Instituto de Engenharia\",\"isPartOf\":{\"@id\":\"https:\/\/www.institutodeengenharia.org.br\/site\/#website\"},\"primaryImageOfPage\":{\"@id\":\"https:\/\/www.institutodeengenharia.org.br\/site\/2023\/01\/23\/ie-talks-agricultura-digital-pesquisa-desenvolvimento-e-inovacao-nas-cadeias-produtivas\/#primaryimage\"},\"image\":{\"@id\":\"https:\/\/www.institutodeengenharia.org.br\/site\/2023\/01\/23\/ie-talks-agricultura-digital-pesquisa-desenvolvimento-e-inovacao-nas-cadeias-produtivas\/#primaryimage\"},\"thumbnailUrl\":\"https:\/\/www.institutodeengenharia.org.br\/site\/wp-content\/uploads\/2022\/10\/Design-sem-nome-58.jpg\",\"datePublished\":\"2023-01-23T17:00:24+00:00\",\"breadcrumb\":{\"@id\":\"https:\/\/www.institutodeengenharia.org.br\/site\/2023\/01\/23\/ie-talks-agricultura-digital-pesquisa-desenvolvimento-e-inovacao-nas-cadeias-produtivas\/#breadcrumb\"},\"inLanguage\":\"pt-BR\",\"potentialAction\":[{\"@type\":\"ReadAction\",\"target\":[\"https:\/\/www.institutodeengenharia.org.br\/site\/2023\/01\/23\/ie-talks-agricultura-digital-pesquisa-desenvolvimento-e-inovacao-nas-cadeias-produtivas\/\"]}]},{\"@type\":\"ImageObject\",\"inLanguage\":\"pt-BR\",\"@id\":\"https:\/\/www.institutodeengenharia.org.br\/site\/2023\/01\/23\/ie-talks-agricultura-digital-pesquisa-desenvolvimento-e-inovacao-nas-cadeias-produtivas\/#primaryimage\",\"url\":\"https:\/\/www.institutodeengenharia.org.br\/site\/wp-content\/uploads\/2022\/10\/Design-sem-nome-58.jpg\",\"contentUrl\":\"https:\/\/www.institutodeengenharia.org.br\/site\/wp-content\/uploads\/2022\/10\/Design-sem-nome-58.jpg\",\"width\":1920,\"height\":1080},{\"@type\":\"BreadcrumbList\",\"@id\":\"https:\/\/www.institutodeengenharia.org.br\/site\/2023\/01\/23\/ie-talks-agricultura-digital-pesquisa-desenvolvimento-e-inovacao-nas-cadeias-produtivas\/#breadcrumb\",\"itemListElement\":[{\"@type\":\"ListItem\",\"position\":1,\"name\":\"In\u00edcio\",\"item\":\"https:\/\/www.institutodeengenharia.org.br\/site\/\"},{\"@type\":\"ListItem\",\"position\":2,\"name\":\"IE Talks &#8211; Agricultura digital: Pesquisa, desenvolvimento e inova\u00e7\u00e3o nas cadeias produtivas\"}]},{\"@type\":\"WebSite\",\"@id\":\"https:\/\/www.institutodeengenharia.org.br\/site\/#website\",\"url\":\"https:\/\/www.institutodeengenharia.org.br\/site\/\",\"name\":\"Instituto de Engenharia\",\"description\":\"O Instituto de Engenharia promove a Engenharia em benef\u00edcio do desenvolvimento e da qualidade de vida da sociedade.\",\"publisher\":{\"@id\":\"https:\/\/www.institutodeengenharia.org.br\/site\/#organization\"},\"potentialAction\":[{\"@type\":\"SearchAction\",\"target\":{\"@type\":\"EntryPoint\",\"urlTemplate\":\"https:\/\/www.institutodeengenharia.org.br\/site\/?s={search_term_string}\"},\"query-input\":{\"@type\":\"PropertyValueSpecification\",\"valueRequired\":true,\"valueName\":\"search_term_string\"}}],\"inLanguage\":\"pt-BR\"},{\"@type\":\"Organization\",\"@id\":\"https:\/\/www.institutodeengenharia.org.br\/site\/#organization\",\"name\":\"Instituto de Engenharia\",\"url\":\"https:\/\/www.institutodeengenharia.org.br\/site\/\",\"logo\":{\"@type\":\"ImageObject\",\"inLanguage\":\"pt-BR\",\"@id\":\"https:\/\/www.institutodeengenharia.org.br\/site\/#\/schema\/logo\/image\/\",\"url\":\"https:\/\/www.institutodeengenharia.org.br\/site\/wp-content\/uploads\/2019\/03\/logo-novo-IE2018-1.jpg\",\"contentUrl\":\"https:\/\/www.institutodeengenharia.org.br\/site\/wp-content\/uploads\/2019\/03\/logo-novo-IE2018-1.jpg\",\"width\":1486,\"height\":1879,\"caption\":\"Instituto de Engenharia\"},\"image\":{\"@id\":\"https:\/\/www.institutodeengenharia.org.br\/site\/#\/schema\/logo\/image\/\"},\"sameAs\":[\"https:\/\/www.facebook.com\/institutodeengenharia\",\"https:\/\/x.com\/iengenharia\",\"https:\/\/www.instagram.com\/institutodeengenharia\/\",\"https:\/\/www.linkedin.com\/company\/instituto-de-engenharia\/\",\"https:\/\/www.youtube.com\/channel\/UCXiCAlsSMe977vamW915HxA\"]},{\"@type\":\"Person\",\"@id\":\"https:\/\/www.institutodeengenharia.org.br\/site\/#\/schema\/person\/aeb64951c405e100d26d30b033dd423f\",\"name\":\"Bianca\",\"image\":{\"@type\":\"ImageObject\",\"inLanguage\":\"pt-BR\",\"@id\":\"https:\/\/secure.gravatar.com\/avatar\/a6fbe9bff57405baf4c1e2c5c1811e072b558253974a9f9508f4678900c97c2a?s=96&d=mm&r=g\",\"url\":\"https:\/\/secure.gravatar.com\/avatar\/a6fbe9bff57405baf4c1e2c5c1811e072b558253974a9f9508f4678900c97c2a?s=96&d=mm&r=g\",\"contentUrl\":\"https:\/\/secure.gravatar.com\/avatar\/a6fbe9bff57405baf4c1e2c5c1811e072b558253974a9f9508f4678900c97c2a?s=96&d=mm&r=g\",\"caption\":\"Bianca\"},\"url\":\"https:\/\/www.institutodeengenharia.org.br\/site\/author\/comunicacao1\/\"}]}<\/script>\n<!-- \/ Yoast SEO plugin. -->","yoast_head_json":{"title":"IE Talks - Agricultura digital: Pesquisa, desenvolvimento e inova\u00e7\u00e3o nas cadeias produtivas - Instituto de Engenharia","robots":{"index":"index","follow":"follow","max-snippet":"max-snippet:-1","max-image-preview":"max-image-preview:large","max-video-preview":"max-video-preview:-1"},"canonical":"https:\/\/www.institutodeengenharia.org.br\/site\/2023\/01\/23\/ie-talks-agricultura-digital-pesquisa-desenvolvimento-e-inovacao-nas-cadeias-produtivas\/","og_locale":"pt_BR","og_type":"article","og_title":"IE Talks - Agricultura digital: Pesquisa, desenvolvimento e inova\u00e7\u00e3o nas cadeias produtivas","og_description":"Apresenta\u00e7\u00e3o do livro pelos autores.","og_url":"https:\/\/www.institutodeengenharia.org.br\/site\/2023\/01\/23\/ie-talks-agricultura-digital-pesquisa-desenvolvimento-e-inovacao-nas-cadeias-produtivas\/","og_site_name":"Instituto de Engenharia","article_publisher":"https:\/\/www.facebook.com\/institutodeengenharia","article_published_time":"2023-01-23T17:00:24+00:00","og_image":[{"width":1920,"height":1080,"url":"https:\/\/www.institutodeengenharia.org.br\/site\/wp-content\/uploads\/2022\/10\/Design-sem-nome-58.jpg","type":"image\/jpeg"}],"author":"Bianca","twitter_card":"summary_large_image","twitter_title":"IE Talks - Agricultura digital: Pesquisa, desenvolvimento e inova\u00e7\u00e3o nas cadeias produtivas","twitter_description":"Apresenta\u00e7\u00e3o do livro pelos autores.","twitter_image":"https:\/\/www.institutodeengenharia.org.br\/site\/wp-content\/uploads\/2022\/10\/Design-sem-nome-58.jpg","twitter_creator":"@iengenharia","twitter_site":"@iengenharia","twitter_misc":{"Escrito por":"Bianca","Est. tempo de leitura":"2 minutos"},"schema":{"@context":"https:\/\/schema.org","@graph":[{"@type":"Article","@id":"https:\/\/www.institutodeengenharia.org.br\/site\/2023\/01\/23\/ie-talks-agricultura-digital-pesquisa-desenvolvimento-e-inovacao-nas-cadeias-produtivas\/#article","isPartOf":{"@id":"https:\/\/www.institutodeengenharia.org.br\/site\/2023\/01\/23\/ie-talks-agricultura-digital-pesquisa-desenvolvimento-e-inovacao-nas-cadeias-produtivas\/"},"author":{"name":"Bianca","@id":"https:\/\/www.institutodeengenharia.org.br\/site\/#\/schema\/person\/aeb64951c405e100d26d30b033dd423f"},"headline":"IE Talks &#8211; Agricultura digital: Pesquisa, desenvolvimento e inova\u00e7\u00e3o nas cadeias produtivas","datePublished":"2023-01-23T17:00:24+00:00","mainEntityOfPage":{"@id":"https:\/\/www.institutodeengenharia.org.br\/site\/2023\/01\/23\/ie-talks-agricultura-digital-pesquisa-desenvolvimento-e-inovacao-nas-cadeias-produtivas\/"},"wordCount":183,"commentCount":0,"publisher":{"@id":"https:\/\/www.institutodeengenharia.org.br\/site\/#organization"},"image":{"@id":"https:\/\/www.institutodeengenharia.org.br\/site\/2023\/01\/23\/ie-talks-agricultura-digital-pesquisa-desenvolvimento-e-inovacao-nas-cadeias-produtivas\/#primaryimage"},"thumbnailUrl":"https:\/\/www.institutodeengenharia.org.br\/site\/wp-content\/uploads\/2022\/10\/Design-sem-nome-58.jpg","articleSection":["Nova TV Engenharia","Palestra"],"inLanguage":"pt-BR","potentialAction":[{"@type":"CommentAction","name":"Comment","target":["https:\/\/www.institutodeengenharia.org.br\/site\/2023\/01\/23\/ie-talks-agricultura-digital-pesquisa-desenvolvimento-e-inovacao-nas-cadeias-produtivas\/#respond"]}]},{"@type":"WebPage","@id":"https:\/\/www.institutodeengenharia.org.br\/site\/2023\/01\/23\/ie-talks-agricultura-digital-pesquisa-desenvolvimento-e-inovacao-nas-cadeias-produtivas\/","url":"https:\/\/www.institutodeengenharia.org.br\/site\/2023\/01\/23\/ie-talks-agricultura-digital-pesquisa-desenvolvimento-e-inovacao-nas-cadeias-produtivas\/","name":"IE Talks - Agricultura digital: Pesquisa, desenvolvimento e inova\u00e7\u00e3o nas cadeias produtivas - Instituto de Engenharia","isPartOf":{"@id":"https:\/\/www.institutodeengenharia.org.br\/site\/#website"},"primaryImageOfPage":{"@id":"https:\/\/www.institutodeengenharia.org.br\/site\/2023\/01\/23\/ie-talks-agricultura-digital-pesquisa-desenvolvimento-e-inovacao-nas-cadeias-produtivas\/#primaryimage"},"image":{"@id":"https:\/\/www.institutodeengenharia.org.br\/site\/2023\/01\/23\/ie-talks-agricultura-digital-pesquisa-desenvolvimento-e-inovacao-nas-cadeias-produtivas\/#primaryimage"},"thumbnailUrl":"https:\/\/www.institutodeengenharia.org.br\/site\/wp-content\/uploads\/2022\/10\/Design-sem-nome-58.jpg","datePublished":"2023-01-23T17:00:24+00:00","breadcrumb":{"@id":"https:\/\/www.institutodeengenharia.org.br\/site\/2023\/01\/23\/ie-talks-agricultura-digital-pesquisa-desenvolvimento-e-inovacao-nas-cadeias-produtivas\/#breadcrumb"},"inLanguage":"pt-BR","potentialAction":[{"@type":"ReadAction","target":["https:\/\/www.institutodeengenharia.org.br\/site\/2023\/01\/23\/ie-talks-agricultura-digital-pesquisa-desenvolvimento-e-inovacao-nas-cadeias-produtivas\/"]}]},{"@type":"ImageObject","inLanguage":"pt-BR","@id":"https:\/\/www.institutodeengenharia.org.br\/site\/2023\/01\/23\/ie-talks-agricultura-digital-pesquisa-desenvolvimento-e-inovacao-nas-cadeias-produtivas\/#primaryimage","url":"https:\/\/www.institutodeengenharia.org.br\/site\/wp-content\/uploads\/2022\/10\/Design-sem-nome-58.jpg","contentUrl":"https:\/\/www.institutodeengenharia.org.br\/site\/wp-content\/uploads\/2022\/10\/Design-sem-nome-58.jpg","width":1920,"height":1080},{"@type":"BreadcrumbList","@id":"https:\/\/www.institutodeengenharia.org.br\/site\/2023\/01\/23\/ie-talks-agricultura-digital-pesquisa-desenvolvimento-e-inovacao-nas-cadeias-produtivas\/#breadcrumb","itemListElement":[{"@type":"ListItem","position":1,"name":"In\u00edcio","item":"https:\/\/www.institutodeengenharia.org.br\/site\/"},{"@type":"ListItem","position":2,"name":"IE Talks &#8211; Agricultura digital: Pesquisa, desenvolvimento e inova\u00e7\u00e3o nas cadeias produtivas"}]},{"@type":"WebSite","@id":"https:\/\/www.institutodeengenharia.org.br\/site\/#website","url":"https:\/\/www.institutodeengenharia.org.br\/site\/","name":"Instituto de Engenharia","description":"O Instituto de Engenharia promove a Engenharia em benef\u00edcio do desenvolvimento e da qualidade de vida da sociedade.","publisher":{"@id":"https:\/\/www.institutodeengenharia.org.br\/site\/#organization"},"potentialAction":[{"@type":"SearchAction","target":{"@type":"EntryPoint","urlTemplate":"https:\/\/www.institutodeengenharia.org.br\/site\/?s={search_term_string}"},"query-input":{"@type":"PropertyValueSpecification","valueRequired":true,"valueName":"search_term_string"}}],"inLanguage":"pt-BR"},{"@type":"Organization","@id":"https:\/\/www.institutodeengenharia.org.br\/site\/#organization","name":"Instituto de Engenharia","url":"https:\/\/www.institutodeengenharia.org.br\/site\/","logo":{"@type":"ImageObject","inLanguage":"pt-BR","@id":"https:\/\/www.institutodeengenharia.org.br\/site\/#\/schema\/logo\/image\/","url":"https:\/\/www.institutodeengenharia.org.br\/site\/wp-content\/uploads\/2019\/03\/logo-novo-IE2018-1.jpg","contentUrl":"https:\/\/www.institutodeengenharia.org.br\/site\/wp-content\/uploads\/2019\/03\/logo-novo-IE2018-1.jpg","width":1486,"height":1879,"caption":"Instituto de Engenharia"},"image":{"@id":"https:\/\/www.institutodeengenharia.org.br\/site\/#\/schema\/logo\/image\/"},"sameAs":["https:\/\/www.facebook.com\/institutodeengenharia","https:\/\/x.com\/iengenharia","https:\/\/www.instagram.com\/institutodeengenharia\/","https:\/\/www.linkedin.com\/company\/instituto-de-engenharia\/","https:\/\/www.youtube.com\/channel\/UCXiCAlsSMe977vamW915HxA"]},{"@type":"Person","@id":"https:\/\/www.institutodeengenharia.org.br\/site\/#\/schema\/person\/aeb64951c405e100d26d30b033dd423f","name":"Bianca","image":{"@type":"ImageObject","inLanguage":"pt-BR","@id":"https:\/\/secure.gravatar.com\/avatar\/a6fbe9bff57405baf4c1e2c5c1811e072b558253974a9f9508f4678900c97c2a?s=96&d=mm&r=g","url":"https:\/\/secure.gravatar.com\/avatar\/a6fbe9bff57405baf4c1e2c5c1811e072b558253974a9f9508f4678900c97c2a?s=96&d=mm&r=g","contentUrl":"https:\/\/secure.gravatar.com\/avatar\/a6fbe9bff57405baf4c1e2c5c1811e072b558253974a9f9508f4678900c97c2a?s=96&d=mm&r=g","caption":"Bianca"},"url":"https:\/\/www.institutodeengenharia.org.br\/site\/author\/comunicacao1\/"}]}},"_links":{"self":[{"href":"https:\/\/www.institutodeengenharia.org.br\/site\/wp-json\/wp\/v2\/posts\/101869","targetHints":{"allow":["GET"]}}],"collection":[{"href":"https:\/\/www.institutodeengenharia.org.br\/site\/wp-json\/wp\/v2\/posts"}],"about":[{"href":"https:\/\/www.institutodeengenharia.org.br\/site\/wp-json\/wp\/v2\/types\/post"}],"author":[{"embeddable":true,"href":"https:\/\/www.institutodeengenharia.org.br\/site\/wp-json\/wp\/v2\/users\/13"}],"replies":[{"embeddable":true,"href":"https:\/\/www.institutodeengenharia.org.br\/site\/wp-json\/wp\/v2\/comments?post=101869"}],"version-history":[{"count":1,"href":"https:\/\/www.institutodeengenharia.org.br\/site\/wp-json\/wp\/v2\/posts\/101869\/revisions"}],"predecessor-version":[{"id":101870,"href":"https:\/\/www.institutodeengenharia.org.br\/site\/wp-json\/wp\/v2\/posts\/101869\/revisions\/101870"}],"wp:featuredmedia":[{"embeddable":true,"href":"https:\/\/www.institutodeengenharia.org.br\/site\/wp-json\/wp\/v2\/media\/98950"}],"wp:attachment":[{"href":"https:\/\/www.institutodeengenharia.org.br\/site\/wp-json\/wp\/v2\/media?parent=101869"}],"wp:term":[{"taxonomy":"category","embeddable":true,"href":"https:\/\/www.institutodeengenharia.org.br\/site\/wp-json\/wp\/v2\/categories?post=101869"},{"taxonomy":"post_tag","embeddable":true,"href":"https:\/\/www.institutodeengenharia.org.br\/site\/wp-json\/wp\/v2\/tags?post=101869"}],"curies":[{"name":"wp","href":"https:\/\/api.w.org\/{rel}","templated":true}]}}