{"id":101867,"date":"2023-01-23T13:57:04","date_gmt":"2023-01-23T16:57:04","guid":{"rendered":"https:\/\/www.institutodeengenharia.org.br\/site\/?p=101867"},"modified":"2023-01-23T13:57:51","modified_gmt":"2023-01-23T16:57:51","slug":"estado-da-arte-da-tecnologia-da-geracao-fotovoltaica-no-brasil-e-no-mundo","status":"publish","type":"post","link":"https:\/\/www.institutodeengenharia.org.br\/site\/2023\/01\/23\/estado-da-arte-da-tecnologia-da-geracao-fotovoltaica-no-brasil-e-no-mundo\/","title":{"rendered":"Estado da Arte da Tecnologia da Gera\u00e7\u00e3o Fotovoltaica no Brasil e no Mundo"},"content":{"rendered":"<p><strong>Assista abaixo \u00e0 grava\u00e7\u00e3o do evento:<\/strong><\/p>\n<div style=\"padding: 56.25% 0 0 0; position: relative;\"><iframe style=\"position: absolute; top: 0; left: 0; width: 100%; height: 100%;\" title=\"Estado da Arte da Tecnologia da Gera&amp;ccedil;&amp;atilde;o Fotovoltaica no Brasil e no Mundo\" src=\"https:\/\/player.vimeo.com\/video\/791129626?h=eb18ef352e&amp;badge=0&amp;autopause=0&amp;player_id=0&amp;app_id=58479\" frameborder=\"0\" allowfullscreen=\"allowfullscreen\"><\/iframe><\/div>\n<p><script src=\"https:\/\/player.vimeo.com\/api\/player.js\"><\/script><strong>+ Informa\u00e7\u00f5es:<\/strong><\/p>\n<p>Nos \u00faltimos\u00a010 anos o Brasil vivenciou uma revolu\u00e7\u00e3o fotovoltaica, partindo de algumas poucas dezenas de MW de pot\u00eancia instalada no in\u00edcio de 2012, at\u00e9 ultrapassar os 20 GW em 2022. Em um mercado cada vez mais consolidado e din\u00e2mico, conhecer as tecnologias dispon\u00edveis, os desafios a serem superados e as tend\u00eancias desse mercado torna-se uma necessidade para todos aqueles que queiram trabalhar no setor de gera\u00e7\u00e3o fotovoltaica. A apresenta\u00e7\u00e3o\u00a0Estado da arte da tecnologia da gera\u00e7\u00e3o fotovoltaica no Brasil e no mundo busca apresentar um panorama geral sobre esses temas, desde a situa\u00e7\u00e3o atual do mercado at\u00e9 as previs\u00f5es das tecnologias e solu\u00e7\u00f5es que se vislumbram para os pr\u00f3ximos anos.<\/p>\n<p><strong>P\u00fablico-alvo:<\/strong><\/p>\n<p>Engenheiros, tecn\u00f3logos, t\u00e9cnicos e outros profissionais envolvidos no mercado de energias fotovoltaicas.<\/p>\n<p><strong>Realiza\u00e7\u00e3o:<\/strong><\/p>\n<p><img loading=\"lazy\" decoding=\"async\" class=\"alignnone wp-image-81229 alignleft td-animation-stack-type0-2\" src=\"https:\/\/www.institutodeengenharia.org.br\/site\/wp-content\/uploads\/2021\/05\/ie-logo-escudo.jpeg\" alt=\"\" width=\"105\" height=\"133\" srcset=\"https:\/\/www.institutodeengenharia.org.br\/site\/wp-content\/uploads\/2021\/05\/ie-logo-escudo.jpeg 1012w, https:\/\/www.institutodeengenharia.org.br\/site\/wp-content\/uploads\/2021\/05\/ie-logo-escudo-237x300.jpeg 237w, https:\/\/www.institutodeengenharia.org.br\/site\/wp-content\/uploads\/2021\/05\/ie-logo-escudo-810x1024.jpeg 810w, https:\/\/www.institutodeengenharia.org.br\/site\/wp-content\/uploads\/2021\/05\/ie-logo-escudo-768x971.jpeg 768w, https:\/\/www.institutodeengenharia.org.br\/site\/wp-content\/uploads\/2021\/05\/ie-logo-escudo-696x880.jpeg 696w, https:\/\/www.institutodeengenharia.org.br\/site\/wp-content\/uploads\/2021\/05\/ie-logo-escudo-332x420.jpeg 332w, https:\/\/www.institutodeengenharia.org.br\/site\/wp-content\/uploads\/2021\/05\/ie-logo-escudo-600x759.jpeg 600w\" sizes=\"auto, (max-width: 105px) 100vw, 105px\" \/><\/p>\n<p><strong>Eng. Ivan Metran Whately<\/strong>\u00a0\u2013 Vice-Presidente de Atividades T\u00e9cnicas<\/p>\n<p><strong>Eng. Al\u00e9ssio Bento Borelli<\/strong>\u00a0\u2013 Diretor do Departamento de Desenvolvimento de Tecnologia, Ind\u00fastria, Energia e Telecomunica\u00e7\u00f5es<\/p>\n<p>&nbsp;<\/p>\n<p><strong>Patroc\u00ednio:<\/strong><\/p>\n<p><img loading=\"lazy\" decoding=\"async\" class=\"alignnone wp-image-87360 td-animation-stack-type0-2\" src=\"https:\/\/www.institutodeengenharia.org.br\/site\/wp-content\/uploads\/2021\/10\/vibra-logo-scaled.jpg\" alt=\"\" width=\"326\" height=\"117\" srcset=\"https:\/\/www.institutodeengenharia.org.br\/site\/wp-content\/uploads\/2021\/10\/vibra-logo-scaled.jpg 2560w, https:\/\/www.institutodeengenharia.org.br\/site\/wp-content\/uploads\/2021\/10\/vibra-logo-300x108.jpg 300w, https:\/\/www.institutodeengenharia.org.br\/site\/wp-content\/uploads\/2021\/10\/vibra-logo-1024x368.jpg 1024w, https:\/\/www.institutodeengenharia.org.br\/site\/wp-content\/uploads\/2021\/10\/vibra-logo-768x276.jpg 768w, https:\/\/www.institutodeengenharia.org.br\/site\/wp-content\/uploads\/2021\/10\/vibra-logo-1536x552.jpg 1536w, https:\/\/www.institutodeengenharia.org.br\/site\/wp-content\/uploads\/2021\/10\/vibra-logo-2048x737.jpg 2048w, https:\/\/www.institutodeengenharia.org.br\/site\/wp-content\/uploads\/2021\/10\/vibra-logo-696x250.jpg 696w, https:\/\/www.institutodeengenharia.org.br\/site\/wp-content\/uploads\/2021\/10\/vibra-logo-1068x384.jpg 1068w, https:\/\/www.institutodeengenharia.org.br\/site\/wp-content\/uploads\/2021\/10\/vibra-logo-1920x691.jpg 1920w, https:\/\/www.institutodeengenharia.org.br\/site\/wp-content\/uploads\/2021\/10\/vibra-logo-1168x420.jpg 1168w, https:\/\/www.institutodeengenharia.org.br\/site\/wp-content\/uploads\/2021\/10\/vibra-logo-600x216.jpg 600w\" sizes=\"auto, (max-width: 326px) 100vw, 326px\" \/><\/p>\n<p><strong>Apoio Institucional:<\/strong><\/p>\n<p><img loading=\"lazy\" decoding=\"async\" class=\"alignnone wp-image-77696 td-animation-stack-type0-2\" src=\"https:\/\/www.institutodeengenharia.org.br\/site\/wp-content\/uploads\/2021\/02\/crea.jpg\" alt=\"\" width=\"140\" height=\"98\" srcset=\"https:\/\/www.institutodeengenharia.org.br\/site\/wp-content\/uploads\/2021\/02\/crea.jpg 448w, https:\/\/www.institutodeengenharia.org.br\/site\/wp-content\/uploads\/2021\/02\/crea-300x211.jpg 300w, https:\/\/www.institutodeengenharia.org.br\/site\/wp-content\/uploads\/2021\/02\/crea-100x70.jpg 100w\" sizes=\"auto, (max-width: 140px) 100vw, 140px\" \/><\/p>\n<p><strong>Apoio \u00e0 forma\u00e7\u00e3o:\u00a0<\/strong><\/p>\n<p>Espa\u00e7o aberto ao CREA-SP, objetivando o aperfei\u00e7oamento dos profissionais e o aprimoramento da fiscaliza\u00e7\u00e3o das \u00e1reas abrangidas pelo Sistema Confea\/CREAs, al\u00e9m de promover a conscientiza\u00e7\u00e3o da sociedade quanto \u00e0 necessidade e obrigatoriedade de contratar um profissional devidamente habilitado.<\/p>\n","protected":false},"excerpt":{"rendered":"<p>Assista abaixo \u00e0 grava\u00e7\u00e3o do evento: + Informa\u00e7\u00f5es: Nos \u00faltimos\u00a010 anos o Brasil vivenciou uma revolu\u00e7\u00e3o fotovoltaica, partindo de algumas poucas dezenas de MW de pot\u00eancia instalada no in\u00edcio de 2012, at\u00e9 ultrapassar os 20 GW em 2022. Em um mercado cada vez mais consolidado e din\u00e2mico, conhecer as tecnologias dispon\u00edveis, os desafios a serem [&hellip;]<\/p>\n","protected":false},"author":13,"featured_media":100509,"comment_status":"open","ping_status":"open","sticky":false,"template":"","format":"video","meta":{"footnotes":""},"categories":[968,969],"tags":[1176],"class_list":{"0":"post-101867","1":"post","2":"type-post","3":"status-publish","4":"format-video","5":"has-post-thumbnail","7":"category-nova-tv-engenharia","8":"category-palestra","9":"tag-video-home","10":"post_format-post-format-video"},"yoast_head":"<!-- This site is optimized with the Yoast SEO plugin v27.2 - https:\/\/yoast.com\/product\/yoast-seo-wordpress\/ -->\n<title>Estado da Arte da Tecnologia da Gera\u00e7\u00e3o Fotovoltaica no Brasil e no Mundo - Instituto de Engenharia<\/title>\n<meta name=\"robots\" content=\"index, follow, max-snippet:-1, max-image-preview:large, max-video-preview:-1\" \/>\n<link rel=\"canonical\" href=\"https:\/\/www.institutodeengenharia.org.br\/site\/2023\/01\/23\/estado-da-arte-da-tecnologia-da-geracao-fotovoltaica-no-brasil-e-no-mundo\/\" \/>\n<meta property=\"og:locale\" content=\"pt_BR\" \/>\n<meta property=\"og:type\" content=\"article\" \/>\n<meta property=\"og:title\" content=\"Estado da Arte da Tecnologia da Gera\u00e7\u00e3o Fotovoltaica no Brasil e no Mundo\" \/>\n<meta property=\"og:description\" content=\"Nos \u00faltimos\u00a010 anos o Brasil vivenciou uma revolu\u00e7\u00e3o fotovoltaica, partindo de algumas poucas dezenas de MW de pot\u00eancia instalada no in\u00edcio de 2012, at\u00e9 ultrapassar os 20 GW em 2022. Em um mercado cada vez mais consolidado e din\u00e2mico, conhecer as tecnologias dispon\u00edveis, os desafios a serem superados e as tend\u00eancias desse mercado torna-se uma necessidade para todos aqueles que queiram trabalhar no setor de gera\u00e7\u00e3o fotovoltaica. A apresenta\u00e7\u00e3o\u00a0Estado da arte da tecnologia da gera\u00e7\u00e3o fotovoltaica no Brasil e no mundo busca apresentar um panorama geral sobre esses temas, desde a situa\u00e7\u00e3o atual do mercado at\u00e9 as previs\u00f5es das tecnologias e solu\u00e7\u00f5es que se vislumbram para os pr\u00f3ximos anos.\" \/>\n<meta property=\"og:url\" content=\"https:\/\/www.institutodeengenharia.org.br\/site\/2023\/01\/23\/estado-da-arte-da-tecnologia-da-geracao-fotovoltaica-no-brasil-e-no-mundo\/\" \/>\n<meta property=\"og:site_name\" content=\"Instituto de Engenharia\" \/>\n<meta property=\"article:publisher\" content=\"https:\/\/www.facebook.com\/institutodeengenharia\" \/>\n<meta property=\"article:published_time\" content=\"2023-01-23T16:57:04+00:00\" \/>\n<meta property=\"article:modified_time\" content=\"2023-01-23T16:57:51+00:00\" \/>\n<meta property=\"og:image\" content=\"https:\/\/www.institutodeengenharia.org.br\/site\/wp-content\/uploads\/2022\/11\/photovoltaic-ga4d6c2913_1920-1.webp\" \/>\n\t<meta property=\"og:image:width\" content=\"1000\" \/>\n\t<meta property=\"og:image:height\" content=\"563\" \/>\n\t<meta property=\"og:image:type\" content=\"image\/webp\" \/>\n<meta name=\"author\" content=\"Bianca\" \/>\n<meta name=\"twitter:card\" content=\"summary_large_image\" \/>\n<meta name=\"twitter:title\" content=\"Estado da Arte da Tecnologia da Gera\u00e7\u00e3o Fotovoltaica no Brasil e no Mundo\" \/>\n<meta name=\"twitter:description\" content=\"Nos \u00faltimos\u00a010 anos o Brasil vivenciou uma revolu\u00e7\u00e3o fotovoltaica, partindo de algumas poucas dezenas de MW de pot\u00eancia instalada no in\u00edcio de 2012, at\u00e9 ultrapassar os 20 GW em 2022. Em um mercado cada vez mais consolidado e din\u00e2mico, conhecer as tecnologias dispon\u00edveis, os desafios a serem superados e as tend\u00eancias desse mercado torna-se uma necessidade para todos aqueles que queiram trabalhar no setor de gera\u00e7\u00e3o fotovoltaica. A apresenta\u00e7\u00e3o\u00a0Estado da arte da tecnologia da gera\u00e7\u00e3o fotovoltaica no Brasil e no mundo busca apresentar um panorama geral sobre esses temas, desde a situa\u00e7\u00e3o atual do mercado at\u00e9 as previs\u00f5es das tecnologias e solu\u00e7\u00f5es que se vislumbram para os pr\u00f3ximos anos.\" \/>\n<meta name=\"twitter:image\" content=\"https:\/\/www.institutodeengenharia.org.br\/site\/wp-content\/uploads\/2022\/11\/photovoltaic-ga4d6c2913_1920.jpg\" \/>\n<meta name=\"twitter:creator\" content=\"@iengenharia\" \/>\n<meta name=\"twitter:site\" content=\"@iengenharia\" \/>\n<meta name=\"twitter:label1\" content=\"Escrito por\" \/>\n\t<meta name=\"twitter:data1\" content=\"Bianca\" \/>\n\t<meta name=\"twitter:label2\" content=\"Est. tempo de leitura\" \/>\n\t<meta name=\"twitter:data2\" content=\"2 minutos\" \/>\n<script type=\"application\/ld+json\" class=\"yoast-schema-graph\">{\"@context\":\"https:\/\/schema.org\",\"@graph\":[{\"@type\":\"Article\",\"@id\":\"https:\/\/www.institutodeengenharia.org.br\/site\/2023\/01\/23\/estado-da-arte-da-tecnologia-da-geracao-fotovoltaica-no-brasil-e-no-mundo\/#article\",\"isPartOf\":{\"@id\":\"https:\/\/www.institutodeengenharia.org.br\/site\/2023\/01\/23\/estado-da-arte-da-tecnologia-da-geracao-fotovoltaica-no-brasil-e-no-mundo\/\"},\"author\":{\"name\":\"Bianca\",\"@id\":\"https:\/\/www.institutodeengenharia.org.br\/site\/#\/schema\/person\/aeb64951c405e100d26d30b033dd423f\"},\"headline\":\"Estado da Arte da Tecnologia da Gera\u00e7\u00e3o Fotovoltaica no Brasil e no Mundo\",\"datePublished\":\"2023-01-23T16:57:04+00:00\",\"dateModified\":\"2023-01-23T16:57:51+00:00\",\"mainEntityOfPage\":{\"@id\":\"https:\/\/www.institutodeengenharia.org.br\/site\/2023\/01\/23\/estado-da-arte-da-tecnologia-da-geracao-fotovoltaica-no-brasil-e-no-mundo\/\"},\"wordCount\":238,\"commentCount\":0,\"publisher\":{\"@id\":\"https:\/\/www.institutodeengenharia.org.br\/site\/#organization\"},\"image\":{\"@id\":\"https:\/\/www.institutodeengenharia.org.br\/site\/2023\/01\/23\/estado-da-arte-da-tecnologia-da-geracao-fotovoltaica-no-brasil-e-no-mundo\/#primaryimage\"},\"thumbnailUrl\":\"https:\/\/www.institutodeengenharia.org.br\/site\/wp-content\/uploads\/2022\/11\/photovoltaic-ga4d6c2913_1920.jpg\",\"keywords\":[\"video-home\"],\"articleSection\":[\"Nova TV Engenharia\",\"Palestra\"],\"inLanguage\":\"pt-BR\",\"potentialAction\":[{\"@type\":\"CommentAction\",\"name\":\"Comment\",\"target\":[\"https:\/\/www.institutodeengenharia.org.br\/site\/2023\/01\/23\/estado-da-arte-da-tecnologia-da-geracao-fotovoltaica-no-brasil-e-no-mundo\/#respond\"]}]},{\"@type\":\"WebPage\",\"@id\":\"https:\/\/www.institutodeengenharia.org.br\/site\/2023\/01\/23\/estado-da-arte-da-tecnologia-da-geracao-fotovoltaica-no-brasil-e-no-mundo\/\",\"url\":\"https:\/\/www.institutodeengenharia.org.br\/site\/2023\/01\/23\/estado-da-arte-da-tecnologia-da-geracao-fotovoltaica-no-brasil-e-no-mundo\/\",\"name\":\"Estado da Arte da Tecnologia da Gera\u00e7\u00e3o Fotovoltaica no Brasil e no Mundo - Instituto de Engenharia\",\"isPartOf\":{\"@id\":\"https:\/\/www.institutodeengenharia.org.br\/site\/#website\"},\"primaryImageOfPage\":{\"@id\":\"https:\/\/www.institutodeengenharia.org.br\/site\/2023\/01\/23\/estado-da-arte-da-tecnologia-da-geracao-fotovoltaica-no-brasil-e-no-mundo\/#primaryimage\"},\"image\":{\"@id\":\"https:\/\/www.institutodeengenharia.org.br\/site\/2023\/01\/23\/estado-da-arte-da-tecnologia-da-geracao-fotovoltaica-no-brasil-e-no-mundo\/#primaryimage\"},\"thumbnailUrl\":\"https:\/\/www.institutodeengenharia.org.br\/site\/wp-content\/uploads\/2022\/11\/photovoltaic-ga4d6c2913_1920.jpg\",\"datePublished\":\"2023-01-23T16:57:04+00:00\",\"dateModified\":\"2023-01-23T16:57:51+00:00\",\"breadcrumb\":{\"@id\":\"https:\/\/www.institutodeengenharia.org.br\/site\/2023\/01\/23\/estado-da-arte-da-tecnologia-da-geracao-fotovoltaica-no-brasil-e-no-mundo\/#breadcrumb\"},\"inLanguage\":\"pt-BR\",\"potentialAction\":[{\"@type\":\"ReadAction\",\"target\":[\"https:\/\/www.institutodeengenharia.org.br\/site\/2023\/01\/23\/estado-da-arte-da-tecnologia-da-geracao-fotovoltaica-no-brasil-e-no-mundo\/\"]}]},{\"@type\":\"ImageObject\",\"inLanguage\":\"pt-BR\",\"@id\":\"https:\/\/www.institutodeengenharia.org.br\/site\/2023\/01\/23\/estado-da-arte-da-tecnologia-da-geracao-fotovoltaica-no-brasil-e-no-mundo\/#primaryimage\",\"url\":\"https:\/\/www.institutodeengenharia.org.br\/site\/wp-content\/uploads\/2022\/11\/photovoltaic-ga4d6c2913_1920.jpg\",\"contentUrl\":\"https:\/\/www.institutodeengenharia.org.br\/site\/wp-content\/uploads\/2022\/11\/photovoltaic-ga4d6c2913_1920.jpg\",\"width\":1920,\"height\":1081},{\"@type\":\"BreadcrumbList\",\"@id\":\"https:\/\/www.institutodeengenharia.org.br\/site\/2023\/01\/23\/estado-da-arte-da-tecnologia-da-geracao-fotovoltaica-no-brasil-e-no-mundo\/#breadcrumb\",\"itemListElement\":[{\"@type\":\"ListItem\",\"position\":1,\"name\":\"In\u00edcio\",\"item\":\"https:\/\/www.institutodeengenharia.org.br\/site\/\"},{\"@type\":\"ListItem\",\"position\":2,\"name\":\"Estado da Arte da Tecnologia da Gera\u00e7\u00e3o Fotovoltaica no Brasil e no Mundo\"}]},{\"@type\":\"WebSite\",\"@id\":\"https:\/\/www.institutodeengenharia.org.br\/site\/#website\",\"url\":\"https:\/\/www.institutodeengenharia.org.br\/site\/\",\"name\":\"Instituto de Engenharia\",\"description\":\"O Instituto de Engenharia promove a Engenharia em benef\u00edcio do desenvolvimento e da qualidade de vida da sociedade.\",\"publisher\":{\"@id\":\"https:\/\/www.institutodeengenharia.org.br\/site\/#organization\"},\"potentialAction\":[{\"@type\":\"SearchAction\",\"target\":{\"@type\":\"EntryPoint\",\"urlTemplate\":\"https:\/\/www.institutodeengenharia.org.br\/site\/?s={search_term_string}\"},\"query-input\":{\"@type\":\"PropertyValueSpecification\",\"valueRequired\":true,\"valueName\":\"search_term_string\"}}],\"inLanguage\":\"pt-BR\"},{\"@type\":\"Organization\",\"@id\":\"https:\/\/www.institutodeengenharia.org.br\/site\/#organization\",\"name\":\"Instituto de Engenharia\",\"url\":\"https:\/\/www.institutodeengenharia.org.br\/site\/\",\"logo\":{\"@type\":\"ImageObject\",\"inLanguage\":\"pt-BR\",\"@id\":\"https:\/\/www.institutodeengenharia.org.br\/site\/#\/schema\/logo\/image\/\",\"url\":\"https:\/\/www.institutodeengenharia.org.br\/site\/wp-content\/uploads\/2019\/03\/logo-novo-IE2018-1.jpg\",\"contentUrl\":\"https:\/\/www.institutodeengenharia.org.br\/site\/wp-content\/uploads\/2019\/03\/logo-novo-IE2018-1.jpg\",\"width\":1486,\"height\":1879,\"caption\":\"Instituto de Engenharia\"},\"image\":{\"@id\":\"https:\/\/www.institutodeengenharia.org.br\/site\/#\/schema\/logo\/image\/\"},\"sameAs\":[\"https:\/\/www.facebook.com\/institutodeengenharia\",\"https:\/\/x.com\/iengenharia\",\"https:\/\/www.instagram.com\/institutodeengenharia\/\",\"https:\/\/www.linkedin.com\/company\/instituto-de-engenharia\/\",\"https:\/\/www.youtube.com\/channel\/UCXiCAlsSMe977vamW915HxA\"]},{\"@type\":\"Person\",\"@id\":\"https:\/\/www.institutodeengenharia.org.br\/site\/#\/schema\/person\/aeb64951c405e100d26d30b033dd423f\",\"name\":\"Bianca\",\"image\":{\"@type\":\"ImageObject\",\"inLanguage\":\"pt-BR\",\"@id\":\"https:\/\/secure.gravatar.com\/avatar\/a6fbe9bff57405baf4c1e2c5c1811e072b558253974a9f9508f4678900c97c2a?s=96&d=mm&r=g\",\"url\":\"https:\/\/secure.gravatar.com\/avatar\/a6fbe9bff57405baf4c1e2c5c1811e072b558253974a9f9508f4678900c97c2a?s=96&d=mm&r=g\",\"contentUrl\":\"https:\/\/secure.gravatar.com\/avatar\/a6fbe9bff57405baf4c1e2c5c1811e072b558253974a9f9508f4678900c97c2a?s=96&d=mm&r=g\",\"caption\":\"Bianca\"},\"url\":\"https:\/\/www.institutodeengenharia.org.br\/site\/author\/comunicacao1\/\"}]}<\/script>\n<!-- \/ Yoast SEO plugin. -->","yoast_head_json":{"title":"Estado da Arte da Tecnologia da Gera\u00e7\u00e3o Fotovoltaica no Brasil e no Mundo - Instituto de Engenharia","robots":{"index":"index","follow":"follow","max-snippet":"max-snippet:-1","max-image-preview":"max-image-preview:large","max-video-preview":"max-video-preview:-1"},"canonical":"https:\/\/www.institutodeengenharia.org.br\/site\/2023\/01\/23\/estado-da-arte-da-tecnologia-da-geracao-fotovoltaica-no-brasil-e-no-mundo\/","og_locale":"pt_BR","og_type":"article","og_title":"Estado da Arte da Tecnologia da Gera\u00e7\u00e3o Fotovoltaica no Brasil e no Mundo","og_description":"Nos \u00faltimos\u00a010 anos o Brasil vivenciou uma revolu\u00e7\u00e3o fotovoltaica, partindo de algumas poucas dezenas de MW de pot\u00eancia instalada no in\u00edcio de 2012, at\u00e9 ultrapassar os 20 GW em 2022. Em um mercado cada vez mais consolidado e din\u00e2mico, conhecer as tecnologias dispon\u00edveis, os desafios a serem superados e as tend\u00eancias desse mercado torna-se uma necessidade para todos aqueles que queiram trabalhar no setor de gera\u00e7\u00e3o fotovoltaica. A apresenta\u00e7\u00e3o\u00a0Estado da arte da tecnologia da gera\u00e7\u00e3o fotovoltaica no Brasil e no mundo busca apresentar um panorama geral sobre esses temas, desde a situa\u00e7\u00e3o atual do mercado at\u00e9 as previs\u00f5es das tecnologias e solu\u00e7\u00f5es que se vislumbram para os pr\u00f3ximos anos.","og_url":"https:\/\/www.institutodeengenharia.org.br\/site\/2023\/01\/23\/estado-da-arte-da-tecnologia-da-geracao-fotovoltaica-no-brasil-e-no-mundo\/","og_site_name":"Instituto de Engenharia","article_publisher":"https:\/\/www.facebook.com\/institutodeengenharia","article_published_time":"2023-01-23T16:57:04+00:00","article_modified_time":"2023-01-23T16:57:51+00:00","og_image":[{"width":1000,"height":563,"url":"https:\/\/www.institutodeengenharia.org.br\/site\/wp-content\/uploads\/2022\/11\/photovoltaic-ga4d6c2913_1920-1.webp","type":"image\/webp"}],"author":"Bianca","twitter_card":"summary_large_image","twitter_title":"Estado da Arte da Tecnologia da Gera\u00e7\u00e3o Fotovoltaica no Brasil e no Mundo","twitter_description":"Nos \u00faltimos\u00a010 anos o Brasil vivenciou uma revolu\u00e7\u00e3o fotovoltaica, partindo de algumas poucas dezenas de MW de pot\u00eancia instalada no in\u00edcio de 2012, at\u00e9 ultrapassar os 20 GW em 2022. Em um mercado cada vez mais consolidado e din\u00e2mico, conhecer as tecnologias dispon\u00edveis, os desafios a serem superados e as tend\u00eancias desse mercado torna-se uma necessidade para todos aqueles que queiram trabalhar no setor de gera\u00e7\u00e3o fotovoltaica. A apresenta\u00e7\u00e3o\u00a0Estado da arte da tecnologia da gera\u00e7\u00e3o fotovoltaica no Brasil e no mundo busca apresentar um panorama geral sobre esses temas, desde a situa\u00e7\u00e3o atual do mercado at\u00e9 as previs\u00f5es das tecnologias e solu\u00e7\u00f5es que se vislumbram para os pr\u00f3ximos anos.","twitter_image":"https:\/\/www.institutodeengenharia.org.br\/site\/wp-content\/uploads\/2022\/11\/photovoltaic-ga4d6c2913_1920.jpg","twitter_creator":"@iengenharia","twitter_site":"@iengenharia","twitter_misc":{"Escrito por":"Bianca","Est. tempo de leitura":"2 minutos"},"schema":{"@context":"https:\/\/schema.org","@graph":[{"@type":"Article","@id":"https:\/\/www.institutodeengenharia.org.br\/site\/2023\/01\/23\/estado-da-arte-da-tecnologia-da-geracao-fotovoltaica-no-brasil-e-no-mundo\/#article","isPartOf":{"@id":"https:\/\/www.institutodeengenharia.org.br\/site\/2023\/01\/23\/estado-da-arte-da-tecnologia-da-geracao-fotovoltaica-no-brasil-e-no-mundo\/"},"author":{"name":"Bianca","@id":"https:\/\/www.institutodeengenharia.org.br\/site\/#\/schema\/person\/aeb64951c405e100d26d30b033dd423f"},"headline":"Estado da Arte da Tecnologia da Gera\u00e7\u00e3o Fotovoltaica no Brasil e no Mundo","datePublished":"2023-01-23T16:57:04+00:00","dateModified":"2023-01-23T16:57:51+00:00","mainEntityOfPage":{"@id":"https:\/\/www.institutodeengenharia.org.br\/site\/2023\/01\/23\/estado-da-arte-da-tecnologia-da-geracao-fotovoltaica-no-brasil-e-no-mundo\/"},"wordCount":238,"commentCount":0,"publisher":{"@id":"https:\/\/www.institutodeengenharia.org.br\/site\/#organization"},"image":{"@id":"https:\/\/www.institutodeengenharia.org.br\/site\/2023\/01\/23\/estado-da-arte-da-tecnologia-da-geracao-fotovoltaica-no-brasil-e-no-mundo\/#primaryimage"},"thumbnailUrl":"https:\/\/www.institutodeengenharia.org.br\/site\/wp-content\/uploads\/2022\/11\/photovoltaic-ga4d6c2913_1920.jpg","keywords":["video-home"],"articleSection":["Nova TV Engenharia","Palestra"],"inLanguage":"pt-BR","potentialAction":[{"@type":"CommentAction","name":"Comment","target":["https:\/\/www.institutodeengenharia.org.br\/site\/2023\/01\/23\/estado-da-arte-da-tecnologia-da-geracao-fotovoltaica-no-brasil-e-no-mundo\/#respond"]}]},{"@type":"WebPage","@id":"https:\/\/www.institutodeengenharia.org.br\/site\/2023\/01\/23\/estado-da-arte-da-tecnologia-da-geracao-fotovoltaica-no-brasil-e-no-mundo\/","url":"https:\/\/www.institutodeengenharia.org.br\/site\/2023\/01\/23\/estado-da-arte-da-tecnologia-da-geracao-fotovoltaica-no-brasil-e-no-mundo\/","name":"Estado da Arte da Tecnologia da Gera\u00e7\u00e3o Fotovoltaica no Brasil e no Mundo - Instituto de Engenharia","isPartOf":{"@id":"https:\/\/www.institutodeengenharia.org.br\/site\/#website"},"primaryImageOfPage":{"@id":"https:\/\/www.institutodeengenharia.org.br\/site\/2023\/01\/23\/estado-da-arte-da-tecnologia-da-geracao-fotovoltaica-no-brasil-e-no-mundo\/#primaryimage"},"image":{"@id":"https:\/\/www.institutodeengenharia.org.br\/site\/2023\/01\/23\/estado-da-arte-da-tecnologia-da-geracao-fotovoltaica-no-brasil-e-no-mundo\/#primaryimage"},"thumbnailUrl":"https:\/\/www.institutodeengenharia.org.br\/site\/wp-content\/uploads\/2022\/11\/photovoltaic-ga4d6c2913_1920.jpg","datePublished":"2023-01-23T16:57:04+00:00","dateModified":"2023-01-23T16:57:51+00:00","breadcrumb":{"@id":"https:\/\/www.institutodeengenharia.org.br\/site\/2023\/01\/23\/estado-da-arte-da-tecnologia-da-geracao-fotovoltaica-no-brasil-e-no-mundo\/#breadcrumb"},"inLanguage":"pt-BR","potentialAction":[{"@type":"ReadAction","target":["https:\/\/www.institutodeengenharia.org.br\/site\/2023\/01\/23\/estado-da-arte-da-tecnologia-da-geracao-fotovoltaica-no-brasil-e-no-mundo\/"]}]},{"@type":"ImageObject","inLanguage":"pt-BR","@id":"https:\/\/www.institutodeengenharia.org.br\/site\/2023\/01\/23\/estado-da-arte-da-tecnologia-da-geracao-fotovoltaica-no-brasil-e-no-mundo\/#primaryimage","url":"https:\/\/www.institutodeengenharia.org.br\/site\/wp-content\/uploads\/2022\/11\/photovoltaic-ga4d6c2913_1920.jpg","contentUrl":"https:\/\/www.institutodeengenharia.org.br\/site\/wp-content\/uploads\/2022\/11\/photovoltaic-ga4d6c2913_1920.jpg","width":1920,"height":1081},{"@type":"BreadcrumbList","@id":"https:\/\/www.institutodeengenharia.org.br\/site\/2023\/01\/23\/estado-da-arte-da-tecnologia-da-geracao-fotovoltaica-no-brasil-e-no-mundo\/#breadcrumb","itemListElement":[{"@type":"ListItem","position":1,"name":"In\u00edcio","item":"https:\/\/www.institutodeengenharia.org.br\/site\/"},{"@type":"ListItem","position":2,"name":"Estado da Arte da Tecnologia da Gera\u00e7\u00e3o Fotovoltaica no Brasil e no Mundo"}]},{"@type":"WebSite","@id":"https:\/\/www.institutodeengenharia.org.br\/site\/#website","url":"https:\/\/www.institutodeengenharia.org.br\/site\/","name":"Instituto de Engenharia","description":"O Instituto de Engenharia promove a Engenharia em benef\u00edcio do desenvolvimento e da qualidade de vida da sociedade.","publisher":{"@id":"https:\/\/www.institutodeengenharia.org.br\/site\/#organization"},"potentialAction":[{"@type":"SearchAction","target":{"@type":"EntryPoint","urlTemplate":"https:\/\/www.institutodeengenharia.org.br\/site\/?s={search_term_string}"},"query-input":{"@type":"PropertyValueSpecification","valueRequired":true,"valueName":"search_term_string"}}],"inLanguage":"pt-BR"},{"@type":"Organization","@id":"https:\/\/www.institutodeengenharia.org.br\/site\/#organization","name":"Instituto de Engenharia","url":"https:\/\/www.institutodeengenharia.org.br\/site\/","logo":{"@type":"ImageObject","inLanguage":"pt-BR","@id":"https:\/\/www.institutodeengenharia.org.br\/site\/#\/schema\/logo\/image\/","url":"https:\/\/www.institutodeengenharia.org.br\/site\/wp-content\/uploads\/2019\/03\/logo-novo-IE2018-1.jpg","contentUrl":"https:\/\/www.institutodeengenharia.org.br\/site\/wp-content\/uploads\/2019\/03\/logo-novo-IE2018-1.jpg","width":1486,"height":1879,"caption":"Instituto de Engenharia"},"image":{"@id":"https:\/\/www.institutodeengenharia.org.br\/site\/#\/schema\/logo\/image\/"},"sameAs":["https:\/\/www.facebook.com\/institutodeengenharia","https:\/\/x.com\/iengenharia","https:\/\/www.instagram.com\/institutodeengenharia\/","https:\/\/www.linkedin.com\/company\/instituto-de-engenharia\/","https:\/\/www.youtube.com\/channel\/UCXiCAlsSMe977vamW915HxA"]},{"@type":"Person","@id":"https:\/\/www.institutodeengenharia.org.br\/site\/#\/schema\/person\/aeb64951c405e100d26d30b033dd423f","name":"Bianca","image":{"@type":"ImageObject","inLanguage":"pt-BR","@id":"https:\/\/secure.gravatar.com\/avatar\/a6fbe9bff57405baf4c1e2c5c1811e072b558253974a9f9508f4678900c97c2a?s=96&d=mm&r=g","url":"https:\/\/secure.gravatar.com\/avatar\/a6fbe9bff57405baf4c1e2c5c1811e072b558253974a9f9508f4678900c97c2a?s=96&d=mm&r=g","contentUrl":"https:\/\/secure.gravatar.com\/avatar\/a6fbe9bff57405baf4c1e2c5c1811e072b558253974a9f9508f4678900c97c2a?s=96&d=mm&r=g","caption":"Bianca"},"url":"https:\/\/www.institutodeengenharia.org.br\/site\/author\/comunicacao1\/"}]}},"_links":{"self":[{"href":"https:\/\/www.institutodeengenharia.org.br\/site\/wp-json\/wp\/v2\/posts\/101867","targetHints":{"allow":["GET"]}}],"collection":[{"href":"https:\/\/www.institutodeengenharia.org.br\/site\/wp-json\/wp\/v2\/posts"}],"about":[{"href":"https:\/\/www.institutodeengenharia.org.br\/site\/wp-json\/wp\/v2\/types\/post"}],"author":[{"embeddable":true,"href":"https:\/\/www.institutodeengenharia.org.br\/site\/wp-json\/wp\/v2\/users\/13"}],"replies":[{"embeddable":true,"href":"https:\/\/www.institutodeengenharia.org.br\/site\/wp-json\/wp\/v2\/comments?post=101867"}],"version-history":[{"count":1,"href":"https:\/\/www.institutodeengenharia.org.br\/site\/wp-json\/wp\/v2\/posts\/101867\/revisions"}],"predecessor-version":[{"id":101868,"href":"https:\/\/www.institutodeengenharia.org.br\/site\/wp-json\/wp\/v2\/posts\/101867\/revisions\/101868"}],"wp:featuredmedia":[{"embeddable":true,"href":"https:\/\/www.institutodeengenharia.org.br\/site\/wp-json\/wp\/v2\/media\/100509"}],"wp:attachment":[{"href":"https:\/\/www.institutodeengenharia.org.br\/site\/wp-json\/wp\/v2\/media?parent=101867"}],"wp:term":[{"taxonomy":"category","embeddable":true,"href":"https:\/\/www.institutodeengenharia.org.br\/site\/wp-json\/wp\/v2\/categories?post=101867"},{"taxonomy":"post_tag","embeddable":true,"href":"https:\/\/www.institutodeengenharia.org.br\/site\/wp-json\/wp\/v2\/tags?post=101867"}],"curies":[{"name":"wp","href":"https:\/\/api.w.org\/{rel}","templated":true}]}}