{"id":101789,"date":"2023-01-18T10:06:10","date_gmt":"2023-01-18T13:06:10","guid":{"rendered":"https:\/\/www.institutodeengenharia.org.br\/site\/?p=101789"},"modified":"2023-01-18T10:06:10","modified_gmt":"2023-01-18T13:06:10","slug":"porto-de-sao-sebastiao-e-sua-importancia-na-cadeia-logistica-portuaria-de-sao-paulo","status":"publish","type":"post","link":"https:\/\/www.institutodeengenharia.org.br\/site\/2023\/01\/18\/porto-de-sao-sebastiao-e-sua-importancia-na-cadeia-logistica-portuaria-de-sao-paulo\/","title":{"rendered":"Porto de S\u00e3o Sebasti\u00e3o e sua import\u00e2ncia na cadeia log\u00edstica portu\u00e1ria de S\u00e3o Paulo"},"content":{"rendered":"<p><strong>Assista abaixo \u00e0 grava\u00e7\u00e3o do evento:<\/strong><\/p>\n<div style=\"padding: 56.25% 0 0 0; position: relative;\"><iframe style=\"position: absolute; top: 0; left: 0; width: 100%; height: 100%;\" title=\"Porto de S&amp;atilde;o Sebasti&amp;atilde;o e sua Import&amp;acirc;ncia na Cadeia Log&amp;iacute;stica Portu&amp;aacute;ria de S&amp;atilde;o Paulo\" src=\"https:\/\/player.vimeo.com\/video\/790046925?h=9a836e6bc8&amp;badge=0&amp;autopause=0&amp;player_id=0&amp;app_id=58479\" frameborder=\"0\" allowfullscreen=\"allowfullscreen\"><\/iframe><\/div>\n<p><script src=\"https:\/\/player.vimeo.com\/api\/player.js\"><\/script><strong>+ Informa\u00e7\u00f5es:<\/strong><\/p>\n<p>O porto de S\u00e3o Sebasti\u00e3o ser\u00e1 impactado pela opera\u00e7\u00e3o da nova rodovia dos Tamoios. Ser\u00e1 comentado pelas autoridades e especialistas das necessidades, propostas futuras e alternativas para Porto de Sebasti\u00e3o. Parceria Porto Sebasti\u00e3o e Santos. Papel da Desestatiza\u00e7\u00e3o do Porto de S\u00e3o Sebasti\u00e3o. A log\u00edstica do Porto de S\u00e3o Sebasti\u00e3o no Planejamento Regional. An\u00e1lise da quest\u00e3o ambiental do Porto de S\u00e3o Sebasti\u00e3o.<\/p>\n<p><strong>P\u00fablico-alvo:<\/strong><\/p>\n<p>Profissionais ligados a log\u00edstica, opera\u00e7\u00f5es portu\u00e1rias e engenheiros e arquitetos do Instituto de Engenharia.<\/p>\n<p><strong>PROGRAMA\u00c7\u00c3O:<\/strong><\/p>\n<p><em>18h30 \u2013 ABERTURA:<\/em><br \/>\n\u2022 Paulo Ferreira<br \/>\n\u2022 Jos\u00e9 Wagner Leite Ferreira<br \/>\n\u2022 Jean Carlos Pejo<\/p>\n<p><em>MESA DEBATES \u2013 1\u00aa RODADA 18h45 \u00e0s 19h35<\/em><\/p>\n<p>18h45 Casemiro T\u00e9rcio Carvalho \u2013 Partner 4 Infra \u2013 O que seria destes Portos com a Desestatiza\u00e7\u00e3o?<\/p>\n<p>19h \u2013 Bruno Felipe Tolino Grecco \u2013 Superintendente de Planejamento Portu\u00e1rio (SUPOR) na SPA \u2013 Santos Port Authority \u2013 A Sinergia das Opera\u00e7\u00f5es da CDSS e da SPA (Exemplo Antu\u00e9rpia e Zeebrugge)<\/p>\n<p>19h15 \u2013 Mario Povia \u2013 Secret\u00e1rio Nacional de Portos e Transportes Aquavi\u00e1rios Minist\u00e9rio de Infraestrutura ; A Politica para Desenvolvimento Portu\u00e1rio<\/p>\n<p>19h35 \u2013 DEBATES<\/p>\n<p><em>MESA DEBATES \u2013 2\u00aa RODADA<\/em><\/p>\n<p>19h45 \u2013 Paulo Tsutomu Oda \u2013 Presidente da CDSS \u2013 Companhia Docas de S\u00e3o Sebasti\u00e3o \u2013 Diagn\u00f3stico Situacional<\/p>\n<p>20h \u2013 S\u00e9rgio Pomp\u00e9ia \u2013 Diretor-Presidente na CPEA \u2013 As Quest\u00f5es Ambientais da regi\u00e3o e do Porto de S\u00e3o Sebasti\u00e3o<\/p>\n<p>20h15 Luiz Alberto Fioravante \u2013 Assesssor na Secretaria Estadual de Log\u00edstica e Transportes de S\u00e3o Paulo \u2013 \u00c9 Poss\u00edvel uma Liga\u00e7\u00e3o Ferrovi\u00e1ria entre o Porto de S\u00e3o Sebasti\u00e3o e o Vale do Para\u00edba?<\/p>\n<p>20h30 \u2013 Frederico Bussinger \u2013 S\u00f3cio-Diretor (Partner) na KATALYSIS Consultoria e Empreendimentos \u2013 Porto de S\u00e3o Sebasti\u00e3o no desenvolvimento do Vale do Para\u00edba?<\/p>\n<p>20h50 \u2013 DEBATES<\/p>\n<p>21h \u2013 ENCERRAMENTO<\/p>\n<p><strong>Realiza\u00e7\u00e3o:<\/strong><\/p>\n<p><img loading=\"lazy\" decoding=\"async\" class=\"wp-image-81229 alignleft td-animation-stack-type0-2\" src=\"https:\/\/www.institutodeengenharia.org.br\/site\/wp-content\/uploads\/2021\/05\/ie-logo-escudo.jpeg\" alt=\"\" width=\"123\" height=\"156\" srcset=\"https:\/\/www.institutodeengenharia.org.br\/site\/wp-content\/uploads\/2021\/05\/ie-logo-escudo.jpeg 1012w, https:\/\/www.institutodeengenharia.org.br\/site\/wp-content\/uploads\/2021\/05\/ie-logo-escudo-237x300.jpeg 237w, https:\/\/www.institutodeengenharia.org.br\/site\/wp-content\/uploads\/2021\/05\/ie-logo-escudo-810x1024.jpeg 810w, https:\/\/www.institutodeengenharia.org.br\/site\/wp-content\/uploads\/2021\/05\/ie-logo-escudo-768x971.jpeg 768w, https:\/\/www.institutodeengenharia.org.br\/site\/wp-content\/uploads\/2021\/05\/ie-logo-escudo-696x880.jpeg 696w, https:\/\/www.institutodeengenharia.org.br\/site\/wp-content\/uploads\/2021\/05\/ie-logo-escudo-332x420.jpeg 332w, https:\/\/www.institutodeengenharia.org.br\/site\/wp-content\/uploads\/2021\/05\/ie-logo-escudo-600x759.jpeg 600w\" sizes=\"auto, (max-width: 123px) 100vw, 123px\" \/><\/p>\n<p><strong>Eng. Ivan Metran Whately<\/strong>\u00a0\u2013 Vice-Presidente de Atividades T\u00e9cnicas<br \/>\n<strong>Eng. Jean Carlos Pejo<\/strong>\u00a0\u2013 Diretor do Departamento de Desenvolvimento de Infraestrutura e Log\u00edstica<br \/>\n<strong>Arqt. Jos\u00e9 Wagner Leite Ferreira<\/strong>\u00a0\u2013 Coordenador da Divis\u00e3o T\u00e9cnica de Navega\u00e7\u00e3o Interior e Portos<\/p>\n<p>&nbsp;<\/p>\n<p><strong>Apoio Institucional:<\/strong><\/p>\n<p><img loading=\"lazy\" decoding=\"async\" class=\"alignnone wp-image-77696 td-animation-stack-type0-2\" src=\"https:\/\/www.institutodeengenharia.org.br\/site\/wp-content\/uploads\/2021\/02\/crea.jpg\" alt=\"\" width=\"140\" height=\"98\" srcset=\"https:\/\/www.institutodeengenharia.org.br\/site\/wp-content\/uploads\/2021\/02\/crea.jpg 448w, https:\/\/www.institutodeengenharia.org.br\/site\/wp-content\/uploads\/2021\/02\/crea-300x211.jpg 300w, https:\/\/www.institutodeengenharia.org.br\/site\/wp-content\/uploads\/2021\/02\/crea-100x70.jpg 100w\" sizes=\"auto, (max-width: 140px) 100vw, 140px\" \/><\/p>\n<p><strong>Apoio \u00e0 forma\u00e7\u00e3o:\u00a0<\/strong><\/p>\n<p>Espa\u00e7o aberto ao CREA-SP, objetivando o aperfei\u00e7oamento dos profissionais e o aprimoramento da fiscaliza\u00e7\u00e3o das \u00e1reas abrangidas pelo Sistema Confea\/CREAs, al\u00e9m de promover a conscientiza\u00e7\u00e3o da sociedade quanto \u00e0 necessidade e obrigatoriedade de contratar um profissional devidamente habilitado.<\/p>\n","protected":false},"excerpt":{"rendered":"<p>Assista abaixo \u00e0 grava\u00e7\u00e3o do evento: + Informa\u00e7\u00f5es: O porto de S\u00e3o Sebasti\u00e3o ser\u00e1 impactado pela opera\u00e7\u00e3o da nova rodovia dos Tamoios. Ser\u00e1 comentado pelas autoridades e especialistas das necessidades, propostas futuras e alternativas para Porto de Sebasti\u00e3o. Parceria Porto Sebasti\u00e3o e Santos. Papel da Desestatiza\u00e7\u00e3o do Porto de S\u00e3o Sebasti\u00e3o. A log\u00edstica do Porto [&hellip;]<\/p>\n","protected":false},"author":13,"featured_media":95998,"comment_status":"open","ping_status":"open","sticky":false,"template":"","format":"video","meta":{"footnotes":""},"categories":[968,969],"tags":[1176],"class_list":{"0":"post-101789","1":"post","2":"type-post","3":"status-publish","4":"format-video","5":"has-post-thumbnail","7":"category-nova-tv-engenharia","8":"category-palestra","9":"tag-video-home","10":"post_format-post-format-video"},"yoast_head":"<!-- This site is optimized with the Yoast SEO plugin v27.2 - https:\/\/yoast.com\/product\/yoast-seo-wordpress\/ -->\n<title>Porto de S\u00e3o Sebasti\u00e3o e sua import\u00e2ncia na cadeia log\u00edstica portu\u00e1ria de S\u00e3o Paulo - Instituto de Engenharia<\/title>\n<meta name=\"robots\" content=\"index, follow, max-snippet:-1, max-image-preview:large, max-video-preview:-1\" \/>\n<link rel=\"canonical\" href=\"https:\/\/www.institutodeengenharia.org.br\/site\/2023\/01\/18\/porto-de-sao-sebastiao-e-sua-importancia-na-cadeia-logistica-portuaria-de-sao-paulo\/\" \/>\n<meta property=\"og:locale\" content=\"pt_BR\" \/>\n<meta property=\"og:type\" content=\"article\" \/>\n<meta property=\"og:title\" content=\"Porto de S\u00e3o Sebasti\u00e3o e sua import\u00e2ncia na cadeia log\u00edstica portu\u00e1ria de S\u00e3o Paulo\" \/>\n<meta property=\"og:description\" content=\"Assista abaixo \u00e0 grava\u00e7\u00e3o do evento\" \/>\n<meta property=\"og:url\" content=\"https:\/\/www.institutodeengenharia.org.br\/site\/2023\/01\/18\/porto-de-sao-sebastiao-e-sua-importancia-na-cadeia-logistica-portuaria-de-sao-paulo\/\" \/>\n<meta property=\"og:site_name\" content=\"Instituto de Engenharia\" \/>\n<meta property=\"article:publisher\" content=\"https:\/\/www.facebook.com\/institutodeengenharia\" \/>\n<meta property=\"article:published_time\" content=\"2023-01-18T13:06:10+00:00\" \/>\n<meta property=\"og:image\" content=\"https:\/\/www.institutodeengenharia.org.br\/site\/wp-content\/uploads\/2022\/07\/sao-sebastiao.png\" \/>\n\t<meta property=\"og:image:width\" content=\"767\" \/>\n\t<meta property=\"og:image:height\" content=\"344\" \/>\n\t<meta property=\"og:image:type\" content=\"image\/png\" \/>\n<meta name=\"author\" content=\"Bianca\" \/>\n<meta name=\"twitter:card\" content=\"summary_large_image\" \/>\n<meta name=\"twitter:title\" content=\"Porto de S\u00e3o Sebasti\u00e3o e sua import\u00e2ncia na cadeia log\u00edstica portu\u00e1ria de S\u00e3o Paulo\" \/>\n<meta name=\"twitter:description\" content=\"Assista abaixo \u00e0 grava\u00e7\u00e3o do evento\" \/>\n<meta name=\"twitter:image\" content=\"https:\/\/www.institutodeengenharia.org.br\/site\/wp-content\/uploads\/2022\/07\/sao-sebastiao.png\" \/>\n<meta name=\"twitter:creator\" content=\"@iengenharia\" \/>\n<meta name=\"twitter:site\" content=\"@iengenharia\" \/>\n<meta name=\"twitter:label1\" content=\"Escrito por\" \/>\n\t<meta name=\"twitter:data1\" content=\"Bianca\" \/>\n\t<meta name=\"twitter:label2\" content=\"Est. tempo de leitura\" \/>\n\t<meta name=\"twitter:data2\" content=\"3 minutos\" \/>\n<script type=\"application\/ld+json\" class=\"yoast-schema-graph\">{\"@context\":\"https:\/\/schema.org\",\"@graph\":[{\"@type\":\"Article\",\"@id\":\"https:\/\/www.institutodeengenharia.org.br\/site\/2023\/01\/18\/porto-de-sao-sebastiao-e-sua-importancia-na-cadeia-logistica-portuaria-de-sao-paulo\/#article\",\"isPartOf\":{\"@id\":\"https:\/\/www.institutodeengenharia.org.br\/site\/2023\/01\/18\/porto-de-sao-sebastiao-e-sua-importancia-na-cadeia-logistica-portuaria-de-sao-paulo\/\"},\"author\":{\"name\":\"Bianca\",\"@id\":\"https:\/\/www.institutodeengenharia.org.br\/site\/#\/schema\/person\/aeb64951c405e100d26d30b033dd423f\"},\"headline\":\"Porto de S\u00e3o Sebasti\u00e3o e sua import\u00e2ncia na cadeia log\u00edstica portu\u00e1ria de S\u00e3o Paulo\",\"datePublished\":\"2023-01-18T13:06:10+00:00\",\"mainEntityOfPage\":{\"@id\":\"https:\/\/www.institutodeengenharia.org.br\/site\/2023\/01\/18\/porto-de-sao-sebastiao-e-sua-importancia-na-cadeia-logistica-portuaria-de-sao-paulo\/\"},\"wordCount\":414,\"commentCount\":0,\"publisher\":{\"@id\":\"https:\/\/www.institutodeengenharia.org.br\/site\/#organization\"},\"image\":{\"@id\":\"https:\/\/www.institutodeengenharia.org.br\/site\/2023\/01\/18\/porto-de-sao-sebastiao-e-sua-importancia-na-cadeia-logistica-portuaria-de-sao-paulo\/#primaryimage\"},\"thumbnailUrl\":\"https:\/\/www.institutodeengenharia.org.br\/site\/wp-content\/uploads\/2022\/07\/sao-sebastiao.png\",\"keywords\":[\"video-home\"],\"articleSection\":[\"Nova TV Engenharia\",\"Palestra\"],\"inLanguage\":\"pt-BR\",\"potentialAction\":[{\"@type\":\"CommentAction\",\"name\":\"Comment\",\"target\":[\"https:\/\/www.institutodeengenharia.org.br\/site\/2023\/01\/18\/porto-de-sao-sebastiao-e-sua-importancia-na-cadeia-logistica-portuaria-de-sao-paulo\/#respond\"]}]},{\"@type\":\"WebPage\",\"@id\":\"https:\/\/www.institutodeengenharia.org.br\/site\/2023\/01\/18\/porto-de-sao-sebastiao-e-sua-importancia-na-cadeia-logistica-portuaria-de-sao-paulo\/\",\"url\":\"https:\/\/www.institutodeengenharia.org.br\/site\/2023\/01\/18\/porto-de-sao-sebastiao-e-sua-importancia-na-cadeia-logistica-portuaria-de-sao-paulo\/\",\"name\":\"Porto de S\u00e3o Sebasti\u00e3o e sua import\u00e2ncia na cadeia log\u00edstica portu\u00e1ria de S\u00e3o Paulo - Instituto de Engenharia\",\"isPartOf\":{\"@id\":\"https:\/\/www.institutodeengenharia.org.br\/site\/#website\"},\"primaryImageOfPage\":{\"@id\":\"https:\/\/www.institutodeengenharia.org.br\/site\/2023\/01\/18\/porto-de-sao-sebastiao-e-sua-importancia-na-cadeia-logistica-portuaria-de-sao-paulo\/#primaryimage\"},\"image\":{\"@id\":\"https:\/\/www.institutodeengenharia.org.br\/site\/2023\/01\/18\/porto-de-sao-sebastiao-e-sua-importancia-na-cadeia-logistica-portuaria-de-sao-paulo\/#primaryimage\"},\"thumbnailUrl\":\"https:\/\/www.institutodeengenharia.org.br\/site\/wp-content\/uploads\/2022\/07\/sao-sebastiao.png\",\"datePublished\":\"2023-01-18T13:06:10+00:00\",\"breadcrumb\":{\"@id\":\"https:\/\/www.institutodeengenharia.org.br\/site\/2023\/01\/18\/porto-de-sao-sebastiao-e-sua-importancia-na-cadeia-logistica-portuaria-de-sao-paulo\/#breadcrumb\"},\"inLanguage\":\"pt-BR\",\"potentialAction\":[{\"@type\":\"ReadAction\",\"target\":[\"https:\/\/www.institutodeengenharia.org.br\/site\/2023\/01\/18\/porto-de-sao-sebastiao-e-sua-importancia-na-cadeia-logistica-portuaria-de-sao-paulo\/\"]}]},{\"@type\":\"ImageObject\",\"inLanguage\":\"pt-BR\",\"@id\":\"https:\/\/www.institutodeengenharia.org.br\/site\/2023\/01\/18\/porto-de-sao-sebastiao-e-sua-importancia-na-cadeia-logistica-portuaria-de-sao-paulo\/#primaryimage\",\"url\":\"https:\/\/www.institutodeengenharia.org.br\/site\/wp-content\/uploads\/2022\/07\/sao-sebastiao.png\",\"contentUrl\":\"https:\/\/www.institutodeengenharia.org.br\/site\/wp-content\/uploads\/2022\/07\/sao-sebastiao.png\",\"width\":767,\"height\":344},{\"@type\":\"BreadcrumbList\",\"@id\":\"https:\/\/www.institutodeengenharia.org.br\/site\/2023\/01\/18\/porto-de-sao-sebastiao-e-sua-importancia-na-cadeia-logistica-portuaria-de-sao-paulo\/#breadcrumb\",\"itemListElement\":[{\"@type\":\"ListItem\",\"position\":1,\"name\":\"In\u00edcio\",\"item\":\"https:\/\/www.institutodeengenharia.org.br\/site\/\"},{\"@type\":\"ListItem\",\"position\":2,\"name\":\"Porto de S\u00e3o Sebasti\u00e3o e sua import\u00e2ncia na cadeia log\u00edstica portu\u00e1ria de S\u00e3o Paulo\"}]},{\"@type\":\"WebSite\",\"@id\":\"https:\/\/www.institutodeengenharia.org.br\/site\/#website\",\"url\":\"https:\/\/www.institutodeengenharia.org.br\/site\/\",\"name\":\"Instituto de Engenharia\",\"description\":\"O Instituto de Engenharia promove a Engenharia em benef\u00edcio do desenvolvimento e da qualidade de vida da sociedade.\",\"publisher\":{\"@id\":\"https:\/\/www.institutodeengenharia.org.br\/site\/#organization\"},\"potentialAction\":[{\"@type\":\"SearchAction\",\"target\":{\"@type\":\"EntryPoint\",\"urlTemplate\":\"https:\/\/www.institutodeengenharia.org.br\/site\/?s={search_term_string}\"},\"query-input\":{\"@type\":\"PropertyValueSpecification\",\"valueRequired\":true,\"valueName\":\"search_term_string\"}}],\"inLanguage\":\"pt-BR\"},{\"@type\":\"Organization\",\"@id\":\"https:\/\/www.institutodeengenharia.org.br\/site\/#organization\",\"name\":\"Instituto de Engenharia\",\"url\":\"https:\/\/www.institutodeengenharia.org.br\/site\/\",\"logo\":{\"@type\":\"ImageObject\",\"inLanguage\":\"pt-BR\",\"@id\":\"https:\/\/www.institutodeengenharia.org.br\/site\/#\/schema\/logo\/image\/\",\"url\":\"https:\/\/www.institutodeengenharia.org.br\/site\/wp-content\/uploads\/2019\/03\/logo-novo-IE2018-1.jpg\",\"contentUrl\":\"https:\/\/www.institutodeengenharia.org.br\/site\/wp-content\/uploads\/2019\/03\/logo-novo-IE2018-1.jpg\",\"width\":1486,\"height\":1879,\"caption\":\"Instituto de Engenharia\"},\"image\":{\"@id\":\"https:\/\/www.institutodeengenharia.org.br\/site\/#\/schema\/logo\/image\/\"},\"sameAs\":[\"https:\/\/www.facebook.com\/institutodeengenharia\",\"https:\/\/x.com\/iengenharia\",\"https:\/\/www.instagram.com\/institutodeengenharia\/\",\"https:\/\/www.linkedin.com\/company\/instituto-de-engenharia\/\",\"https:\/\/www.youtube.com\/channel\/UCXiCAlsSMe977vamW915HxA\"]},{\"@type\":\"Person\",\"@id\":\"https:\/\/www.institutodeengenharia.org.br\/site\/#\/schema\/person\/aeb64951c405e100d26d30b033dd423f\",\"name\":\"Bianca\",\"image\":{\"@type\":\"ImageObject\",\"inLanguage\":\"pt-BR\",\"@id\":\"https:\/\/secure.gravatar.com\/avatar\/a6fbe9bff57405baf4c1e2c5c1811e072b558253974a9f9508f4678900c97c2a?s=96&d=mm&r=g\",\"url\":\"https:\/\/secure.gravatar.com\/avatar\/a6fbe9bff57405baf4c1e2c5c1811e072b558253974a9f9508f4678900c97c2a?s=96&d=mm&r=g\",\"contentUrl\":\"https:\/\/secure.gravatar.com\/avatar\/a6fbe9bff57405baf4c1e2c5c1811e072b558253974a9f9508f4678900c97c2a?s=96&d=mm&r=g\",\"caption\":\"Bianca\"},\"url\":\"https:\/\/www.institutodeengenharia.org.br\/site\/author\/comunicacao1\/\"}]}<\/script>\n<!-- \/ Yoast SEO plugin. -->","yoast_head_json":{"title":"Porto de S\u00e3o Sebasti\u00e3o e sua import\u00e2ncia na cadeia log\u00edstica portu\u00e1ria de S\u00e3o Paulo - Instituto de Engenharia","robots":{"index":"index","follow":"follow","max-snippet":"max-snippet:-1","max-image-preview":"max-image-preview:large","max-video-preview":"max-video-preview:-1"},"canonical":"https:\/\/www.institutodeengenharia.org.br\/site\/2023\/01\/18\/porto-de-sao-sebastiao-e-sua-importancia-na-cadeia-logistica-portuaria-de-sao-paulo\/","og_locale":"pt_BR","og_type":"article","og_title":"Porto de S\u00e3o Sebasti\u00e3o e sua import\u00e2ncia na cadeia log\u00edstica portu\u00e1ria de S\u00e3o Paulo","og_description":"Assista abaixo \u00e0 grava\u00e7\u00e3o do evento","og_url":"https:\/\/www.institutodeengenharia.org.br\/site\/2023\/01\/18\/porto-de-sao-sebastiao-e-sua-importancia-na-cadeia-logistica-portuaria-de-sao-paulo\/","og_site_name":"Instituto de Engenharia","article_publisher":"https:\/\/www.facebook.com\/institutodeengenharia","article_published_time":"2023-01-18T13:06:10+00:00","og_image":[{"width":767,"height":344,"url":"https:\/\/www.institutodeengenharia.org.br\/site\/wp-content\/uploads\/2022\/07\/sao-sebastiao.png","type":"image\/png"}],"author":"Bianca","twitter_card":"summary_large_image","twitter_title":"Porto de S\u00e3o Sebasti\u00e3o e sua import\u00e2ncia na cadeia log\u00edstica portu\u00e1ria de S\u00e3o Paulo","twitter_description":"Assista abaixo \u00e0 grava\u00e7\u00e3o do evento","twitter_image":"https:\/\/www.institutodeengenharia.org.br\/site\/wp-content\/uploads\/2022\/07\/sao-sebastiao.png","twitter_creator":"@iengenharia","twitter_site":"@iengenharia","twitter_misc":{"Escrito por":"Bianca","Est. tempo de leitura":"3 minutos"},"schema":{"@context":"https:\/\/schema.org","@graph":[{"@type":"Article","@id":"https:\/\/www.institutodeengenharia.org.br\/site\/2023\/01\/18\/porto-de-sao-sebastiao-e-sua-importancia-na-cadeia-logistica-portuaria-de-sao-paulo\/#article","isPartOf":{"@id":"https:\/\/www.institutodeengenharia.org.br\/site\/2023\/01\/18\/porto-de-sao-sebastiao-e-sua-importancia-na-cadeia-logistica-portuaria-de-sao-paulo\/"},"author":{"name":"Bianca","@id":"https:\/\/www.institutodeengenharia.org.br\/site\/#\/schema\/person\/aeb64951c405e100d26d30b033dd423f"},"headline":"Porto de S\u00e3o Sebasti\u00e3o e sua import\u00e2ncia na cadeia log\u00edstica portu\u00e1ria de S\u00e3o Paulo","datePublished":"2023-01-18T13:06:10+00:00","mainEntityOfPage":{"@id":"https:\/\/www.institutodeengenharia.org.br\/site\/2023\/01\/18\/porto-de-sao-sebastiao-e-sua-importancia-na-cadeia-logistica-portuaria-de-sao-paulo\/"},"wordCount":414,"commentCount":0,"publisher":{"@id":"https:\/\/www.institutodeengenharia.org.br\/site\/#organization"},"image":{"@id":"https:\/\/www.institutodeengenharia.org.br\/site\/2023\/01\/18\/porto-de-sao-sebastiao-e-sua-importancia-na-cadeia-logistica-portuaria-de-sao-paulo\/#primaryimage"},"thumbnailUrl":"https:\/\/www.institutodeengenharia.org.br\/site\/wp-content\/uploads\/2022\/07\/sao-sebastiao.png","keywords":["video-home"],"articleSection":["Nova TV Engenharia","Palestra"],"inLanguage":"pt-BR","potentialAction":[{"@type":"CommentAction","name":"Comment","target":["https:\/\/www.institutodeengenharia.org.br\/site\/2023\/01\/18\/porto-de-sao-sebastiao-e-sua-importancia-na-cadeia-logistica-portuaria-de-sao-paulo\/#respond"]}]},{"@type":"WebPage","@id":"https:\/\/www.institutodeengenharia.org.br\/site\/2023\/01\/18\/porto-de-sao-sebastiao-e-sua-importancia-na-cadeia-logistica-portuaria-de-sao-paulo\/","url":"https:\/\/www.institutodeengenharia.org.br\/site\/2023\/01\/18\/porto-de-sao-sebastiao-e-sua-importancia-na-cadeia-logistica-portuaria-de-sao-paulo\/","name":"Porto de S\u00e3o Sebasti\u00e3o e sua import\u00e2ncia na cadeia log\u00edstica portu\u00e1ria de S\u00e3o Paulo - Instituto de Engenharia","isPartOf":{"@id":"https:\/\/www.institutodeengenharia.org.br\/site\/#website"},"primaryImageOfPage":{"@id":"https:\/\/www.institutodeengenharia.org.br\/site\/2023\/01\/18\/porto-de-sao-sebastiao-e-sua-importancia-na-cadeia-logistica-portuaria-de-sao-paulo\/#primaryimage"},"image":{"@id":"https:\/\/www.institutodeengenharia.org.br\/site\/2023\/01\/18\/porto-de-sao-sebastiao-e-sua-importancia-na-cadeia-logistica-portuaria-de-sao-paulo\/#primaryimage"},"thumbnailUrl":"https:\/\/www.institutodeengenharia.org.br\/site\/wp-content\/uploads\/2022\/07\/sao-sebastiao.png","datePublished":"2023-01-18T13:06:10+00:00","breadcrumb":{"@id":"https:\/\/www.institutodeengenharia.org.br\/site\/2023\/01\/18\/porto-de-sao-sebastiao-e-sua-importancia-na-cadeia-logistica-portuaria-de-sao-paulo\/#breadcrumb"},"inLanguage":"pt-BR","potentialAction":[{"@type":"ReadAction","target":["https:\/\/www.institutodeengenharia.org.br\/site\/2023\/01\/18\/porto-de-sao-sebastiao-e-sua-importancia-na-cadeia-logistica-portuaria-de-sao-paulo\/"]}]},{"@type":"ImageObject","inLanguage":"pt-BR","@id":"https:\/\/www.institutodeengenharia.org.br\/site\/2023\/01\/18\/porto-de-sao-sebastiao-e-sua-importancia-na-cadeia-logistica-portuaria-de-sao-paulo\/#primaryimage","url":"https:\/\/www.institutodeengenharia.org.br\/site\/wp-content\/uploads\/2022\/07\/sao-sebastiao.png","contentUrl":"https:\/\/www.institutodeengenharia.org.br\/site\/wp-content\/uploads\/2022\/07\/sao-sebastiao.png","width":767,"height":344},{"@type":"BreadcrumbList","@id":"https:\/\/www.institutodeengenharia.org.br\/site\/2023\/01\/18\/porto-de-sao-sebastiao-e-sua-importancia-na-cadeia-logistica-portuaria-de-sao-paulo\/#breadcrumb","itemListElement":[{"@type":"ListItem","position":1,"name":"In\u00edcio","item":"https:\/\/www.institutodeengenharia.org.br\/site\/"},{"@type":"ListItem","position":2,"name":"Porto de S\u00e3o Sebasti\u00e3o e sua import\u00e2ncia na cadeia log\u00edstica portu\u00e1ria de S\u00e3o Paulo"}]},{"@type":"WebSite","@id":"https:\/\/www.institutodeengenharia.org.br\/site\/#website","url":"https:\/\/www.institutodeengenharia.org.br\/site\/","name":"Instituto de Engenharia","description":"O Instituto de Engenharia promove a Engenharia em benef\u00edcio do desenvolvimento e da qualidade de vida da sociedade.","publisher":{"@id":"https:\/\/www.institutodeengenharia.org.br\/site\/#organization"},"potentialAction":[{"@type":"SearchAction","target":{"@type":"EntryPoint","urlTemplate":"https:\/\/www.institutodeengenharia.org.br\/site\/?s={search_term_string}"},"query-input":{"@type":"PropertyValueSpecification","valueRequired":true,"valueName":"search_term_string"}}],"inLanguage":"pt-BR"},{"@type":"Organization","@id":"https:\/\/www.institutodeengenharia.org.br\/site\/#organization","name":"Instituto de Engenharia","url":"https:\/\/www.institutodeengenharia.org.br\/site\/","logo":{"@type":"ImageObject","inLanguage":"pt-BR","@id":"https:\/\/www.institutodeengenharia.org.br\/site\/#\/schema\/logo\/image\/","url":"https:\/\/www.institutodeengenharia.org.br\/site\/wp-content\/uploads\/2019\/03\/logo-novo-IE2018-1.jpg","contentUrl":"https:\/\/www.institutodeengenharia.org.br\/site\/wp-content\/uploads\/2019\/03\/logo-novo-IE2018-1.jpg","width":1486,"height":1879,"caption":"Instituto de Engenharia"},"image":{"@id":"https:\/\/www.institutodeengenharia.org.br\/site\/#\/schema\/logo\/image\/"},"sameAs":["https:\/\/www.facebook.com\/institutodeengenharia","https:\/\/x.com\/iengenharia","https:\/\/www.instagram.com\/institutodeengenharia\/","https:\/\/www.linkedin.com\/company\/instituto-de-engenharia\/","https:\/\/www.youtube.com\/channel\/UCXiCAlsSMe977vamW915HxA"]},{"@type":"Person","@id":"https:\/\/www.institutodeengenharia.org.br\/site\/#\/schema\/person\/aeb64951c405e100d26d30b033dd423f","name":"Bianca","image":{"@type":"ImageObject","inLanguage":"pt-BR","@id":"https:\/\/secure.gravatar.com\/avatar\/a6fbe9bff57405baf4c1e2c5c1811e072b558253974a9f9508f4678900c97c2a?s=96&d=mm&r=g","url":"https:\/\/secure.gravatar.com\/avatar\/a6fbe9bff57405baf4c1e2c5c1811e072b558253974a9f9508f4678900c97c2a?s=96&d=mm&r=g","contentUrl":"https:\/\/secure.gravatar.com\/avatar\/a6fbe9bff57405baf4c1e2c5c1811e072b558253974a9f9508f4678900c97c2a?s=96&d=mm&r=g","caption":"Bianca"},"url":"https:\/\/www.institutodeengenharia.org.br\/site\/author\/comunicacao1\/"}]}},"_links":{"self":[{"href":"https:\/\/www.institutodeengenharia.org.br\/site\/wp-json\/wp\/v2\/posts\/101789","targetHints":{"allow":["GET"]}}],"collection":[{"href":"https:\/\/www.institutodeengenharia.org.br\/site\/wp-json\/wp\/v2\/posts"}],"about":[{"href":"https:\/\/www.institutodeengenharia.org.br\/site\/wp-json\/wp\/v2\/types\/post"}],"author":[{"embeddable":true,"href":"https:\/\/www.institutodeengenharia.org.br\/site\/wp-json\/wp\/v2\/users\/13"}],"replies":[{"embeddable":true,"href":"https:\/\/www.institutodeengenharia.org.br\/site\/wp-json\/wp\/v2\/comments?post=101789"}],"version-history":[{"count":1,"href":"https:\/\/www.institutodeengenharia.org.br\/site\/wp-json\/wp\/v2\/posts\/101789\/revisions"}],"predecessor-version":[{"id":101790,"href":"https:\/\/www.institutodeengenharia.org.br\/site\/wp-json\/wp\/v2\/posts\/101789\/revisions\/101790"}],"wp:featuredmedia":[{"embeddable":true,"href":"https:\/\/www.institutodeengenharia.org.br\/site\/wp-json\/wp\/v2\/media\/95998"}],"wp:attachment":[{"href":"https:\/\/www.institutodeengenharia.org.br\/site\/wp-json\/wp\/v2\/media?parent=101789"}],"wp:term":[{"taxonomy":"category","embeddable":true,"href":"https:\/\/www.institutodeengenharia.org.br\/site\/wp-json\/wp\/v2\/categories?post=101789"},{"taxonomy":"post_tag","embeddable":true,"href":"https:\/\/www.institutodeengenharia.org.br\/site\/wp-json\/wp\/v2\/tags?post=101789"}],"curies":[{"name":"wp","href":"https:\/\/api.w.org\/{rel}","templated":true}]}}