{"id":101774,"date":"2023-01-16T17:01:58","date_gmt":"2023-01-16T20:01:58","guid":{"rendered":"https:\/\/www.institutodeengenharia.org.br\/site\/?p=101774"},"modified":"2023-01-18T11:02:58","modified_gmt":"2023-01-18T14:02:58","slug":"consideracoes-sobre-a-pl-3-081-22","status":"publish","type":"post","link":"https:\/\/www.institutodeengenharia.org.br\/site\/2023\/01\/16\/consideracoes-sobre-a-pl-3-081-22\/","title":{"rendered":"Por Miriana Marques &#8211; Considera\u00e7\u00f5es sobre a PL 3.081\/22"},"content":{"rendered":"<p>A sociedade brasileira corre o risco de ver eliminado seu quadro t\u00e9cnico profissional e respons\u00e1vel com a pretens\u00e3o de tramitar o Projeto de Lei (PL) 3.081\/22, que tem por finalidade desregulamentar algumas profiss\u00f5es e o motivo alegado \u00e9: profiss\u00f5es e atividades que n\u00e3o ofere\u00e7am risco \u00e0 seguran\u00e7a, \u00e0 sa\u00fade, \u00e0 ordem p\u00fablica, \u00e0 incolumidade individual e patrimonial.<\/p>\n<p>Causa espanto \u00e9: De onde partiu a ideia, que a profiss\u00e3o de engenheiro, n\u00e3o oferece risco a seguran\u00e7a e\/ou perigo individual e patrimonial? De qual engenharia ele est\u00e1 falando?<\/p>\n<p>De Pontes, Viadutos, Rodovias, Trilhos, Hidrovias, Dutovias, Saneamento, Aeronaves, Navios, Caminh\u00f5es, Carros, Trens, Submarinos, \u00d3leo e G\u00e1s, Minera\u00e7\u00e3o, Hidrel\u00e9tricas, Barragens, Agroneg\u00f3cio, Ultrassom, Resson\u00e2ncias, Telecomunica\u00e7\u00f5es, 5G, Inform\u00e1tica, Fontes Energ\u00e9ticas: Fotovoltaica, Solar, Bioenergia, e afins, Transmiss\u00e3o de Energia, Redes de Transmiss\u00e3o, enriquecimento de Ur\u00e2nio, Equipamentos Cir\u00fargicos, Biomedicina, Odontologia etc&#8230; etc.?<\/p>\n<p>Estudos da OCDE mostram que pa\u00edses desenvolvidos t\u00eam mais engenheiros. Enquanto no Brasil h\u00e1 seis engenheiros para cada 100 mil habitantes, no Jap\u00e3o e nos Estados Unidos s\u00e3o 25 a cada 100 mil.<\/p>\n<p>Desconhece o patrono da ideia de que a Engenharia \u00e9 vetor do desenvolvimento e sem sua participa\u00e7\u00e3o jamais iremos incrementar o IDH \u2013 \u00cdndice de Desenvolvimento Humano, pois prover infraestrutura n\u00e3o s\u00f3 op\u00e7\u00e3o financeira, nem pol\u00edtica, precisa de quem domina conhecimentos muito espec\u00edfico.<\/p>\n<p>Ser\u00e1 que n\u00f3s engenheiros, t\u00e9cnicos, l\u00edderes n\u00e3o estamos sabendo passar a import\u00e2ncia de nossa profiss\u00e3o?<\/p>\n<p>A regulamenta\u00e7\u00e3o de profiss\u00f5es \u00e9 importante para garantir o reconhecimento, direitos, e a valoriza\u00e7\u00e3o. Jamais reserva de mercado como induzido nessa PL.<\/p>\n<p>\u00c9 a profiss\u00e3o que atrav\u00e9s de sua forma\u00e7\u00e3o cientifica, destina-se \u00e0 concep\u00e7\u00e3o, aprimoramento e pr\u00e1tica de bens que sejam uteis a sociedade.<\/p>\n<p>Ao formarmos, juramos \u201c&#8230;Colocar o conhecimento cient\u00edfico voltado para o desenvolvimento e bem-estar da humanidade.\u00a0&#8230;\u201d<\/p>\n<p>Apesar de ser ainda um PL, que n\u00e3o poder\u00e1 ir para frente, n\u00e3o podemos achar \u201cnormal\u201d que algu\u00e9m pense que esta profiss\u00e3o que tanto faz para a sociedade, possa sequer tomar-se desregulamentada, pois n\u00e3o oferece risco \u00e0 seguran\u00e7a, \u00e0 sa\u00fade, \u00e0 ordem p\u00fablica, \u00e0 incolumidade individual e patrimonial.<\/p>\n<p>As a\u00e7\u00f5es como engenheiros est\u00e3o intrinsecamente ligadas ao bem-estar de uma sociedade, devemos nos posicionar, valorizando a profiss\u00e3o, informando a sociedade com clareza o quanto \u00e9 realizado atrav\u00e9s da engenharia.<\/p>\n<p>E em \u201cbenef\u00edcio do desenvolvimento e da qualidade de vida da sociedade\u201d, n\u00f3s engenheiros atuantes, devemos nos posicionar de forma \u00e9tica e t\u00e9cnica contra essa PL.<\/p>\n<p>________________________________________________________________________<\/p>\n<p><img loading=\"lazy\" decoding=\"async\" class=\"alignnone wp-image-97749\" src=\"https:\/\/www.institutodeengenharia.org.br\/site\/wp-content\/uploads\/2022\/09\/miriana.jpg\" alt=\"\" width=\"147\" height=\"192\" \/><\/p>\n<p><em><strong>Miriana Marques*<\/strong><\/em><\/p>\n<p>Formada em Engenharia Civil pela FAAP, foi professora universit\u00e1ria de Maci\u00e7os e Obras de Terras, Transportes e Mec\u00e2nica dos Solos na mesma faculdade. Com 20 anos de atua\u00e7\u00e3o profissional dedicados \u00e0 \u00e1rea de Avalia\u00e7\u00f5es e Per\u00edcias, referente a bens patrimoniais e a im\u00f3veis urbanos, comerciais, residenciais, rurais e industriais, \u00e9 respons\u00e1vel t\u00e9cnica pela \u00e1rea de Avalia\u00e7\u00f5es e Per\u00edcias da Marques &amp; Marques Engenharia. Assistente t\u00e9cnico do Metr\u00f4 e da Dersa e especialista em Avalia\u00e7\u00f5es e Per\u00edcias.<br \/>\nNo Instituto de Engenharia, \u00e9 Diretora da Diretoria de Programa\u00e7\u00e3o e Vice- Coordenadora da Divis\u00e3o T\u00e9cnica de Avalia\u00e7\u00f5es e Per\u00edcias, membro do Conselho Consultivo. Possui o pr\u00eamio de Melhor Trabalho T\u00e9cnico do Ano Analisando Temas Ligados ao Exerc\u00edcio da Profiss\u00e3o \u2013 \u201cVistoria Cautelar\u201d, \u201cIm\u00f3veis Tombados\u201d e \u201cCal\u00e7adas\u201d, entregues pela institui\u00e7\u00e3o.<\/p>\n","protected":false},"excerpt":{"rendered":"<p>A sociedade brasileira corre o risco de ver eliminado seu quadro t\u00e9cnico profissional e respons\u00e1vel com a pretens\u00e3o de tramitar o Projeto de Lei (PL) 3.081\/22, que tem por finalidade desregulamentar algumas profiss\u00f5es e o motivo alegado \u00e9: profiss\u00f5es e atividades que n\u00e3o ofere\u00e7am risco \u00e0 seguran\u00e7a, \u00e0 sa\u00fade, \u00e0 ordem p\u00fablica, \u00e0 incolumidade individual [&hellip;]<\/p>\n","protected":false},"author":13,"featured_media":101776,"comment_status":"open","ping_status":"open","sticky":false,"template":"","format":"standard","meta":{"footnotes":""},"categories":[11,99],"tags":[],"class_list":{"0":"post-101774","1":"post","2":"type-post","3":"status-publish","4":"format-standard","5":"has-post-thumbnail","7":"category-articulistas","8":"category-miriana-pereira-marques"},"yoast_head":"<!-- This site is optimized with the Yoast SEO plugin v27.2 - https:\/\/yoast.com\/product\/yoast-seo-wordpress\/ -->\n<title>Por Miriana Marques - Considera\u00e7\u00f5es sobre a PL 3.081\/22 - Instituto de Engenharia<\/title>\n<meta name=\"robots\" content=\"index, follow, max-snippet:-1, max-image-preview:large, max-video-preview:-1\" \/>\n<link rel=\"canonical\" href=\"https:\/\/www.institutodeengenharia.org.br\/site\/2023\/01\/16\/consideracoes-sobre-a-pl-3-081-22\/\" \/>\n<meta property=\"og:locale\" content=\"pt_BR\" \/>\n<meta property=\"og:type\" content=\"article\" \/>\n<meta property=\"og:title\" content=\"Por Miriana Marques - Considera\u00e7\u00f5es sobre a PL 3.081\/22 - Instituto de Engenharia\" \/>\n<meta property=\"og:description\" content=\"A sociedade brasileira corre o risco de ver eliminado seu quadro t\u00e9cnico profissional e respons\u00e1vel com a pretens\u00e3o de tramitar o Projeto de Lei (PL) 3.081\/22, que tem por finalidade desregulamentar algumas profiss\u00f5es e o motivo alegado \u00e9: profiss\u00f5es e atividades que n\u00e3o ofere\u00e7am risco \u00e0 seguran\u00e7a, \u00e0 sa\u00fade, \u00e0 ordem p\u00fablica, \u00e0 incolumidade individual [&hellip;]\" \/>\n<meta property=\"og:url\" content=\"https:\/\/www.institutodeengenharia.org.br\/site\/2023\/01\/16\/consideracoes-sobre-a-pl-3-081-22\/\" \/>\n<meta property=\"og:site_name\" content=\"Instituto de Engenharia\" \/>\n<meta property=\"article:publisher\" content=\"https:\/\/www.facebook.com\/institutodeengenharia\" \/>\n<meta property=\"article:published_time\" content=\"2023-01-16T20:01:58+00:00\" \/>\n<meta property=\"article:modified_time\" content=\"2023-01-18T14:02:58+00:00\" \/>\n<meta property=\"og:image\" content=\"https:\/\/www.institutodeengenharia.org.br\/site\/wp-content\/uploads\/2023\/01\/Consideracoes-sobre-a-PL-3.08122.jpg\" \/>\n\t<meta property=\"og:image:width\" content=\"1920\" \/>\n\t<meta property=\"og:image:height\" content=\"1080\" \/>\n\t<meta property=\"og:image:type\" content=\"image\/jpeg\" \/>\n<meta name=\"author\" content=\"Bianca\" \/>\n<meta name=\"twitter:card\" content=\"summary_large_image\" \/>\n<meta name=\"twitter:creator\" content=\"@iengenharia\" \/>\n<meta name=\"twitter:site\" content=\"@iengenharia\" \/>\n<meta name=\"twitter:label1\" content=\"Escrito por\" \/>\n\t<meta name=\"twitter:data1\" content=\"Bianca\" \/>\n\t<meta name=\"twitter:label2\" content=\"Est. tempo de leitura\" \/>\n\t<meta name=\"twitter:data2\" content=\"4 minutos\" \/>\n<script type=\"application\/ld+json\" class=\"yoast-schema-graph\">{\"@context\":\"https:\/\/schema.org\",\"@graph\":[{\"@type\":\"Article\",\"@id\":\"https:\/\/www.institutodeengenharia.org.br\/site\/2023\/01\/16\/consideracoes-sobre-a-pl-3-081-22\/#article\",\"isPartOf\":{\"@id\":\"https:\/\/www.institutodeengenharia.org.br\/site\/2023\/01\/16\/consideracoes-sobre-a-pl-3-081-22\/\"},\"author\":{\"name\":\"Bianca\",\"@id\":\"https:\/\/www.institutodeengenharia.org.br\/site\/#\/schema\/person\/aeb64951c405e100d26d30b033dd423f\"},\"headline\":\"Por Miriana Marques &#8211; Considera\u00e7\u00f5es sobre a PL 3.081\/22\",\"datePublished\":\"2023-01-16T20:01:58+00:00\",\"dateModified\":\"2023-01-18T14:02:58+00:00\",\"mainEntityOfPage\":{\"@id\":\"https:\/\/www.institutodeengenharia.org.br\/site\/2023\/01\/16\/consideracoes-sobre-a-pl-3-081-22\/\"},\"wordCount\":592,\"commentCount\":0,\"publisher\":{\"@id\":\"https:\/\/www.institutodeengenharia.org.br\/site\/#organization\"},\"image\":{\"@id\":\"https:\/\/www.institutodeengenharia.org.br\/site\/2023\/01\/16\/consideracoes-sobre-a-pl-3-081-22\/#primaryimage\"},\"thumbnailUrl\":\"https:\/\/www.institutodeengenharia.org.br\/site\/wp-content\/uploads\/2023\/01\/Consideracoes-sobre-a-PL-3.08122.jpg\",\"articleSection\":[\"Articulistas\",\"Miriana Pereira Marques\"],\"inLanguage\":\"pt-BR\",\"potentialAction\":[{\"@type\":\"CommentAction\",\"name\":\"Comment\",\"target\":[\"https:\/\/www.institutodeengenharia.org.br\/site\/2023\/01\/16\/consideracoes-sobre-a-pl-3-081-22\/#respond\"]}]},{\"@type\":\"WebPage\",\"@id\":\"https:\/\/www.institutodeengenharia.org.br\/site\/2023\/01\/16\/consideracoes-sobre-a-pl-3-081-22\/\",\"url\":\"https:\/\/www.institutodeengenharia.org.br\/site\/2023\/01\/16\/consideracoes-sobre-a-pl-3-081-22\/\",\"name\":\"Por Miriana Marques - Considera\u00e7\u00f5es sobre a PL 3.081\/22 - Instituto de Engenharia\",\"isPartOf\":{\"@id\":\"https:\/\/www.institutodeengenharia.org.br\/site\/#website\"},\"primaryImageOfPage\":{\"@id\":\"https:\/\/www.institutodeengenharia.org.br\/site\/2023\/01\/16\/consideracoes-sobre-a-pl-3-081-22\/#primaryimage\"},\"image\":{\"@id\":\"https:\/\/www.institutodeengenharia.org.br\/site\/2023\/01\/16\/consideracoes-sobre-a-pl-3-081-22\/#primaryimage\"},\"thumbnailUrl\":\"https:\/\/www.institutodeengenharia.org.br\/site\/wp-content\/uploads\/2023\/01\/Consideracoes-sobre-a-PL-3.08122.jpg\",\"datePublished\":\"2023-01-16T20:01:58+00:00\",\"dateModified\":\"2023-01-18T14:02:58+00:00\",\"breadcrumb\":{\"@id\":\"https:\/\/www.institutodeengenharia.org.br\/site\/2023\/01\/16\/consideracoes-sobre-a-pl-3-081-22\/#breadcrumb\"},\"inLanguage\":\"pt-BR\",\"potentialAction\":[{\"@type\":\"ReadAction\",\"target\":[\"https:\/\/www.institutodeengenharia.org.br\/site\/2023\/01\/16\/consideracoes-sobre-a-pl-3-081-22\/\"]}]},{\"@type\":\"ImageObject\",\"inLanguage\":\"pt-BR\",\"@id\":\"https:\/\/www.institutodeengenharia.org.br\/site\/2023\/01\/16\/consideracoes-sobre-a-pl-3-081-22\/#primaryimage\",\"url\":\"https:\/\/www.institutodeengenharia.org.br\/site\/wp-content\/uploads\/2023\/01\/Consideracoes-sobre-a-PL-3.08122.jpg\",\"contentUrl\":\"https:\/\/www.institutodeengenharia.org.br\/site\/wp-content\/uploads\/2023\/01\/Consideracoes-sobre-a-PL-3.08122.jpg\",\"width\":1920,\"height\":1080},{\"@type\":\"BreadcrumbList\",\"@id\":\"https:\/\/www.institutodeengenharia.org.br\/site\/2023\/01\/16\/consideracoes-sobre-a-pl-3-081-22\/#breadcrumb\",\"itemListElement\":[{\"@type\":\"ListItem\",\"position\":1,\"name\":\"In\u00edcio\",\"item\":\"https:\/\/www.institutodeengenharia.org.br\/site\/\"},{\"@type\":\"ListItem\",\"position\":2,\"name\":\"Por Miriana Marques &#8211; Considera\u00e7\u00f5es sobre a PL 3.081\/22\"}]},{\"@type\":\"WebSite\",\"@id\":\"https:\/\/www.institutodeengenharia.org.br\/site\/#website\",\"url\":\"https:\/\/www.institutodeengenharia.org.br\/site\/\",\"name\":\"Instituto de Engenharia\",\"description\":\"O Instituto de Engenharia promove a Engenharia em benef\u00edcio do desenvolvimento e da qualidade de vida da sociedade.\",\"publisher\":{\"@id\":\"https:\/\/www.institutodeengenharia.org.br\/site\/#organization\"},\"potentialAction\":[{\"@type\":\"SearchAction\",\"target\":{\"@type\":\"EntryPoint\",\"urlTemplate\":\"https:\/\/www.institutodeengenharia.org.br\/site\/?s={search_term_string}\"},\"query-input\":{\"@type\":\"PropertyValueSpecification\",\"valueRequired\":true,\"valueName\":\"search_term_string\"}}],\"inLanguage\":\"pt-BR\"},{\"@type\":\"Organization\",\"@id\":\"https:\/\/www.institutodeengenharia.org.br\/site\/#organization\",\"name\":\"Instituto de Engenharia\",\"url\":\"https:\/\/www.institutodeengenharia.org.br\/site\/\",\"logo\":{\"@type\":\"ImageObject\",\"inLanguage\":\"pt-BR\",\"@id\":\"https:\/\/www.institutodeengenharia.org.br\/site\/#\/schema\/logo\/image\/\",\"url\":\"https:\/\/www.institutodeengenharia.org.br\/site\/wp-content\/uploads\/2019\/03\/logo-novo-IE2018-1.jpg\",\"contentUrl\":\"https:\/\/www.institutodeengenharia.org.br\/site\/wp-content\/uploads\/2019\/03\/logo-novo-IE2018-1.jpg\",\"width\":1486,\"height\":1879,\"caption\":\"Instituto de Engenharia\"},\"image\":{\"@id\":\"https:\/\/www.institutodeengenharia.org.br\/site\/#\/schema\/logo\/image\/\"},\"sameAs\":[\"https:\/\/www.facebook.com\/institutodeengenharia\",\"https:\/\/x.com\/iengenharia\",\"https:\/\/www.instagram.com\/institutodeengenharia\/\",\"https:\/\/www.linkedin.com\/company\/instituto-de-engenharia\/\",\"https:\/\/www.youtube.com\/channel\/UCXiCAlsSMe977vamW915HxA\"]},{\"@type\":\"Person\",\"@id\":\"https:\/\/www.institutodeengenharia.org.br\/site\/#\/schema\/person\/aeb64951c405e100d26d30b033dd423f\",\"name\":\"Bianca\",\"image\":{\"@type\":\"ImageObject\",\"inLanguage\":\"pt-BR\",\"@id\":\"https:\/\/secure.gravatar.com\/avatar\/a6fbe9bff57405baf4c1e2c5c1811e072b558253974a9f9508f4678900c97c2a?s=96&d=mm&r=g\",\"url\":\"https:\/\/secure.gravatar.com\/avatar\/a6fbe9bff57405baf4c1e2c5c1811e072b558253974a9f9508f4678900c97c2a?s=96&d=mm&r=g\",\"contentUrl\":\"https:\/\/secure.gravatar.com\/avatar\/a6fbe9bff57405baf4c1e2c5c1811e072b558253974a9f9508f4678900c97c2a?s=96&d=mm&r=g\",\"caption\":\"Bianca\"},\"url\":\"https:\/\/www.institutodeengenharia.org.br\/site\/author\/comunicacao1\/\"}]}<\/script>\n<!-- \/ Yoast SEO plugin. -->","yoast_head_json":{"title":"Por Miriana Marques - Considera\u00e7\u00f5es sobre a PL 3.081\/22 - Instituto de Engenharia","robots":{"index":"index","follow":"follow","max-snippet":"max-snippet:-1","max-image-preview":"max-image-preview:large","max-video-preview":"max-video-preview:-1"},"canonical":"https:\/\/www.institutodeengenharia.org.br\/site\/2023\/01\/16\/consideracoes-sobre-a-pl-3-081-22\/","og_locale":"pt_BR","og_type":"article","og_title":"Por Miriana Marques - Considera\u00e7\u00f5es sobre a PL 3.081\/22 - Instituto de Engenharia","og_description":"A sociedade brasileira corre o risco de ver eliminado seu quadro t\u00e9cnico profissional e respons\u00e1vel com a pretens\u00e3o de tramitar o Projeto de Lei (PL) 3.081\/22, que tem por finalidade desregulamentar algumas profiss\u00f5es e o motivo alegado \u00e9: profiss\u00f5es e atividades que n\u00e3o ofere\u00e7am risco \u00e0 seguran\u00e7a, \u00e0 sa\u00fade, \u00e0 ordem p\u00fablica, \u00e0 incolumidade individual [&hellip;]","og_url":"https:\/\/www.institutodeengenharia.org.br\/site\/2023\/01\/16\/consideracoes-sobre-a-pl-3-081-22\/","og_site_name":"Instituto de Engenharia","article_publisher":"https:\/\/www.facebook.com\/institutodeengenharia","article_published_time":"2023-01-16T20:01:58+00:00","article_modified_time":"2023-01-18T14:02:58+00:00","og_image":[{"width":1920,"height":1080,"url":"https:\/\/www.institutodeengenharia.org.br\/site\/wp-content\/uploads\/2023\/01\/Consideracoes-sobre-a-PL-3.08122.jpg","type":"image\/jpeg"}],"author":"Bianca","twitter_card":"summary_large_image","twitter_creator":"@iengenharia","twitter_site":"@iengenharia","twitter_misc":{"Escrito por":"Bianca","Est. tempo de leitura":"4 minutos"},"schema":{"@context":"https:\/\/schema.org","@graph":[{"@type":"Article","@id":"https:\/\/www.institutodeengenharia.org.br\/site\/2023\/01\/16\/consideracoes-sobre-a-pl-3-081-22\/#article","isPartOf":{"@id":"https:\/\/www.institutodeengenharia.org.br\/site\/2023\/01\/16\/consideracoes-sobre-a-pl-3-081-22\/"},"author":{"name":"Bianca","@id":"https:\/\/www.institutodeengenharia.org.br\/site\/#\/schema\/person\/aeb64951c405e100d26d30b033dd423f"},"headline":"Por Miriana Marques &#8211; Considera\u00e7\u00f5es sobre a PL 3.081\/22","datePublished":"2023-01-16T20:01:58+00:00","dateModified":"2023-01-18T14:02:58+00:00","mainEntityOfPage":{"@id":"https:\/\/www.institutodeengenharia.org.br\/site\/2023\/01\/16\/consideracoes-sobre-a-pl-3-081-22\/"},"wordCount":592,"commentCount":0,"publisher":{"@id":"https:\/\/www.institutodeengenharia.org.br\/site\/#organization"},"image":{"@id":"https:\/\/www.institutodeengenharia.org.br\/site\/2023\/01\/16\/consideracoes-sobre-a-pl-3-081-22\/#primaryimage"},"thumbnailUrl":"https:\/\/www.institutodeengenharia.org.br\/site\/wp-content\/uploads\/2023\/01\/Consideracoes-sobre-a-PL-3.08122.jpg","articleSection":["Articulistas","Miriana Pereira Marques"],"inLanguage":"pt-BR","potentialAction":[{"@type":"CommentAction","name":"Comment","target":["https:\/\/www.institutodeengenharia.org.br\/site\/2023\/01\/16\/consideracoes-sobre-a-pl-3-081-22\/#respond"]}]},{"@type":"WebPage","@id":"https:\/\/www.institutodeengenharia.org.br\/site\/2023\/01\/16\/consideracoes-sobre-a-pl-3-081-22\/","url":"https:\/\/www.institutodeengenharia.org.br\/site\/2023\/01\/16\/consideracoes-sobre-a-pl-3-081-22\/","name":"Por Miriana Marques - Considera\u00e7\u00f5es sobre a PL 3.081\/22 - Instituto de Engenharia","isPartOf":{"@id":"https:\/\/www.institutodeengenharia.org.br\/site\/#website"},"primaryImageOfPage":{"@id":"https:\/\/www.institutodeengenharia.org.br\/site\/2023\/01\/16\/consideracoes-sobre-a-pl-3-081-22\/#primaryimage"},"image":{"@id":"https:\/\/www.institutodeengenharia.org.br\/site\/2023\/01\/16\/consideracoes-sobre-a-pl-3-081-22\/#primaryimage"},"thumbnailUrl":"https:\/\/www.institutodeengenharia.org.br\/site\/wp-content\/uploads\/2023\/01\/Consideracoes-sobre-a-PL-3.08122.jpg","datePublished":"2023-01-16T20:01:58+00:00","dateModified":"2023-01-18T14:02:58+00:00","breadcrumb":{"@id":"https:\/\/www.institutodeengenharia.org.br\/site\/2023\/01\/16\/consideracoes-sobre-a-pl-3-081-22\/#breadcrumb"},"inLanguage":"pt-BR","potentialAction":[{"@type":"ReadAction","target":["https:\/\/www.institutodeengenharia.org.br\/site\/2023\/01\/16\/consideracoes-sobre-a-pl-3-081-22\/"]}]},{"@type":"ImageObject","inLanguage":"pt-BR","@id":"https:\/\/www.institutodeengenharia.org.br\/site\/2023\/01\/16\/consideracoes-sobre-a-pl-3-081-22\/#primaryimage","url":"https:\/\/www.institutodeengenharia.org.br\/site\/wp-content\/uploads\/2023\/01\/Consideracoes-sobre-a-PL-3.08122.jpg","contentUrl":"https:\/\/www.institutodeengenharia.org.br\/site\/wp-content\/uploads\/2023\/01\/Consideracoes-sobre-a-PL-3.08122.jpg","width":1920,"height":1080},{"@type":"BreadcrumbList","@id":"https:\/\/www.institutodeengenharia.org.br\/site\/2023\/01\/16\/consideracoes-sobre-a-pl-3-081-22\/#breadcrumb","itemListElement":[{"@type":"ListItem","position":1,"name":"In\u00edcio","item":"https:\/\/www.institutodeengenharia.org.br\/site\/"},{"@type":"ListItem","position":2,"name":"Por Miriana Marques &#8211; Considera\u00e7\u00f5es sobre a PL 3.081\/22"}]},{"@type":"WebSite","@id":"https:\/\/www.institutodeengenharia.org.br\/site\/#website","url":"https:\/\/www.institutodeengenharia.org.br\/site\/","name":"Instituto de Engenharia","description":"O Instituto de Engenharia promove a Engenharia em benef\u00edcio do desenvolvimento e da qualidade de vida da sociedade.","publisher":{"@id":"https:\/\/www.institutodeengenharia.org.br\/site\/#organization"},"potentialAction":[{"@type":"SearchAction","target":{"@type":"EntryPoint","urlTemplate":"https:\/\/www.institutodeengenharia.org.br\/site\/?s={search_term_string}"},"query-input":{"@type":"PropertyValueSpecification","valueRequired":true,"valueName":"search_term_string"}}],"inLanguage":"pt-BR"},{"@type":"Organization","@id":"https:\/\/www.institutodeengenharia.org.br\/site\/#organization","name":"Instituto de Engenharia","url":"https:\/\/www.institutodeengenharia.org.br\/site\/","logo":{"@type":"ImageObject","inLanguage":"pt-BR","@id":"https:\/\/www.institutodeengenharia.org.br\/site\/#\/schema\/logo\/image\/","url":"https:\/\/www.institutodeengenharia.org.br\/site\/wp-content\/uploads\/2019\/03\/logo-novo-IE2018-1.jpg","contentUrl":"https:\/\/www.institutodeengenharia.org.br\/site\/wp-content\/uploads\/2019\/03\/logo-novo-IE2018-1.jpg","width":1486,"height":1879,"caption":"Instituto de Engenharia"},"image":{"@id":"https:\/\/www.institutodeengenharia.org.br\/site\/#\/schema\/logo\/image\/"},"sameAs":["https:\/\/www.facebook.com\/institutodeengenharia","https:\/\/x.com\/iengenharia","https:\/\/www.instagram.com\/institutodeengenharia\/","https:\/\/www.linkedin.com\/company\/instituto-de-engenharia\/","https:\/\/www.youtube.com\/channel\/UCXiCAlsSMe977vamW915HxA"]},{"@type":"Person","@id":"https:\/\/www.institutodeengenharia.org.br\/site\/#\/schema\/person\/aeb64951c405e100d26d30b033dd423f","name":"Bianca","image":{"@type":"ImageObject","inLanguage":"pt-BR","@id":"https:\/\/secure.gravatar.com\/avatar\/a6fbe9bff57405baf4c1e2c5c1811e072b558253974a9f9508f4678900c97c2a?s=96&d=mm&r=g","url":"https:\/\/secure.gravatar.com\/avatar\/a6fbe9bff57405baf4c1e2c5c1811e072b558253974a9f9508f4678900c97c2a?s=96&d=mm&r=g","contentUrl":"https:\/\/secure.gravatar.com\/avatar\/a6fbe9bff57405baf4c1e2c5c1811e072b558253974a9f9508f4678900c97c2a?s=96&d=mm&r=g","caption":"Bianca"},"url":"https:\/\/www.institutodeengenharia.org.br\/site\/author\/comunicacao1\/"}]}},"_links":{"self":[{"href":"https:\/\/www.institutodeengenharia.org.br\/site\/wp-json\/wp\/v2\/posts\/101774","targetHints":{"allow":["GET"]}}],"collection":[{"href":"https:\/\/www.institutodeengenharia.org.br\/site\/wp-json\/wp\/v2\/posts"}],"about":[{"href":"https:\/\/www.institutodeengenharia.org.br\/site\/wp-json\/wp\/v2\/types\/post"}],"author":[{"embeddable":true,"href":"https:\/\/www.institutodeengenharia.org.br\/site\/wp-json\/wp\/v2\/users\/13"}],"replies":[{"embeddable":true,"href":"https:\/\/www.institutodeengenharia.org.br\/site\/wp-json\/wp\/v2\/comments?post=101774"}],"version-history":[{"count":2,"href":"https:\/\/www.institutodeengenharia.org.br\/site\/wp-json\/wp\/v2\/posts\/101774\/revisions"}],"predecessor-version":[{"id":101814,"href":"https:\/\/www.institutodeengenharia.org.br\/site\/wp-json\/wp\/v2\/posts\/101774\/revisions\/101814"}],"wp:featuredmedia":[{"embeddable":true,"href":"https:\/\/www.institutodeengenharia.org.br\/site\/wp-json\/wp\/v2\/media\/101776"}],"wp:attachment":[{"href":"https:\/\/www.institutodeengenharia.org.br\/site\/wp-json\/wp\/v2\/media?parent=101774"}],"wp:term":[{"taxonomy":"category","embeddable":true,"href":"https:\/\/www.institutodeengenharia.org.br\/site\/wp-json\/wp\/v2\/categories?post=101774"},{"taxonomy":"post_tag","embeddable":true,"href":"https:\/\/www.institutodeengenharia.org.br\/site\/wp-json\/wp\/v2\/tags?post=101774"}],"curies":[{"name":"wp","href":"https:\/\/api.w.org\/{rel}","templated":true}]}}