{"id":101759,"date":"2023-01-12T13:57:15","date_gmt":"2023-01-12T16:57:15","guid":{"rendered":"https:\/\/www.institutodeengenharia.org.br\/site\/?p=101759"},"modified":"2023-01-12T13:57:15","modified_gmt":"2023-01-12T16:57:15","slug":"engenheiros-estao-em-falta-nos-estados-unidos-e-voce-pode-ajudar-green-card-profisssao","status":"publish","type":"post","link":"https:\/\/www.institutodeengenharia.org.br\/site\/2023\/01\/12\/engenheiros-estao-em-falta-nos-estados-unidos-e-voce-pode-ajudar-green-card-profisssao\/","title":{"rendered":"Engenheiros est\u00e3o em falta nos Estados Unidos e voc\u00ea pode ajudar! Green Card &#038; profisss\u00e3o"},"content":{"rendered":"<p><strong>Assista abaixo \u00e0 grava\u00e7\u00e3o do evento:<\/strong><\/p>\n<div style=\"padding: 56.25% 0 0 0; position: relative;\"><iframe style=\"position: absolute; top: 0; left: 0; width: 100%; height: 100%;\" title=\"Engenheiros est&amp;atilde;o em falta nos Estados Unidos e voc&amp;ecirc; pode ajudar! Green Card &amp;amp; Profiss&amp;atilde;o\" src=\"https:\/\/player.vimeo.com\/video\/788621323?h=bc3381d0b7&amp;badge=0&amp;autopause=0&amp;player_id=0&amp;app_id=58479\" frameborder=\"0\" allowfullscreen=\"allowfullscreen\"><\/iframe><\/div>\n<p><script src=\"https:\/\/player.vimeo.com\/api\/player.js\"><\/script><strong>+ Informa\u00e7\u00f5es:<\/strong><\/p>\n<p>Entenda como sua carreira e qualifica\u00e7\u00e3o profissional podem te ajudar a obter um green card e morar legalmente nos Estados Unidos.<\/p>\n<p><strong>P\u00fablico-alvo:<\/strong><\/p>\n<p>Engenheiros, arquitetos e profissionais da \u00e1rea em geral.<\/p>\n<p><strong>Palestrantes:<\/strong><\/p>\n<p>Eduardo Gald\u00e3o<\/p>\n<p>Flavio Braga<\/p>\n<p>Renata Albuquerque<\/p>\n<p><strong>Modera\u00e7\u00e3o:<\/strong><\/p>\n<p>Eng. Elcio Kazuaki Niwa<\/p>\n<p>Eng.\u00aa Fl\u00e1via Bartkevicius Cruz<\/p>\n<p>Eng. Jo\u00e3o Vitor Oba<\/p>\n<p><strong>Programa\u00e7\u00e3o:<\/strong><\/p>\n<ul>\n<li><em>9h30<\/em>\u00a0\u2013 Abertura do Evento.<\/li>\n<li><em>9h45 \u2013\u00a0<\/em>In\u00edcio da Palestra:<\/li>\n<\/ul>\n<p>\u2013 O que representa um Green Card no campo profissional e pessoal;<\/p>\n<p>\u2013 Caracter\u00edsticas do mercado americano e o porqu\u00ea os EUA buscam Engenheiros imigrantes;<\/p>\n<p>\u2013 Formas de revalida\u00e7\u00e3o do diploma e principalmente as oportunidades atuais para obten\u00e7\u00e3o do Green Card;<\/p>\n<p>\u2013 Casos de Sucesso.<\/p>\n<p>\u2022\u00a0<em>11h<\/em>\u00a0\u2013 Rodada Aberta: Abertura do espa\u00e7o para perguntas de profissionais para nossos palestrantes.<\/p>\n<p>\u2022\u00a0<em>11h30<\/em>\u00a0\u2013 Abertura de espa\u00e7o para entrevista individuais e gratuita para os convidados do evento visando an\u00e1lise da elegibilidade de cada um para obten\u00e7\u00e3o do Green Card atrav\u00e9s do seu curr\u00edculo.<\/p>\n<p><strong>Realiza\u00e7\u00e3o:<\/strong><\/p>\n<p><img loading=\"lazy\" decoding=\"async\" class=\"alignnone wp-image-81229 alignleft td-animation-stack-type0-2\" src=\"https:\/\/www.institutodeengenharia.org.br\/site\/wp-content\/uploads\/2021\/05\/ie-logo-escudo.jpeg\" alt=\"\" width=\"105\" height=\"133\" srcset=\"https:\/\/www.institutodeengenharia.org.br\/site\/wp-content\/uploads\/2021\/05\/ie-logo-escudo.jpeg 1012w, https:\/\/www.institutodeengenharia.org.br\/site\/wp-content\/uploads\/2021\/05\/ie-logo-escudo-237x300.jpeg 237w, https:\/\/www.institutodeengenharia.org.br\/site\/wp-content\/uploads\/2021\/05\/ie-logo-escudo-810x1024.jpeg 810w, https:\/\/www.institutodeengenharia.org.br\/site\/wp-content\/uploads\/2021\/05\/ie-logo-escudo-768x971.jpeg 768w, https:\/\/www.institutodeengenharia.org.br\/site\/wp-content\/uploads\/2021\/05\/ie-logo-escudo-696x880.jpeg 696w, https:\/\/www.institutodeengenharia.org.br\/site\/wp-content\/uploads\/2021\/05\/ie-logo-escudo-332x420.jpeg 332w, https:\/\/www.institutodeengenharia.org.br\/site\/wp-content\/uploads\/2021\/05\/ie-logo-escudo-600x759.jpeg 600w\" sizes=\"auto, (max-width: 105px) 100vw, 105px\" \/><\/p>\n<p><strong>Eng. Ivan Metran Whately<\/strong>\u00a0\u2013 Vice-Presidente de Atividades T\u00e9cnicas<\/p>\n<p><strong>Eng.\u00aa Miriana Marques<\/strong>\u00a0\u2013 Diretora de Opera\u00e7\u00f5es<\/p>\n<p><strong>Eng. Elcio Kazuaki Niwa<\/strong>\u00a0\u2013 Vice-Diretor de Opera\u00e7\u00f5es<\/p>\n<p><strong>Eng.\u00aa Fl\u00e1via Bartkevicius Cruz<\/strong>\u00a0\u2013 Vice-Presidente de Assuntos Internos<\/p>\n<p><strong>Eng.\u00aa D\u00e9bora Sanches de A. Marinello<\/strong>\u00a0\u2013 Diretora do Departamento de Desenvolvimento de Gest\u00e3o e Objetivos<\/p>\n<p><strong>Eng. Rog\u00e9rio Carvalho Ribeiro<\/strong>\u00a0\u2013 Coordenador da Divis\u00e3o T\u00e9cnica de Planejamento e Engenharia Econ\u00f4mica<\/p>\n<p><strong>Eng. Jo\u00e3o Vitor Oba<\/strong>\u00a0\u2013 Vice-Coordenador da Divis\u00e3o T\u00e9cnica de Planejamento e Engenharia Econ\u00f4mica<\/p>\n<p><strong>Apoio Institucional:<\/strong><\/p>\n<p><img loading=\"lazy\" decoding=\"async\" class=\"alignnone wp-image-77696 td-animation-stack-type0-2\" src=\"https:\/\/www.institutodeengenharia.org.br\/site\/wp-content\/uploads\/2021\/02\/crea.jpg\" alt=\"\" width=\"140\" height=\"98\" srcset=\"https:\/\/www.institutodeengenharia.org.br\/site\/wp-content\/uploads\/2021\/02\/crea.jpg 448w, https:\/\/www.institutodeengenharia.org.br\/site\/wp-content\/uploads\/2021\/02\/crea-300x211.jpg 300w, https:\/\/www.institutodeengenharia.org.br\/site\/wp-content\/uploads\/2021\/02\/crea-100x70.jpg 100w\" sizes=\"auto, (max-width: 140px) 100vw, 140px\" \/><\/p>\n<p><strong>Apoio \u00e0 forma\u00e7\u00e3o:\u00a0<\/strong><\/p>\n<p>Espa\u00e7o aberto ao CREA-SP, objetivando o aperfei\u00e7oamento dos profissionais e o aprimoramento da fiscaliza\u00e7\u00e3o das \u00e1reas abrangidas pelo Sistema Confea\/CREAs, al\u00e9m de promover a conscientiza\u00e7\u00e3o da sociedade quanto \u00e0 necessidade e obrigatoriedade de contratar um profissional devidamente habilitado.<\/p>\n","protected":false},"excerpt":{"rendered":"<p>Assista abaixo \u00e0 grava\u00e7\u00e3o do evento: + Informa\u00e7\u00f5es: Entenda como sua carreira e qualifica\u00e7\u00e3o profissional podem te ajudar a obter um green card e morar legalmente nos Estados Unidos. P\u00fablico-alvo: Engenheiros, arquitetos e profissionais da \u00e1rea em geral. Palestrantes: Eduardo Gald\u00e3o Flavio Braga Renata Albuquerque Modera\u00e7\u00e3o: Eng. Elcio Kazuaki Niwa Eng.\u00aa Fl\u00e1via Bartkevicius Cruz Eng. [&hellip;]<\/p>\n","protected":false},"author":13,"featured_media":100618,"comment_status":"open","ping_status":"open","sticky":false,"template":"","format":"video","meta":{"footnotes":""},"categories":[968,969],"tags":[1176],"class_list":{"0":"post-101759","1":"post","2":"type-post","3":"status-publish","4":"format-video","5":"has-post-thumbnail","7":"category-nova-tv-engenharia","8":"category-palestra","9":"tag-video-home","10":"post_format-post-format-video"},"yoast_head":"<!-- This site is optimized with the Yoast SEO plugin v27.2 - https:\/\/yoast.com\/product\/yoast-seo-wordpress\/ -->\n<title>Engenheiros est\u00e3o em falta nos Estados Unidos e voc\u00ea pode ajudar! Green Card &amp; profisss\u00e3o - Instituto de Engenharia<\/title>\n<meta name=\"robots\" content=\"index, follow, max-snippet:-1, max-image-preview:large, max-video-preview:-1\" \/>\n<link rel=\"canonical\" href=\"https:\/\/www.institutodeengenharia.org.br\/site\/2023\/01\/12\/engenheiros-estao-em-falta-nos-estados-unidos-e-voce-pode-ajudar-green-card-profisssao\/\" \/>\n<meta property=\"og:locale\" content=\"pt_BR\" \/>\n<meta property=\"og:type\" content=\"article\" \/>\n<meta property=\"og:title\" content=\"Engenheiros est\u00e3o em falta nos Estados Unidos e voc\u00ea pode ajudar! Green Card &amp; profisss\u00e3o\" \/>\n<meta property=\"og:description\" content=\"Entenda como sua carreira e qualifica\u00e7\u00e3o profissional podem te ajudar a obter um green card e morar legalmente nos Estados Unidos.\" \/>\n<meta property=\"og:url\" content=\"https:\/\/www.institutodeengenharia.org.br\/site\/2023\/01\/12\/engenheiros-estao-em-falta-nos-estados-unidos-e-voce-pode-ajudar-green-card-profisssao\/\" \/>\n<meta property=\"og:site_name\" content=\"Instituto de Engenharia\" \/>\n<meta property=\"article:publisher\" content=\"https:\/\/www.facebook.com\/institutodeengenharia\" \/>\n<meta property=\"article:published_time\" content=\"2023-01-12T16:57:15+00:00\" \/>\n<meta property=\"og:image\" content=\"https:\/\/www.institutodeengenharia.org.br\/site\/wp-content\/uploads\/2022\/11\/Design-sem-nome-2022-11-21T115923.389.webp\" \/>\n\t<meta property=\"og:image:width\" content=\"1000\" \/>\n\t<meta property=\"og:image:height\" content=\"563\" \/>\n\t<meta property=\"og:image:type\" content=\"image\/webp\" \/>\n<meta name=\"author\" content=\"Bianca\" \/>\n<meta name=\"twitter:card\" content=\"summary_large_image\" \/>\n<meta name=\"twitter:title\" content=\"Engenheiros est\u00e3o em falta nos Estados Unidos e voc\u00ea pode ajudar! Green Card &amp; profisss\u00e3o\" \/>\n<meta name=\"twitter:description\" content=\"Entenda como sua carreira e qualifica\u00e7\u00e3o profissional podem te ajudar a obter um green card e morar legalmente nos Estados Unidos.\" \/>\n<meta name=\"twitter:image\" content=\"https:\/\/www.institutodeengenharia.org.br\/site\/wp-content\/uploads\/2022\/11\/Design-sem-nome-2022-11-21T115923.389.webp\" \/>\n<meta name=\"twitter:creator\" content=\"@iengenharia\" \/>\n<meta name=\"twitter:site\" content=\"@iengenharia\" \/>\n<meta name=\"twitter:label1\" content=\"Escrito por\" \/>\n\t<meta name=\"twitter:data1\" content=\"Bianca\" \/>\n\t<meta name=\"twitter:label2\" content=\"Est. tempo de leitura\" \/>\n\t<meta name=\"twitter:data2\" content=\"2 minutos\" \/>\n<script type=\"application\/ld+json\" class=\"yoast-schema-graph\">{\"@context\":\"https:\/\/schema.org\",\"@graph\":[{\"@type\":\"Article\",\"@id\":\"https:\/\/www.institutodeengenharia.org.br\/site\/2023\/01\/12\/engenheiros-estao-em-falta-nos-estados-unidos-e-voce-pode-ajudar-green-card-profisssao\/#article\",\"isPartOf\":{\"@id\":\"https:\/\/www.institutodeengenharia.org.br\/site\/2023\/01\/12\/engenheiros-estao-em-falta-nos-estados-unidos-e-voce-pode-ajudar-green-card-profisssao\/\"},\"author\":{\"name\":\"Bianca\",\"@id\":\"https:\/\/www.institutodeengenharia.org.br\/site\/#\/schema\/person\/aeb64951c405e100d26d30b033dd423f\"},\"headline\":\"Engenheiros est\u00e3o em falta nos Estados Unidos e voc\u00ea pode ajudar! Green Card &#038; profisss\u00e3o\",\"datePublished\":\"2023-01-12T16:57:15+00:00\",\"mainEntityOfPage\":{\"@id\":\"https:\/\/www.institutodeengenharia.org.br\/site\/2023\/01\/12\/engenheiros-estao-em-falta-nos-estados-unidos-e-voce-pode-ajudar-green-card-profisssao\/\"},\"wordCount\":318,\"commentCount\":0,\"publisher\":{\"@id\":\"https:\/\/www.institutodeengenharia.org.br\/site\/#organization\"},\"image\":{\"@id\":\"https:\/\/www.institutodeengenharia.org.br\/site\/2023\/01\/12\/engenheiros-estao-em-falta-nos-estados-unidos-e-voce-pode-ajudar-green-card-profisssao\/#primaryimage\"},\"thumbnailUrl\":\"https:\/\/www.institutodeengenharia.org.br\/site\/wp-content\/uploads\/2022\/11\/Design-sem-nome-2022-11-21T115923.389.webp\",\"keywords\":[\"video-home\"],\"articleSection\":[\"Nova TV Engenharia\",\"Palestra\"],\"inLanguage\":\"pt-BR\",\"potentialAction\":[{\"@type\":\"CommentAction\",\"name\":\"Comment\",\"target\":[\"https:\/\/www.institutodeengenharia.org.br\/site\/2023\/01\/12\/engenheiros-estao-em-falta-nos-estados-unidos-e-voce-pode-ajudar-green-card-profisssao\/#respond\"]}]},{\"@type\":\"WebPage\",\"@id\":\"https:\/\/www.institutodeengenharia.org.br\/site\/2023\/01\/12\/engenheiros-estao-em-falta-nos-estados-unidos-e-voce-pode-ajudar-green-card-profisssao\/\",\"url\":\"https:\/\/www.institutodeengenharia.org.br\/site\/2023\/01\/12\/engenheiros-estao-em-falta-nos-estados-unidos-e-voce-pode-ajudar-green-card-profisssao\/\",\"name\":\"Engenheiros est\u00e3o em falta nos Estados Unidos e voc\u00ea pode ajudar! Green Card & profisss\u00e3o - Instituto de Engenharia\",\"isPartOf\":{\"@id\":\"https:\/\/www.institutodeengenharia.org.br\/site\/#website\"},\"primaryImageOfPage\":{\"@id\":\"https:\/\/www.institutodeengenharia.org.br\/site\/2023\/01\/12\/engenheiros-estao-em-falta-nos-estados-unidos-e-voce-pode-ajudar-green-card-profisssao\/#primaryimage\"},\"image\":{\"@id\":\"https:\/\/www.institutodeengenharia.org.br\/site\/2023\/01\/12\/engenheiros-estao-em-falta-nos-estados-unidos-e-voce-pode-ajudar-green-card-profisssao\/#primaryimage\"},\"thumbnailUrl\":\"https:\/\/www.institutodeengenharia.org.br\/site\/wp-content\/uploads\/2022\/11\/Design-sem-nome-2022-11-21T115923.389.webp\",\"datePublished\":\"2023-01-12T16:57:15+00:00\",\"breadcrumb\":{\"@id\":\"https:\/\/www.institutodeengenharia.org.br\/site\/2023\/01\/12\/engenheiros-estao-em-falta-nos-estados-unidos-e-voce-pode-ajudar-green-card-profisssao\/#breadcrumb\"},\"inLanguage\":\"pt-BR\",\"potentialAction\":[{\"@type\":\"ReadAction\",\"target\":[\"https:\/\/www.institutodeengenharia.org.br\/site\/2023\/01\/12\/engenheiros-estao-em-falta-nos-estados-unidos-e-voce-pode-ajudar-green-card-profisssao\/\"]}]},{\"@type\":\"ImageObject\",\"inLanguage\":\"pt-BR\",\"@id\":\"https:\/\/www.institutodeengenharia.org.br\/site\/2023\/01\/12\/engenheiros-estao-em-falta-nos-estados-unidos-e-voce-pode-ajudar-green-card-profisssao\/#primaryimage\",\"url\":\"https:\/\/www.institutodeengenharia.org.br\/site\/wp-content\/uploads\/2022\/11\/Design-sem-nome-2022-11-21T115923.389.webp\",\"contentUrl\":\"https:\/\/www.institutodeengenharia.org.br\/site\/wp-content\/uploads\/2022\/11\/Design-sem-nome-2022-11-21T115923.389.webp\",\"width\":1000,\"height\":563},{\"@type\":\"BreadcrumbList\",\"@id\":\"https:\/\/www.institutodeengenharia.org.br\/site\/2023\/01\/12\/engenheiros-estao-em-falta-nos-estados-unidos-e-voce-pode-ajudar-green-card-profisssao\/#breadcrumb\",\"itemListElement\":[{\"@type\":\"ListItem\",\"position\":1,\"name\":\"In\u00edcio\",\"item\":\"https:\/\/www.institutodeengenharia.org.br\/site\/\"},{\"@type\":\"ListItem\",\"position\":2,\"name\":\"Engenheiros est\u00e3o em falta nos Estados Unidos e voc\u00ea pode ajudar! Green Card &#038; profisss\u00e3o\"}]},{\"@type\":\"WebSite\",\"@id\":\"https:\/\/www.institutodeengenharia.org.br\/site\/#website\",\"url\":\"https:\/\/www.institutodeengenharia.org.br\/site\/\",\"name\":\"Instituto de Engenharia\",\"description\":\"O Instituto de Engenharia promove a Engenharia em benef\u00edcio do desenvolvimento e da qualidade de vida da sociedade.\",\"publisher\":{\"@id\":\"https:\/\/www.institutodeengenharia.org.br\/site\/#organization\"},\"potentialAction\":[{\"@type\":\"SearchAction\",\"target\":{\"@type\":\"EntryPoint\",\"urlTemplate\":\"https:\/\/www.institutodeengenharia.org.br\/site\/?s={search_term_string}\"},\"query-input\":{\"@type\":\"PropertyValueSpecification\",\"valueRequired\":true,\"valueName\":\"search_term_string\"}}],\"inLanguage\":\"pt-BR\"},{\"@type\":\"Organization\",\"@id\":\"https:\/\/www.institutodeengenharia.org.br\/site\/#organization\",\"name\":\"Instituto de Engenharia\",\"url\":\"https:\/\/www.institutodeengenharia.org.br\/site\/\",\"logo\":{\"@type\":\"ImageObject\",\"inLanguage\":\"pt-BR\",\"@id\":\"https:\/\/www.institutodeengenharia.org.br\/site\/#\/schema\/logo\/image\/\",\"url\":\"https:\/\/www.institutodeengenharia.org.br\/site\/wp-content\/uploads\/2019\/03\/logo-novo-IE2018-1.jpg\",\"contentUrl\":\"https:\/\/www.institutodeengenharia.org.br\/site\/wp-content\/uploads\/2019\/03\/logo-novo-IE2018-1.jpg\",\"width\":1486,\"height\":1879,\"caption\":\"Instituto de Engenharia\"},\"image\":{\"@id\":\"https:\/\/www.institutodeengenharia.org.br\/site\/#\/schema\/logo\/image\/\"},\"sameAs\":[\"https:\/\/www.facebook.com\/institutodeengenharia\",\"https:\/\/x.com\/iengenharia\",\"https:\/\/www.instagram.com\/institutodeengenharia\/\",\"https:\/\/www.linkedin.com\/company\/instituto-de-engenharia\/\",\"https:\/\/www.youtube.com\/channel\/UCXiCAlsSMe977vamW915HxA\"]},{\"@type\":\"Person\",\"@id\":\"https:\/\/www.institutodeengenharia.org.br\/site\/#\/schema\/person\/aeb64951c405e100d26d30b033dd423f\",\"name\":\"Bianca\",\"image\":{\"@type\":\"ImageObject\",\"inLanguage\":\"pt-BR\",\"@id\":\"https:\/\/secure.gravatar.com\/avatar\/a6fbe9bff57405baf4c1e2c5c1811e072b558253974a9f9508f4678900c97c2a?s=96&d=mm&r=g\",\"url\":\"https:\/\/secure.gravatar.com\/avatar\/a6fbe9bff57405baf4c1e2c5c1811e072b558253974a9f9508f4678900c97c2a?s=96&d=mm&r=g\",\"contentUrl\":\"https:\/\/secure.gravatar.com\/avatar\/a6fbe9bff57405baf4c1e2c5c1811e072b558253974a9f9508f4678900c97c2a?s=96&d=mm&r=g\",\"caption\":\"Bianca\"},\"url\":\"https:\/\/www.institutodeengenharia.org.br\/site\/author\/comunicacao1\/\"}]}<\/script>\n<!-- \/ Yoast SEO plugin. -->","yoast_head_json":{"title":"Engenheiros est\u00e3o em falta nos Estados Unidos e voc\u00ea pode ajudar! Green Card & profisss\u00e3o - Instituto de Engenharia","robots":{"index":"index","follow":"follow","max-snippet":"max-snippet:-1","max-image-preview":"max-image-preview:large","max-video-preview":"max-video-preview:-1"},"canonical":"https:\/\/www.institutodeengenharia.org.br\/site\/2023\/01\/12\/engenheiros-estao-em-falta-nos-estados-unidos-e-voce-pode-ajudar-green-card-profisssao\/","og_locale":"pt_BR","og_type":"article","og_title":"Engenheiros est\u00e3o em falta nos Estados Unidos e voc\u00ea pode ajudar! Green Card & profisss\u00e3o","og_description":"Entenda como sua carreira e qualifica\u00e7\u00e3o profissional podem te ajudar a obter um green card e morar legalmente nos Estados Unidos.","og_url":"https:\/\/www.institutodeengenharia.org.br\/site\/2023\/01\/12\/engenheiros-estao-em-falta-nos-estados-unidos-e-voce-pode-ajudar-green-card-profisssao\/","og_site_name":"Instituto de Engenharia","article_publisher":"https:\/\/www.facebook.com\/institutodeengenharia","article_published_time":"2023-01-12T16:57:15+00:00","og_image":[{"width":1000,"height":563,"url":"https:\/\/www.institutodeengenharia.org.br\/site\/wp-content\/uploads\/2022\/11\/Design-sem-nome-2022-11-21T115923.389.webp","type":"image\/webp"}],"author":"Bianca","twitter_card":"summary_large_image","twitter_title":"Engenheiros est\u00e3o em falta nos Estados Unidos e voc\u00ea pode ajudar! Green Card & profisss\u00e3o","twitter_description":"Entenda como sua carreira e qualifica\u00e7\u00e3o profissional podem te ajudar a obter um green card e morar legalmente nos Estados Unidos.","twitter_image":"https:\/\/www.institutodeengenharia.org.br\/site\/wp-content\/uploads\/2022\/11\/Design-sem-nome-2022-11-21T115923.389.webp","twitter_creator":"@iengenharia","twitter_site":"@iengenharia","twitter_misc":{"Escrito por":"Bianca","Est. tempo de leitura":"2 minutos"},"schema":{"@context":"https:\/\/schema.org","@graph":[{"@type":"Article","@id":"https:\/\/www.institutodeengenharia.org.br\/site\/2023\/01\/12\/engenheiros-estao-em-falta-nos-estados-unidos-e-voce-pode-ajudar-green-card-profisssao\/#article","isPartOf":{"@id":"https:\/\/www.institutodeengenharia.org.br\/site\/2023\/01\/12\/engenheiros-estao-em-falta-nos-estados-unidos-e-voce-pode-ajudar-green-card-profisssao\/"},"author":{"name":"Bianca","@id":"https:\/\/www.institutodeengenharia.org.br\/site\/#\/schema\/person\/aeb64951c405e100d26d30b033dd423f"},"headline":"Engenheiros est\u00e3o em falta nos Estados Unidos e voc\u00ea pode ajudar! Green Card &#038; profisss\u00e3o","datePublished":"2023-01-12T16:57:15+00:00","mainEntityOfPage":{"@id":"https:\/\/www.institutodeengenharia.org.br\/site\/2023\/01\/12\/engenheiros-estao-em-falta-nos-estados-unidos-e-voce-pode-ajudar-green-card-profisssao\/"},"wordCount":318,"commentCount":0,"publisher":{"@id":"https:\/\/www.institutodeengenharia.org.br\/site\/#organization"},"image":{"@id":"https:\/\/www.institutodeengenharia.org.br\/site\/2023\/01\/12\/engenheiros-estao-em-falta-nos-estados-unidos-e-voce-pode-ajudar-green-card-profisssao\/#primaryimage"},"thumbnailUrl":"https:\/\/www.institutodeengenharia.org.br\/site\/wp-content\/uploads\/2022\/11\/Design-sem-nome-2022-11-21T115923.389.webp","keywords":["video-home"],"articleSection":["Nova TV Engenharia","Palestra"],"inLanguage":"pt-BR","potentialAction":[{"@type":"CommentAction","name":"Comment","target":["https:\/\/www.institutodeengenharia.org.br\/site\/2023\/01\/12\/engenheiros-estao-em-falta-nos-estados-unidos-e-voce-pode-ajudar-green-card-profisssao\/#respond"]}]},{"@type":"WebPage","@id":"https:\/\/www.institutodeengenharia.org.br\/site\/2023\/01\/12\/engenheiros-estao-em-falta-nos-estados-unidos-e-voce-pode-ajudar-green-card-profisssao\/","url":"https:\/\/www.institutodeengenharia.org.br\/site\/2023\/01\/12\/engenheiros-estao-em-falta-nos-estados-unidos-e-voce-pode-ajudar-green-card-profisssao\/","name":"Engenheiros est\u00e3o em falta nos Estados Unidos e voc\u00ea pode ajudar! Green Card & profisss\u00e3o - Instituto de Engenharia","isPartOf":{"@id":"https:\/\/www.institutodeengenharia.org.br\/site\/#website"},"primaryImageOfPage":{"@id":"https:\/\/www.institutodeengenharia.org.br\/site\/2023\/01\/12\/engenheiros-estao-em-falta-nos-estados-unidos-e-voce-pode-ajudar-green-card-profisssao\/#primaryimage"},"image":{"@id":"https:\/\/www.institutodeengenharia.org.br\/site\/2023\/01\/12\/engenheiros-estao-em-falta-nos-estados-unidos-e-voce-pode-ajudar-green-card-profisssao\/#primaryimage"},"thumbnailUrl":"https:\/\/www.institutodeengenharia.org.br\/site\/wp-content\/uploads\/2022\/11\/Design-sem-nome-2022-11-21T115923.389.webp","datePublished":"2023-01-12T16:57:15+00:00","breadcrumb":{"@id":"https:\/\/www.institutodeengenharia.org.br\/site\/2023\/01\/12\/engenheiros-estao-em-falta-nos-estados-unidos-e-voce-pode-ajudar-green-card-profisssao\/#breadcrumb"},"inLanguage":"pt-BR","potentialAction":[{"@type":"ReadAction","target":["https:\/\/www.institutodeengenharia.org.br\/site\/2023\/01\/12\/engenheiros-estao-em-falta-nos-estados-unidos-e-voce-pode-ajudar-green-card-profisssao\/"]}]},{"@type":"ImageObject","inLanguage":"pt-BR","@id":"https:\/\/www.institutodeengenharia.org.br\/site\/2023\/01\/12\/engenheiros-estao-em-falta-nos-estados-unidos-e-voce-pode-ajudar-green-card-profisssao\/#primaryimage","url":"https:\/\/www.institutodeengenharia.org.br\/site\/wp-content\/uploads\/2022\/11\/Design-sem-nome-2022-11-21T115923.389.webp","contentUrl":"https:\/\/www.institutodeengenharia.org.br\/site\/wp-content\/uploads\/2022\/11\/Design-sem-nome-2022-11-21T115923.389.webp","width":1000,"height":563},{"@type":"BreadcrumbList","@id":"https:\/\/www.institutodeengenharia.org.br\/site\/2023\/01\/12\/engenheiros-estao-em-falta-nos-estados-unidos-e-voce-pode-ajudar-green-card-profisssao\/#breadcrumb","itemListElement":[{"@type":"ListItem","position":1,"name":"In\u00edcio","item":"https:\/\/www.institutodeengenharia.org.br\/site\/"},{"@type":"ListItem","position":2,"name":"Engenheiros est\u00e3o em falta nos Estados Unidos e voc\u00ea pode ajudar! Green Card &#038; profisss\u00e3o"}]},{"@type":"WebSite","@id":"https:\/\/www.institutodeengenharia.org.br\/site\/#website","url":"https:\/\/www.institutodeengenharia.org.br\/site\/","name":"Instituto de Engenharia","description":"O Instituto de Engenharia promove a Engenharia em benef\u00edcio do desenvolvimento e da qualidade de vida da sociedade.","publisher":{"@id":"https:\/\/www.institutodeengenharia.org.br\/site\/#organization"},"potentialAction":[{"@type":"SearchAction","target":{"@type":"EntryPoint","urlTemplate":"https:\/\/www.institutodeengenharia.org.br\/site\/?s={search_term_string}"},"query-input":{"@type":"PropertyValueSpecification","valueRequired":true,"valueName":"search_term_string"}}],"inLanguage":"pt-BR"},{"@type":"Organization","@id":"https:\/\/www.institutodeengenharia.org.br\/site\/#organization","name":"Instituto de Engenharia","url":"https:\/\/www.institutodeengenharia.org.br\/site\/","logo":{"@type":"ImageObject","inLanguage":"pt-BR","@id":"https:\/\/www.institutodeengenharia.org.br\/site\/#\/schema\/logo\/image\/","url":"https:\/\/www.institutodeengenharia.org.br\/site\/wp-content\/uploads\/2019\/03\/logo-novo-IE2018-1.jpg","contentUrl":"https:\/\/www.institutodeengenharia.org.br\/site\/wp-content\/uploads\/2019\/03\/logo-novo-IE2018-1.jpg","width":1486,"height":1879,"caption":"Instituto de Engenharia"},"image":{"@id":"https:\/\/www.institutodeengenharia.org.br\/site\/#\/schema\/logo\/image\/"},"sameAs":["https:\/\/www.facebook.com\/institutodeengenharia","https:\/\/x.com\/iengenharia","https:\/\/www.instagram.com\/institutodeengenharia\/","https:\/\/www.linkedin.com\/company\/instituto-de-engenharia\/","https:\/\/www.youtube.com\/channel\/UCXiCAlsSMe977vamW915HxA"]},{"@type":"Person","@id":"https:\/\/www.institutodeengenharia.org.br\/site\/#\/schema\/person\/aeb64951c405e100d26d30b033dd423f","name":"Bianca","image":{"@type":"ImageObject","inLanguage":"pt-BR","@id":"https:\/\/secure.gravatar.com\/avatar\/a6fbe9bff57405baf4c1e2c5c1811e072b558253974a9f9508f4678900c97c2a?s=96&d=mm&r=g","url":"https:\/\/secure.gravatar.com\/avatar\/a6fbe9bff57405baf4c1e2c5c1811e072b558253974a9f9508f4678900c97c2a?s=96&d=mm&r=g","contentUrl":"https:\/\/secure.gravatar.com\/avatar\/a6fbe9bff57405baf4c1e2c5c1811e072b558253974a9f9508f4678900c97c2a?s=96&d=mm&r=g","caption":"Bianca"},"url":"https:\/\/www.institutodeengenharia.org.br\/site\/author\/comunicacao1\/"}]}},"_links":{"self":[{"href":"https:\/\/www.institutodeengenharia.org.br\/site\/wp-json\/wp\/v2\/posts\/101759","targetHints":{"allow":["GET"]}}],"collection":[{"href":"https:\/\/www.institutodeengenharia.org.br\/site\/wp-json\/wp\/v2\/posts"}],"about":[{"href":"https:\/\/www.institutodeengenharia.org.br\/site\/wp-json\/wp\/v2\/types\/post"}],"author":[{"embeddable":true,"href":"https:\/\/www.institutodeengenharia.org.br\/site\/wp-json\/wp\/v2\/users\/13"}],"replies":[{"embeddable":true,"href":"https:\/\/www.institutodeengenharia.org.br\/site\/wp-json\/wp\/v2\/comments?post=101759"}],"version-history":[{"count":1,"href":"https:\/\/www.institutodeengenharia.org.br\/site\/wp-json\/wp\/v2\/posts\/101759\/revisions"}],"predecessor-version":[{"id":101760,"href":"https:\/\/www.institutodeengenharia.org.br\/site\/wp-json\/wp\/v2\/posts\/101759\/revisions\/101760"}],"wp:featuredmedia":[{"embeddable":true,"href":"https:\/\/www.institutodeengenharia.org.br\/site\/wp-json\/wp\/v2\/media\/100618"}],"wp:attachment":[{"href":"https:\/\/www.institutodeengenharia.org.br\/site\/wp-json\/wp\/v2\/media?parent=101759"}],"wp:term":[{"taxonomy":"category","embeddable":true,"href":"https:\/\/www.institutodeengenharia.org.br\/site\/wp-json\/wp\/v2\/categories?post=101759"},{"taxonomy":"post_tag","embeddable":true,"href":"https:\/\/www.institutodeengenharia.org.br\/site\/wp-json\/wp\/v2\/tags?post=101759"}],"curies":[{"name":"wp","href":"https:\/\/api.w.org\/{rel}","templated":true}]}}