{"id":101740,"date":"2023-01-09T16:08:28","date_gmt":"2023-01-09T19:08:28","guid":{"rendered":"https:\/\/www.institutodeengenharia.org.br\/site\/?p=101740"},"modified":"2023-01-18T11:02:46","modified_gmt":"2023-01-18T14:02:46","slug":"engenharia-diagnostica-em-fachadas-de-edificios","status":"publish","type":"post","link":"https:\/\/www.institutodeengenharia.org.br\/site\/2023\/01\/09\/engenharia-diagnostica-em-fachadas-de-edificios\/","title":{"rendered":"Por Tito L\u00edvio Ferreira Gomide &#8211; Engenharia Diagn\u00f3stica em Fachadas de Edif\u00edcios"},"content":{"rendered":"<p>Os problemas construtivos em fachadas de edif\u00edcios, revestidas de reboco ou revestimentos cer\u00e2micos, s\u00e3o rotineiros e bastante conhecidos no meio t\u00e9cnico. As vistorias para determinar focos de trincas, empolamentos ou desprendimentos de trechos prejudicados s\u00e3o bastante conhecidas dos engenheiros diagn\u00f3sticos, assim como as inspe\u00e7\u00f5es para apontar e analisar elementos estranhos ao sistema, tal como telas, aparelhos de ar-condicionado, antenas de tv, varais e outros acess\u00f3rios. Tamb\u00e9m s\u00e3o necess\u00e1rias inspe\u00e7\u00f5es de manuten\u00e7\u00e3o, visando analisar rejuntes degradados, com sujidades ou com vegeta\u00e7\u00e3o, ou ainda nas juntas trincadas ou ressecadas por falta de manuten\u00e7\u00e3o ou substitui\u00e7\u00e3o.<\/p>\n<p>Na sequ\u00eancia das investiga\u00e7\u00f5es diagn\u00f3sticas de vistorias, inspe\u00e7\u00f5es e auditorias v\u00eam as per\u00edcias para a determina\u00e7\u00e3o dos diagn\u00f3sticos desses problemas, bem como as consultorias para indicar os procedimentos de reparos. Os procedimentos das per\u00edcias judiciais, incluem os estudos das ferramentas anteriores (vistorias e inspe\u00e7\u00f5es), an\u00e1lises documentais e interpreta\u00e7\u00f5es t\u00e9cnicas aprofundadas, para o bom resultado dessas investiga\u00e7\u00f5es e determina\u00e7\u00f5es dos diagn\u00f3sticos corretos.<\/p>\n<p>As investiga\u00e7\u00f5es t\u00e9cnicas de Engenharia Diagn\u00f3stica n\u00e3o estabelecem uma \u00fanica ordem de atividades, mas, seguir o roteiro tradicional de progress\u00e3o das ferramentas, costuma ser boa medida nas per\u00edcias judiciais.,<\/p>\n<p style=\"text-align: center;\"><a href=\"https:\/\/www.institutodeengenharia.org.br\/site\/wp-content\/uploads\/2023\/01\/Engenharia-Diagnostica-em-Fachadas-de-Edificios.pdf\"><em><strong>CLIQUE AQUI PARA LER A CONTINUA\u00c7\u00c3O E O ARTIGO COMPLETO<\/strong><\/em><\/a><\/p>\n<p>________________________________________________________________________<\/p>\n<p><img loading=\"lazy\" decoding=\"async\" class=\"alignnone wp-image-29662 td-animation-stack-type0-2\" src=\"https:\/\/www.institutodeengenharia.org.br\/site\/wp-content\/uploads\/2017\/03\/tito-e1547224678243.jpg\" alt=\"\" width=\"152\" height=\"168\" data-pagespeed-url-hash=\"3957415415\" \/><\/p>\n<p>Por\u00a0<strong>Tito L\u00edvio Ferreira Gomide*<\/strong><\/p>\n<p>Engenheiro civil, FAAP, Bacharel em Direito pela USP, perito criminal pela Academia de Pol\u00edcia SP, e atua como perito de engenharia e criminal\u00edstica desde 1979, al\u00e9m de professor, conferencista e autor de in\u00fameros artigos e livros. Foi o precursor da Inspe\u00e7\u00e3o Predial e Engenharia Diagn\u00f3stica no Brasil, desenvolvendo intensa atua\u00e7\u00e3o institucional, como ex-presidente do IBAPE-SP e atual coordenador da Divis\u00e3o T\u00e9cnica de Patologias das Constru\u00e7\u00f5es do Instituto de Engenharia<\/p>\n<p>*<em>Os artigos publicados com assinatura, n\u00e3o traduzem necessariamente a opini\u00e3o do Instituto de Engenharia. Sua publica\u00e7\u00e3o obedece ao prop\u00f3sito de estimular o debate dos problemas brasileiros e de refletir as diversas tend\u00eancias do pensamento contempor\u00e2neo<\/em><\/p>\n","protected":false},"excerpt":{"rendered":"<p>Os problemas construtivos em fachadas de edif\u00edcios, revestidas de reboco ou revestimentos cer\u00e2micos, s\u00e3o rotineiros e bastante conhecidos no meio t\u00e9cnico. As vistorias para determinar focos de trincas, empolamentos ou desprendimentos de trechos prejudicados s\u00e3o bastante conhecidas dos engenheiros diagn\u00f3sticos, assim como as inspe\u00e7\u00f5es para apontar e analisar elementos estranhos ao sistema, tal como telas, [&hellip;]<\/p>\n","protected":false},"author":13,"featured_media":101742,"comment_status":"open","ping_status":"open","sticky":false,"template":"","format":"standard","meta":{"footnotes":""},"categories":[11,110],"tags":[],"class_list":{"0":"post-101740","1":"post","2":"type-post","3":"status-publish","4":"format-standard","5":"has-post-thumbnail","7":"category-articulistas","8":"category-tito-livio-ferreira-gomide"},"yoast_head":"<!-- This site is optimized with the Yoast SEO plugin v27.2 - https:\/\/yoast.com\/product\/yoast-seo-wordpress\/ -->\n<title>Por Tito L\u00edvio Ferreira Gomide - Engenharia Diagn\u00f3stica em Fachadas de Edif\u00edcios - Instituto de Engenharia<\/title>\n<meta name=\"robots\" content=\"index, follow, max-snippet:-1, max-image-preview:large, max-video-preview:-1\" \/>\n<link rel=\"canonical\" href=\"https:\/\/www.institutodeengenharia.org.br\/site\/2023\/01\/09\/engenharia-diagnostica-em-fachadas-de-edificios\/\" \/>\n<meta property=\"og:locale\" content=\"pt_BR\" \/>\n<meta property=\"og:type\" content=\"article\" \/>\n<meta property=\"og:title\" content=\"Engenharia Diagn\u00f3stica em Fachadas de Edif\u00edcios\" \/>\n<meta property=\"og:description\" content=\"Os problemas construtivos em fachadas de edif\u00edcios, revestidas de reboco ou revestimentos cer\u00e2micos, s\u00e3o rotineiros e bastante conhecidos no meio t\u00e9cnico. As vistorias para determinar focos de trincas, empolamentos ou desprendimentos de trechos prejudicados s\u00e3o bastante conhecidas dos engenheiros diagn\u00f3sticos, assim como as inspe\u00e7\u00f5es para apontar e analisar elementos estranhos ao sistema, tal como telas, aparelhos de ar-condicionado, antenas de tv, varais e outros acess\u00f3rios. Tamb\u00e9m s\u00e3o necess\u00e1rias inspe\u00e7\u00f5es de manuten\u00e7\u00e3o, visando analisar rejuntes degradados, com sujidades ou com vegeta\u00e7\u00e3o, ou ainda nas juntas trincadas ou ressecadas por falta de manuten\u00e7\u00e3o ou substitui\u00e7\u00e3o.\" \/>\n<meta property=\"og:url\" content=\"https:\/\/www.institutodeengenharia.org.br\/site\/2023\/01\/09\/engenharia-diagnostica-em-fachadas-de-edificios\/\" \/>\n<meta property=\"og:site_name\" content=\"Instituto de Engenharia\" \/>\n<meta property=\"article:publisher\" content=\"https:\/\/www.facebook.com\/institutodeengenharia\" \/>\n<meta property=\"article:published_time\" content=\"2023-01-09T19:08:28+00:00\" \/>\n<meta property=\"article:modified_time\" content=\"2023-01-18T14:02:46+00:00\" \/>\n<meta property=\"og:image\" content=\"https:\/\/www.institutodeengenharia.org.br\/site\/wp-content\/uploads\/2023\/01\/skyscraper-ga3118469d_1920.jpg\" \/>\n\t<meta property=\"og:image:width\" content=\"1920\" \/>\n\t<meta property=\"og:image:height\" content=\"921\" \/>\n\t<meta property=\"og:image:type\" content=\"image\/jpeg\" \/>\n<meta name=\"author\" content=\"Bianca\" \/>\n<meta name=\"twitter:card\" content=\"summary_large_image\" \/>\n<meta name=\"twitter:title\" content=\"Engenharia Diagn\u00f3stica em Fachadas de Edif\u00edcios\" \/>\n<meta name=\"twitter:description\" content=\"Os problemas construtivos em fachadas de edif\u00edcios, revestidas de reboco ou revestimentos cer\u00e2micos, s\u00e3o rotineiros e bastante conhecidos no meio t\u00e9cnico. As vistorias para determinar focos de trincas, empolamentos ou desprendimentos de trechos prejudicados s\u00e3o bastante conhecidas dos engenheiros diagn\u00f3sticos, assim como as inspe\u00e7\u00f5es para apontar e analisar elementos estranhos ao sistema, tal como telas, aparelhos de ar-condicionado, antenas de tv, varais e outros acess\u00f3rios. Tamb\u00e9m s\u00e3o necess\u00e1rias inspe\u00e7\u00f5es de manuten\u00e7\u00e3o, visando analisar rejuntes degradados, com sujidades ou com vegeta\u00e7\u00e3o, ou ainda nas juntas trincadas ou ressecadas por falta de manuten\u00e7\u00e3o ou substitui\u00e7\u00e3o.\" \/>\n<meta name=\"twitter:image\" content=\"https:\/\/www.institutodeengenharia.org.br\/site\/wp-content\/uploads\/2023\/01\/skyscraper-ga3118469d_1920.jpg\" \/>\n<meta name=\"twitter:creator\" content=\"@iengenharia\" \/>\n<meta name=\"twitter:site\" content=\"@iengenharia\" \/>\n<meta name=\"twitter:label1\" content=\"Escrito por\" \/>\n\t<meta name=\"twitter:data1\" content=\"Bianca\" \/>\n\t<meta name=\"twitter:label2\" content=\"Est. tempo de leitura\" \/>\n\t<meta name=\"twitter:data2\" content=\"2 minutos\" \/>\n<script type=\"application\/ld+json\" class=\"yoast-schema-graph\">{\"@context\":\"https:\/\/schema.org\",\"@graph\":[{\"@type\":\"Article\",\"@id\":\"https:\/\/www.institutodeengenharia.org.br\/site\/2023\/01\/09\/engenharia-diagnostica-em-fachadas-de-edificios\/#article\",\"isPartOf\":{\"@id\":\"https:\/\/www.institutodeengenharia.org.br\/site\/2023\/01\/09\/engenharia-diagnostica-em-fachadas-de-edificios\/\"},\"author\":{\"name\":\"Bianca\",\"@id\":\"https:\/\/www.institutodeengenharia.org.br\/site\/#\/schema\/person\/aeb64951c405e100d26d30b033dd423f\"},\"headline\":\"Por Tito L\u00edvio Ferreira Gomide &#8211; Engenharia Diagn\u00f3stica em Fachadas de Edif\u00edcios\",\"datePublished\":\"2023-01-09T19:08:28+00:00\",\"dateModified\":\"2023-01-18T14:02:46+00:00\",\"mainEntityOfPage\":{\"@id\":\"https:\/\/www.institutodeengenharia.org.br\/site\/2023\/01\/09\/engenharia-diagnostica-em-fachadas-de-edificios\/\"},\"wordCount\":372,\"commentCount\":0,\"publisher\":{\"@id\":\"https:\/\/www.institutodeengenharia.org.br\/site\/#organization\"},\"image\":{\"@id\":\"https:\/\/www.institutodeengenharia.org.br\/site\/2023\/01\/09\/engenharia-diagnostica-em-fachadas-de-edificios\/#primaryimage\"},\"thumbnailUrl\":\"https:\/\/www.institutodeengenharia.org.br\/site\/wp-content\/uploads\/2023\/01\/skyscraper-ga3118469d_1920.jpg\",\"articleSection\":[\"Articulistas\",\"Tito L\u00edvio Ferreira Gomide\"],\"inLanguage\":\"pt-BR\",\"potentialAction\":[{\"@type\":\"CommentAction\",\"name\":\"Comment\",\"target\":[\"https:\/\/www.institutodeengenharia.org.br\/site\/2023\/01\/09\/engenharia-diagnostica-em-fachadas-de-edificios\/#respond\"]}]},{\"@type\":\"WebPage\",\"@id\":\"https:\/\/www.institutodeengenharia.org.br\/site\/2023\/01\/09\/engenharia-diagnostica-em-fachadas-de-edificios\/\",\"url\":\"https:\/\/www.institutodeengenharia.org.br\/site\/2023\/01\/09\/engenharia-diagnostica-em-fachadas-de-edificios\/\",\"name\":\"Por Tito L\u00edvio Ferreira Gomide - Engenharia Diagn\u00f3stica em Fachadas de Edif\u00edcios - Instituto de Engenharia\",\"isPartOf\":{\"@id\":\"https:\/\/www.institutodeengenharia.org.br\/site\/#website\"},\"primaryImageOfPage\":{\"@id\":\"https:\/\/www.institutodeengenharia.org.br\/site\/2023\/01\/09\/engenharia-diagnostica-em-fachadas-de-edificios\/#primaryimage\"},\"image\":{\"@id\":\"https:\/\/www.institutodeengenharia.org.br\/site\/2023\/01\/09\/engenharia-diagnostica-em-fachadas-de-edificios\/#primaryimage\"},\"thumbnailUrl\":\"https:\/\/www.institutodeengenharia.org.br\/site\/wp-content\/uploads\/2023\/01\/skyscraper-ga3118469d_1920.jpg\",\"datePublished\":\"2023-01-09T19:08:28+00:00\",\"dateModified\":\"2023-01-18T14:02:46+00:00\",\"breadcrumb\":{\"@id\":\"https:\/\/www.institutodeengenharia.org.br\/site\/2023\/01\/09\/engenharia-diagnostica-em-fachadas-de-edificios\/#breadcrumb\"},\"inLanguage\":\"pt-BR\",\"potentialAction\":[{\"@type\":\"ReadAction\",\"target\":[\"https:\/\/www.institutodeengenharia.org.br\/site\/2023\/01\/09\/engenharia-diagnostica-em-fachadas-de-edificios\/\"]}]},{\"@type\":\"ImageObject\",\"inLanguage\":\"pt-BR\",\"@id\":\"https:\/\/www.institutodeengenharia.org.br\/site\/2023\/01\/09\/engenharia-diagnostica-em-fachadas-de-edificios\/#primaryimage\",\"url\":\"https:\/\/www.institutodeengenharia.org.br\/site\/wp-content\/uploads\/2023\/01\/skyscraper-ga3118469d_1920.jpg\",\"contentUrl\":\"https:\/\/www.institutodeengenharia.org.br\/site\/wp-content\/uploads\/2023\/01\/skyscraper-ga3118469d_1920.jpg\",\"width\":1920,\"height\":921},{\"@type\":\"BreadcrumbList\",\"@id\":\"https:\/\/www.institutodeengenharia.org.br\/site\/2023\/01\/09\/engenharia-diagnostica-em-fachadas-de-edificios\/#breadcrumb\",\"itemListElement\":[{\"@type\":\"ListItem\",\"position\":1,\"name\":\"In\u00edcio\",\"item\":\"https:\/\/www.institutodeengenharia.org.br\/site\/\"},{\"@type\":\"ListItem\",\"position\":2,\"name\":\"Por Tito L\u00edvio Ferreira Gomide &#8211; Engenharia Diagn\u00f3stica em Fachadas de Edif\u00edcios\"}]},{\"@type\":\"WebSite\",\"@id\":\"https:\/\/www.institutodeengenharia.org.br\/site\/#website\",\"url\":\"https:\/\/www.institutodeengenharia.org.br\/site\/\",\"name\":\"Instituto de Engenharia\",\"description\":\"O Instituto de Engenharia promove a Engenharia em benef\u00edcio do desenvolvimento e da qualidade de vida da sociedade.\",\"publisher\":{\"@id\":\"https:\/\/www.institutodeengenharia.org.br\/site\/#organization\"},\"potentialAction\":[{\"@type\":\"SearchAction\",\"target\":{\"@type\":\"EntryPoint\",\"urlTemplate\":\"https:\/\/www.institutodeengenharia.org.br\/site\/?s={search_term_string}\"},\"query-input\":{\"@type\":\"PropertyValueSpecification\",\"valueRequired\":true,\"valueName\":\"search_term_string\"}}],\"inLanguage\":\"pt-BR\"},{\"@type\":\"Organization\",\"@id\":\"https:\/\/www.institutodeengenharia.org.br\/site\/#organization\",\"name\":\"Instituto de Engenharia\",\"url\":\"https:\/\/www.institutodeengenharia.org.br\/site\/\",\"logo\":{\"@type\":\"ImageObject\",\"inLanguage\":\"pt-BR\",\"@id\":\"https:\/\/www.institutodeengenharia.org.br\/site\/#\/schema\/logo\/image\/\",\"url\":\"https:\/\/www.institutodeengenharia.org.br\/site\/wp-content\/uploads\/2019\/03\/logo-novo-IE2018-1.jpg\",\"contentUrl\":\"https:\/\/www.institutodeengenharia.org.br\/site\/wp-content\/uploads\/2019\/03\/logo-novo-IE2018-1.jpg\",\"width\":1486,\"height\":1879,\"caption\":\"Instituto de Engenharia\"},\"image\":{\"@id\":\"https:\/\/www.institutodeengenharia.org.br\/site\/#\/schema\/logo\/image\/\"},\"sameAs\":[\"https:\/\/www.facebook.com\/institutodeengenharia\",\"https:\/\/x.com\/iengenharia\",\"https:\/\/www.instagram.com\/institutodeengenharia\/\",\"https:\/\/www.linkedin.com\/company\/instituto-de-engenharia\/\",\"https:\/\/www.youtube.com\/channel\/UCXiCAlsSMe977vamW915HxA\"]},{\"@type\":\"Person\",\"@id\":\"https:\/\/www.institutodeengenharia.org.br\/site\/#\/schema\/person\/aeb64951c405e100d26d30b033dd423f\",\"name\":\"Bianca\",\"image\":{\"@type\":\"ImageObject\",\"inLanguage\":\"pt-BR\",\"@id\":\"https:\/\/secure.gravatar.com\/avatar\/a6fbe9bff57405baf4c1e2c5c1811e072b558253974a9f9508f4678900c97c2a?s=96&d=mm&r=g\",\"url\":\"https:\/\/secure.gravatar.com\/avatar\/a6fbe9bff57405baf4c1e2c5c1811e072b558253974a9f9508f4678900c97c2a?s=96&d=mm&r=g\",\"contentUrl\":\"https:\/\/secure.gravatar.com\/avatar\/a6fbe9bff57405baf4c1e2c5c1811e072b558253974a9f9508f4678900c97c2a?s=96&d=mm&r=g\",\"caption\":\"Bianca\"},\"url\":\"https:\/\/www.institutodeengenharia.org.br\/site\/author\/comunicacao1\/\"}]}<\/script>\n<!-- \/ Yoast SEO plugin. -->","yoast_head_json":{"title":"Por Tito L\u00edvio Ferreira Gomide - Engenharia Diagn\u00f3stica em Fachadas de Edif\u00edcios - Instituto de Engenharia","robots":{"index":"index","follow":"follow","max-snippet":"max-snippet:-1","max-image-preview":"max-image-preview:large","max-video-preview":"max-video-preview:-1"},"canonical":"https:\/\/www.institutodeengenharia.org.br\/site\/2023\/01\/09\/engenharia-diagnostica-em-fachadas-de-edificios\/","og_locale":"pt_BR","og_type":"article","og_title":"Engenharia Diagn\u00f3stica em Fachadas de Edif\u00edcios","og_description":"Os problemas construtivos em fachadas de edif\u00edcios, revestidas de reboco ou revestimentos cer\u00e2micos, s\u00e3o rotineiros e bastante conhecidos no meio t\u00e9cnico. As vistorias para determinar focos de trincas, empolamentos ou desprendimentos de trechos prejudicados s\u00e3o bastante conhecidas dos engenheiros diagn\u00f3sticos, assim como as inspe\u00e7\u00f5es para apontar e analisar elementos estranhos ao sistema, tal como telas, aparelhos de ar-condicionado, antenas de tv, varais e outros acess\u00f3rios. Tamb\u00e9m s\u00e3o necess\u00e1rias inspe\u00e7\u00f5es de manuten\u00e7\u00e3o, visando analisar rejuntes degradados, com sujidades ou com vegeta\u00e7\u00e3o, ou ainda nas juntas trincadas ou ressecadas por falta de manuten\u00e7\u00e3o ou substitui\u00e7\u00e3o.","og_url":"https:\/\/www.institutodeengenharia.org.br\/site\/2023\/01\/09\/engenharia-diagnostica-em-fachadas-de-edificios\/","og_site_name":"Instituto de Engenharia","article_publisher":"https:\/\/www.facebook.com\/institutodeengenharia","article_published_time":"2023-01-09T19:08:28+00:00","article_modified_time":"2023-01-18T14:02:46+00:00","og_image":[{"width":1920,"height":921,"url":"https:\/\/www.institutodeengenharia.org.br\/site\/wp-content\/uploads\/2023\/01\/skyscraper-ga3118469d_1920.jpg","type":"image\/jpeg"}],"author":"Bianca","twitter_card":"summary_large_image","twitter_title":"Engenharia Diagn\u00f3stica em Fachadas de Edif\u00edcios","twitter_description":"Os problemas construtivos em fachadas de edif\u00edcios, revestidas de reboco ou revestimentos cer\u00e2micos, s\u00e3o rotineiros e bastante conhecidos no meio t\u00e9cnico. As vistorias para determinar focos de trincas, empolamentos ou desprendimentos de trechos prejudicados s\u00e3o bastante conhecidas dos engenheiros diagn\u00f3sticos, assim como as inspe\u00e7\u00f5es para apontar e analisar elementos estranhos ao sistema, tal como telas, aparelhos de ar-condicionado, antenas de tv, varais e outros acess\u00f3rios. Tamb\u00e9m s\u00e3o necess\u00e1rias inspe\u00e7\u00f5es de manuten\u00e7\u00e3o, visando analisar rejuntes degradados, com sujidades ou com vegeta\u00e7\u00e3o, ou ainda nas juntas trincadas ou ressecadas por falta de manuten\u00e7\u00e3o ou substitui\u00e7\u00e3o.","twitter_image":"https:\/\/www.institutodeengenharia.org.br\/site\/wp-content\/uploads\/2023\/01\/skyscraper-ga3118469d_1920.jpg","twitter_creator":"@iengenharia","twitter_site":"@iengenharia","twitter_misc":{"Escrito por":"Bianca","Est. tempo de leitura":"2 minutos"},"schema":{"@context":"https:\/\/schema.org","@graph":[{"@type":"Article","@id":"https:\/\/www.institutodeengenharia.org.br\/site\/2023\/01\/09\/engenharia-diagnostica-em-fachadas-de-edificios\/#article","isPartOf":{"@id":"https:\/\/www.institutodeengenharia.org.br\/site\/2023\/01\/09\/engenharia-diagnostica-em-fachadas-de-edificios\/"},"author":{"name":"Bianca","@id":"https:\/\/www.institutodeengenharia.org.br\/site\/#\/schema\/person\/aeb64951c405e100d26d30b033dd423f"},"headline":"Por Tito L\u00edvio Ferreira Gomide &#8211; Engenharia Diagn\u00f3stica em Fachadas de Edif\u00edcios","datePublished":"2023-01-09T19:08:28+00:00","dateModified":"2023-01-18T14:02:46+00:00","mainEntityOfPage":{"@id":"https:\/\/www.institutodeengenharia.org.br\/site\/2023\/01\/09\/engenharia-diagnostica-em-fachadas-de-edificios\/"},"wordCount":372,"commentCount":0,"publisher":{"@id":"https:\/\/www.institutodeengenharia.org.br\/site\/#organization"},"image":{"@id":"https:\/\/www.institutodeengenharia.org.br\/site\/2023\/01\/09\/engenharia-diagnostica-em-fachadas-de-edificios\/#primaryimage"},"thumbnailUrl":"https:\/\/www.institutodeengenharia.org.br\/site\/wp-content\/uploads\/2023\/01\/skyscraper-ga3118469d_1920.jpg","articleSection":["Articulistas","Tito L\u00edvio Ferreira Gomide"],"inLanguage":"pt-BR","potentialAction":[{"@type":"CommentAction","name":"Comment","target":["https:\/\/www.institutodeengenharia.org.br\/site\/2023\/01\/09\/engenharia-diagnostica-em-fachadas-de-edificios\/#respond"]}]},{"@type":"WebPage","@id":"https:\/\/www.institutodeengenharia.org.br\/site\/2023\/01\/09\/engenharia-diagnostica-em-fachadas-de-edificios\/","url":"https:\/\/www.institutodeengenharia.org.br\/site\/2023\/01\/09\/engenharia-diagnostica-em-fachadas-de-edificios\/","name":"Por Tito L\u00edvio Ferreira Gomide - Engenharia Diagn\u00f3stica em Fachadas de Edif\u00edcios - Instituto de Engenharia","isPartOf":{"@id":"https:\/\/www.institutodeengenharia.org.br\/site\/#website"},"primaryImageOfPage":{"@id":"https:\/\/www.institutodeengenharia.org.br\/site\/2023\/01\/09\/engenharia-diagnostica-em-fachadas-de-edificios\/#primaryimage"},"image":{"@id":"https:\/\/www.institutodeengenharia.org.br\/site\/2023\/01\/09\/engenharia-diagnostica-em-fachadas-de-edificios\/#primaryimage"},"thumbnailUrl":"https:\/\/www.institutodeengenharia.org.br\/site\/wp-content\/uploads\/2023\/01\/skyscraper-ga3118469d_1920.jpg","datePublished":"2023-01-09T19:08:28+00:00","dateModified":"2023-01-18T14:02:46+00:00","breadcrumb":{"@id":"https:\/\/www.institutodeengenharia.org.br\/site\/2023\/01\/09\/engenharia-diagnostica-em-fachadas-de-edificios\/#breadcrumb"},"inLanguage":"pt-BR","potentialAction":[{"@type":"ReadAction","target":["https:\/\/www.institutodeengenharia.org.br\/site\/2023\/01\/09\/engenharia-diagnostica-em-fachadas-de-edificios\/"]}]},{"@type":"ImageObject","inLanguage":"pt-BR","@id":"https:\/\/www.institutodeengenharia.org.br\/site\/2023\/01\/09\/engenharia-diagnostica-em-fachadas-de-edificios\/#primaryimage","url":"https:\/\/www.institutodeengenharia.org.br\/site\/wp-content\/uploads\/2023\/01\/skyscraper-ga3118469d_1920.jpg","contentUrl":"https:\/\/www.institutodeengenharia.org.br\/site\/wp-content\/uploads\/2023\/01\/skyscraper-ga3118469d_1920.jpg","width":1920,"height":921},{"@type":"BreadcrumbList","@id":"https:\/\/www.institutodeengenharia.org.br\/site\/2023\/01\/09\/engenharia-diagnostica-em-fachadas-de-edificios\/#breadcrumb","itemListElement":[{"@type":"ListItem","position":1,"name":"In\u00edcio","item":"https:\/\/www.institutodeengenharia.org.br\/site\/"},{"@type":"ListItem","position":2,"name":"Por Tito L\u00edvio Ferreira Gomide &#8211; Engenharia Diagn\u00f3stica em Fachadas de Edif\u00edcios"}]},{"@type":"WebSite","@id":"https:\/\/www.institutodeengenharia.org.br\/site\/#website","url":"https:\/\/www.institutodeengenharia.org.br\/site\/","name":"Instituto de Engenharia","description":"O Instituto de Engenharia promove a Engenharia em benef\u00edcio do desenvolvimento e da qualidade de vida da sociedade.","publisher":{"@id":"https:\/\/www.institutodeengenharia.org.br\/site\/#organization"},"potentialAction":[{"@type":"SearchAction","target":{"@type":"EntryPoint","urlTemplate":"https:\/\/www.institutodeengenharia.org.br\/site\/?s={search_term_string}"},"query-input":{"@type":"PropertyValueSpecification","valueRequired":true,"valueName":"search_term_string"}}],"inLanguage":"pt-BR"},{"@type":"Organization","@id":"https:\/\/www.institutodeengenharia.org.br\/site\/#organization","name":"Instituto de Engenharia","url":"https:\/\/www.institutodeengenharia.org.br\/site\/","logo":{"@type":"ImageObject","inLanguage":"pt-BR","@id":"https:\/\/www.institutodeengenharia.org.br\/site\/#\/schema\/logo\/image\/","url":"https:\/\/www.institutodeengenharia.org.br\/site\/wp-content\/uploads\/2019\/03\/logo-novo-IE2018-1.jpg","contentUrl":"https:\/\/www.institutodeengenharia.org.br\/site\/wp-content\/uploads\/2019\/03\/logo-novo-IE2018-1.jpg","width":1486,"height":1879,"caption":"Instituto de Engenharia"},"image":{"@id":"https:\/\/www.institutodeengenharia.org.br\/site\/#\/schema\/logo\/image\/"},"sameAs":["https:\/\/www.facebook.com\/institutodeengenharia","https:\/\/x.com\/iengenharia","https:\/\/www.instagram.com\/institutodeengenharia\/","https:\/\/www.linkedin.com\/company\/instituto-de-engenharia\/","https:\/\/www.youtube.com\/channel\/UCXiCAlsSMe977vamW915HxA"]},{"@type":"Person","@id":"https:\/\/www.institutodeengenharia.org.br\/site\/#\/schema\/person\/aeb64951c405e100d26d30b033dd423f","name":"Bianca","image":{"@type":"ImageObject","inLanguage":"pt-BR","@id":"https:\/\/secure.gravatar.com\/avatar\/a6fbe9bff57405baf4c1e2c5c1811e072b558253974a9f9508f4678900c97c2a?s=96&d=mm&r=g","url":"https:\/\/secure.gravatar.com\/avatar\/a6fbe9bff57405baf4c1e2c5c1811e072b558253974a9f9508f4678900c97c2a?s=96&d=mm&r=g","contentUrl":"https:\/\/secure.gravatar.com\/avatar\/a6fbe9bff57405baf4c1e2c5c1811e072b558253974a9f9508f4678900c97c2a?s=96&d=mm&r=g","caption":"Bianca"},"url":"https:\/\/www.institutodeengenharia.org.br\/site\/author\/comunicacao1\/"}]}},"_links":{"self":[{"href":"https:\/\/www.institutodeengenharia.org.br\/site\/wp-json\/wp\/v2\/posts\/101740","targetHints":{"allow":["GET"]}}],"collection":[{"href":"https:\/\/www.institutodeengenharia.org.br\/site\/wp-json\/wp\/v2\/posts"}],"about":[{"href":"https:\/\/www.institutodeengenharia.org.br\/site\/wp-json\/wp\/v2\/types\/post"}],"author":[{"embeddable":true,"href":"https:\/\/www.institutodeengenharia.org.br\/site\/wp-json\/wp\/v2\/users\/13"}],"replies":[{"embeddable":true,"href":"https:\/\/www.institutodeengenharia.org.br\/site\/wp-json\/wp\/v2\/comments?post=101740"}],"version-history":[{"count":2,"href":"https:\/\/www.institutodeengenharia.org.br\/site\/wp-json\/wp\/v2\/posts\/101740\/revisions"}],"predecessor-version":[{"id":101813,"href":"https:\/\/www.institutodeengenharia.org.br\/site\/wp-json\/wp\/v2\/posts\/101740\/revisions\/101813"}],"wp:featuredmedia":[{"embeddable":true,"href":"https:\/\/www.institutodeengenharia.org.br\/site\/wp-json\/wp\/v2\/media\/101742"}],"wp:attachment":[{"href":"https:\/\/www.institutodeengenharia.org.br\/site\/wp-json\/wp\/v2\/media?parent=101740"}],"wp:term":[{"taxonomy":"category","embeddable":true,"href":"https:\/\/www.institutodeengenharia.org.br\/site\/wp-json\/wp\/v2\/categories?post=101740"},{"taxonomy":"post_tag","embeddable":true,"href":"https:\/\/www.institutodeengenharia.org.br\/site\/wp-json\/wp\/v2\/tags?post=101740"}],"curies":[{"name":"wp","href":"https:\/\/api.w.org\/{rel}","templated":true}]}}