{"id":101468,"date":"2022-12-16T12:05:13","date_gmt":"2022-12-16T15:05:13","guid":{"rendered":"https:\/\/www.institutodeengenharia.org.br\/site\/?p=101468"},"modified":"2022-12-16T14:24:45","modified_gmt":"2022-12-16T17:24:45","slug":"1o-seminario-de-engenharia-e-gestao-de-ativos-sega","status":"publish","type":"post","link":"https:\/\/www.institutodeengenharia.org.br\/site\/2022\/12\/16\/1o-seminario-de-engenharia-e-gestao-de-ativos-sega\/","title":{"rendered":"1\u00ba Semin\u00e1rio de Engenharia e Gest\u00e3o de Ativos &#8211; SEGA"},"content":{"rendered":"<p><strong>Assista abaixo \u00e0 grava\u00e7\u00e3o do evento:<\/strong><\/p>\n<div style=\"padding: 56.25% 0 0 0; position: relative;\"><iframe style=\"position: absolute; top: 0; left: 0; width: 100%; height: 100%;\" src=\"https:\/\/vimeo.com\/showcase\/10059043\/embed\" frameborder=\"0\" allowfullscreen=\"allowfullscreen\"><\/iframe><\/div>\n<div><\/div>\n<div><strong>+ Informa\u00e7\u00f5es:<\/strong><\/div>\n<p>&nbsp;<\/p>\n<p><em>O Instituto de Engenharia<\/em> e a Associa\u00e7\u00e3o Brasileira de Manuten\u00e7\u00e3o e Gest\u00e3o de Ativos &#8211; <em>Abraman &#8211;<\/em> convidam para o<strong>\u00a01\u00ba Semin\u00e1rio de Engenharia e Gest\u00e3o de Ativos &#8211; 1\u00ba SEGA.\u00a0<\/strong><\/p>\n<p>O evento, que contar\u00e1 com tr\u00eas dias de dura\u00e7\u00e3o, ter\u00e1 como foco os temas: Minera\u00e7\u00e3o, \u00d3leo e G\u00e1s e Gest\u00e3o de Ativos. Durante estes dias, acontecer\u00e3o duas palestras na parte da manh\u00e3 e duas na parte da tarde. O evento ser\u00e1 h\u00edbrido (presencial: sede do Instituto de Engenharia \/ On-line: YouTube IE).<\/p>\n<p style=\"text-align: center;\"><strong>ABORDAGEM:<\/strong><\/p>\n<p style=\"text-align: center;\"><span style=\"background-color: #ff0000; color: #ffffff;\"><strong>1\u00ba Dia<\/strong><\/span><\/p>\n<p style=\"text-align: center;\"><span style=\"background-color: #ffff00;\"><strong><em>Tema: A Minera\u00e7\u00e3o e os bens minerais\u00a0<\/em><\/strong><\/span><\/p>\n<p>Os bens minerais est\u00e3o presentes em todas atividades da sociedade moderna, sendo primordiais para nossa exist\u00eancia e das gera\u00e7\u00f5es futuras.\u00a0No condicionamento dos solos agricult\u00e1veis e na produ\u00e7\u00e3o de ra\u00e7\u00e3o animal, como tamb\u00e9m na capta\u00e7\u00e3o, tratamento e distribui\u00e7\u00e3o de \u00e1gua para o consumo humano e no saneamento b\u00e1sico.\u00a0Na gera\u00e7\u00e3o e transmiss\u00e3o de energia el\u00e9trica, na prospec\u00e7\u00e3o, produ\u00e7\u00e3o e transporte de petr\u00f3leo e g\u00e1s natural por dutos e no GLP, nos a\u00e7os, tijolos, cimento, areia e brita, rochas ornamentais, vidros e revestimentos cer\u00e2micos para constru\u00e7\u00e3o de casas, edif\u00edcios, rodovias, pontes e viadutos.\u00a0Nas ind\u00fastrias automobil\u00edstica, ferrovi\u00e1ria, naval, aeron\u00e1utica e espacial, que utilizam o a\u00e7o, o alum\u00ednio, e outras ligas met\u00e1licas e novos compostos.\u00a0Na eletrifica\u00e7\u00e3o de ciclomotores, autom\u00f3veis e equipamentos m\u00f3veis pesados e, tamb\u00e9m, nas baterias que s\u00e3o praticamente feitas de bens minerais.<\/p>\n<p>Na transforma\u00e7\u00e3o digital os eletrodom\u00e9sticos, aparelhos eletr\u00f4nicos, smartphones, telas de LCD e computadores.\u00a0Na medicina os rem\u00e9dios, instrumentos cir\u00fargicos, equipamentos de suporte \u00e0 vida e biosensores.<\/p>\n<p>\u201cTudo come\u00e7a com os bens minerais!\u201d<\/p>\n<p style=\"text-align: center;\"><span style=\"background-color: #ff0000; color: #ffffff;\"><strong>2\u00ba Dia<\/strong><\/span><\/p>\n<p style=\"text-align: center;\"><span style=\"background-color: #ffff00;\"><strong><em>Tema: Ol\u00e9o e G\u00e1s<\/em><\/strong><\/span><\/p>\n<p>Respons\u00e1vel por 47% da \u201cOferta Interna de Energia\u201d, o setor de \u00f3leo e g\u00e1s brasileiro continuar\u00e1 relevante por d\u00e9cadas, a despeito da transi\u00e7\u00e3o energ\u00e9tica. At\u00e9 o final da d\u00e9cada, as atividades de E&amp;P receber\u00e3o investimentos superiores a R$ 950 bilh\u00f5es, pagar\u00e3o mais de R$ 1,5 trilh\u00e3o em tributos e contribuir\u00e3o com a cria\u00e7\u00e3o anual m\u00e9dia de 445 mil empregos. Nos demais elos da cadeia, investimentos setoriais da ordem de R$ 10 bilh\u00f5es se somar\u00e3o a multissetoriais em infraestrutura log\u00edstica de R$ 109 bilh\u00f5es, elevando o atual n\u00famero de postos de trabalho em 284%, em 2031.<\/p>\n<p>\u00c9 preciso encarar esta janela de oportunidade com compet\u00eancia e pragmatismo, capturando os benef\u00edcios advindos do maior protagonismo do Brasil no setor de \u00d3leo &amp; G\u00e1s mundial.<\/p>\n<p style=\"text-align: center;\"><span style=\"background-color: #ffff00;\"><strong>3\u00ba Dia<\/strong><\/span><\/p>\n<p style=\"text-align: center;\"><span style=\"background-color: #ffff00;\"><strong><em> Tema: A import\u00e2ncia da Gest\u00e3o de Ativos diante da Era da Descarboniza\u00e7\u00e3o e da Digitaliza\u00e7\u00e3o<\/em><\/strong><\/span><\/p>\n<p>Hoje, a principal preocupa\u00e7\u00e3o das empresas, dentro e fora do Brasil, \u00e9 a ambiental, em linha com os 17 objetivos do desenvolvimento sustent\u00e1vel levantado pela ONU, em 2015. A grande quest\u00e3o \u00e9 entender qual ser\u00e1 a base de ativos que atender\u00e1 \u00e0 demanda por energia limpa, segura e sustent\u00e1vel, principalmente em setores como minera\u00e7\u00e3o, energia e \u00f3leo &amp; g\u00e1s.<\/p>\n<p>Neste contexto, a gest\u00e3o de ativos \u00e9 um paradigma chave para a transforma\u00e7\u00e3o digital e para a agenda de sustentabilidade, por meio da melhoria do desempenho dos ativos, tanto de efici\u00eancia como de alinhamento aos preceitos estabelecidos de ESG (<em>Environmental, Social and Governance<\/em>).<br \/>\nO objetivo do semin\u00e1rio \u00e9 mostrar como as empresas que adotaram a Gest\u00e3o de Ativos, por meio da Certifica\u00e7\u00e3o pela ABNT-NBR-ISSO-55.001, est\u00e3o tratando desses desafios.<\/p>\n<p style=\"text-align: center;\"><span style=\"background-color: #ff0000; color: #ffffff;\"><strong>PROGRAMA\u00c7\u00c3O:<\/strong><\/span><\/p>\n<p style=\"text-align: center;\"><span style=\"color: #000000; background-color: #ffff00;\"><strong>Primeiro dia (21 de novembro) &#8211; Minera\u00e7\u00e3o<\/strong><\/span><\/p>\n<p><strong>8h &#8211; Credenciamento e caf\u00e9<\/strong><\/p>\n<p><strong>9h \u00e0s 9h30 &#8211; Abertura\u00a0<\/strong><\/p>\n<p>Paulo Ferreira &#8211; Presidente do Instituto de Engenharia<br \/>\nAn\u00edbal Augusto Fernandes Junior &#8211; Presidente da Abraman<\/p>\n<p><strong>10h \u00e0s 11h30 &#8211; A nova face da Minera\u00e7\u00e3o\u00a0<\/strong><\/p>\n<p><em>Moderador: <\/em>Jose Jaime Sznelwar &#8211; Diretor da Organiza\u00e7\u00e3o Mineroneg\u00f3cio<\/p>\n<p><strong>Evolu\u00e7\u00e3o tecnol\u00f3gica e seguran\u00e7a na deposi\u00e7\u00e3o de rejeitos<\/strong><\/p>\n<p><em> Palestrante: <\/em>Geraldo Paes &#8211; Gerente Executivo Global de Getotecnida da Vale S\/A<\/p>\n<p>Roberto Kochen &#8211; Diretor T\u00e9cnico Geo Company<\/p>\n<p><strong>Pequena e M\u00e9dia Minera\u00e7\u00e3o &#8211; Import\u00e2ncia e Desenvolvimento<\/strong><br \/>\n<em>Palestrante:<\/em> Professor Giorgio de Tomi &#8211; Diretor do N\u00facleo de Apoio a Pequena e M\u00e9dia Minera\u00e7\u00e3o da USP<\/p>\n<p><strong>A import\u00e2ncia da logisitica na cadeia produtiva do min\u00e9rio de ferro <\/strong><br \/>\n<em>Palestrante:<\/em> Daniella Barros &#8211; Gerente Executiva de Portos e Ferrrovias -Vale S.A.<\/p>\n<p><strong>11h30 \u00e0s 13h &#8211; Habita\u00e7\u00e3o e Infraestrutura &#8211; Insumos Minerais para Constru\u00e7\u00e3o &#8211; Tend\u00eancias e Barreiras<\/strong><\/p>\n<p>Moderador: Jos\u00e9 Carlos Garcia &#8211; Coordenador Minera\u00e7\u00e3o, Petroleo e G\u00e1s Estado de S\u00e3o Paulo<\/p>\n<p><em>Palestrantes:\u00a0<\/em>Marcus Vinicius de Oliveira &#8211; Gerente da ANM S\u00e3o Paulo<\/p>\n<p>Glaucio Atorre Penna &#8211; Diretor de Controle e Licenciamento Ambiental &#8211; Cetesb &#8211; CETESB<\/p>\n<p>Fernando Aoki &#8211; Diretor da Prominer<\/p>\n<p><strong>13h \u00e0s 14h &#8211; Almo\u00e7o<\/strong><\/p>\n<p><strong> 14h \u00e0s 15h30 &#8211; Insumos Minerais para o Agroneg\u00f3cio &#8211; Garantindo a Seguran\u00e7a Alimentar<\/strong><br \/>\n<em>Moderador:<\/em> Roberto Busato Belger &#8211; Presidente do Conselho Organiza\u00e7\u00e3o Mineroneg\u00f3cio<\/p>\n<p><em>Palestrantes:<\/em> Gustavo Kiefer &#8211; Geologia da Potassio do Brasil e Presidente Executivo<\/p>\n<p>Jos\u00e9 Carlos Polidoro &#8211; Secret\u00e1rio Executivo do Conselho Nacional de Fertilizantes \u2013 Confert<\/p>\n<p>Ricardo Neves de Oliveira &#8211; Membro de Conselhos de Administra\u00e7\u00e3o e Consultor de Neg\u00f3cios e Processos<\/p>\n<p><strong> 15h30 \u00e0s 17<\/strong><strong>h &#8211; A\u00e7\u00f5es para o Incremento do Conhecimento Geol\u00f3gico &#8211; N\u00e3o conhecemos suficientemente o nosso subsolo<\/strong><\/p>\n<p><em>Moderador: <\/em>Prof. Roberto Perez Xavier Diretor executivo da ADIMB &#8211; Professor da UNICAMP<\/p>\n<p><em>Palestrantes: <\/em>Leandro Bertossi &#8211; Ge\u00f3logo<\/p>\n<p><strong>17h \u00e0s 17h30 &#8211; Metais Portadores de futuro &#8211; Potencial<\/strong><\/p>\n<p><em>Palestrante: <\/em>Fernando Gabriel da Silva Araujo &#8211; Diretor de Pesquisa em Engenharia e Educac\u00e3o Continuada da Funda\u00e7\u00e3o Gorceix<\/p>\n<p><strong>17h30 \u00e0s 18h &#8211; A import\u00e2ncia da log\u00edstica na cadeia produtiva do min\u00e9rio de ferro\u00a0<\/strong><\/p>\n<p><em>Palestrante:<\/em> Daniella Barros &#8211; Gerente Executiva de Portos e Ferrovias Vale S\/A<\/p>\n<p style=\"text-align: center;\"><span style=\"background-color: #ffff00;\"><strong>Segundo dia (22 de novembro) &#8211; \u00d3leo e G\u00e1s<\/strong><\/span><\/p>\n<p><strong>8h \u2013 Credenciamento e caf\u00e9<\/strong><\/p>\n<p><strong>9h &#8211; Abertura<\/strong><\/p>\n<p>Eberaldo de Almeida Neto &#8211; Ex-presidente do IBP<\/p>\n<p><strong>10h \u00e0s 11h \u2013 Matriz Energ\u00e9tica Brasileira Rumo a uma Econ\u00f4mia de Baixo Carbono (Desafio e Oportunidades)<\/strong><\/p>\n<p><em>Moderadora:<\/em> Cristina Pinho &#8211; Secret\u00e1ria Geral do IBP<\/p>\n<p><em>Palestrantes:<\/em> Aline Maria dos Santos &#8211; Assessora de Diretoria \u2013 DPG &#8211; Representando a EPE<\/p>\n<p>Mariana Imp\u00e9rio &#8211; Pesquisadora no CENERGIA (Centro de Economia Energ\u00e9tica e Ambiental) &#8211; COPPE\/UFRJ<\/p>\n<p>Viviana Canh\u00e3o Coelho &#8211; Gerente Executiva sw Mudan\u00e7as Climaticas &#8211; Petrobras<\/p>\n<p><strong>11h \u00e0s 12h \u2013 Ol\u00e9o e G\u00e1s: Como aproveitar esta janela de oportunidades e gerar riquezas para o Brasil<\/strong><\/p>\n<p><em>Moderadora:<\/em> Ieda Gomes &#8211; Non Executive Director Energy&amp;Infraestructure<\/p>\n<p><em>Palestrantes:<\/em> D\u00e9cio Oddone \u2013 CEO da ENAUTA<\/p>\n<p>Rogerio Manso &#8211; Presidente da ATG\u00e1s<\/p>\n<p>Roberto Ardenghy &#8211; Especialista em Energia, \u00d3leo e G\u00e1s e Sustentabilidade<\/p>\n<p><strong>12h \u00e0s 14h \u2013 Almo\u00e7o &#8211; <\/strong><strong>Palestra do almo\u00e7o &#8211; Solu\u00e7\u00e3o log\u00edstica de g\u00e1s natural integrada para a pr\u00f3xima d\u00e9cada &#8211; <a href=\"https:\/\/www.youtube.com\/watch?v=fE9YMeaG6mo\">CLIQUE AQUI PARA ACOMPANHAR A PALESTRA DO ALMO\u00c7O<\/a><\/strong><\/p>\n<p><em>Palestrante:<\/em> Erick Portela Pettendorfer &#8211; CEO NTS &#8211; Nova Transportadora do Sudeste S\/A<\/p>\n<p><strong>14h \u00e0s 15h \u2013 Investimentos em Downstream e Biocombust\u00edveis \u2013 Elevar a Efici\u00eancia e Descarbonizar o Setor de Transportes<\/strong><\/p>\n<p><em>Moderadora:<\/em> Anelise Lara &#8211; Ex-Diretora de Refino &amp; G\u00e1s Natural da Petrobras<\/p>\n<p><em>Palestrantes:<\/em> Luiz de Mendon\u00e7a &#8211; CEO da ACELEN<\/p>\n<p>Marcelo Bragan\u00e7a &#8211; Diretor Vice-Presidente Executivo de Opera\u00e7\u00f5es Log\u00edstica e Sourcing<\/p>\n<p><strong>16h \u00e0s 17h &#8211; Pol\u00edticas P\u00fablicas, Competitividade e Seguran\u00e7a Jur\u00eddica para Alavancar Investimentos no Setor Energ\u00e9tico<\/strong><\/p>\n<p><em>Moderadora:<\/em> Fernanda Delgado \u2013 Diretora-Executiva Corporativa do IBP<\/p>\n<p><em>Palestrantes:<\/em> Elbia Gannoum &#8211; CEO da Abeolica<\/p>\n<p>Jose Firmo &#8211; CEO Porto do A\u00e7\u00fa<\/p>\n<p>David Zylbersztajn &#8211; Ex-Diretor Geral ANP<\/p>\n<p style=\"text-align: center;\"><span style=\"background-color: #ffff00;\"><strong>Terceiro dia (23 de novembro) &#8211; Gest\u00e3o de Ativos<\/strong><\/span><\/p>\n<p><strong>8h &#8211; Credenciamento e caf\u00e9<\/strong><\/p>\n<p><strong>9h &#8211; Abertura &#8211; Os desafios e os benef\u00edcios da gest\u00e3o de ativos<\/strong><\/p>\n<p>Ademir Lino de Jesus \u2013 Gerente Corporativo de Manuten\u00e7\u00e3o e Utilidades \u2013 Hospital Benefic\u00eancia Portuguesa<\/p>\n<p>J\u00f5ao Ricardo Barusso Lafraia &#8211; Presidente do Conselho Deliberativo da ABRAMAN<\/p>\n<p><strong>10h \u00e0s 11h &#8211; A jornada para certifica\u00e7\u00e3o da primeira mineradora brasileira na ISO 55.001 de Gest\u00e3o de Ativos<\/strong><\/p>\n<p><em>Moderador:<\/em> Ivan Metran Whately &#8211; Vice-Presidente de Atividades T\u00e9cnicas do Instituto de Engenharia<\/p>\n<p><em>Palestrante:<\/em> Gustavo Lopes da Silva &#8211; Gerente Senior de Sistema de Neg\u00f3cios &#8211; Hidro Paragominas<\/p>\n<p><strong>11h \u00e0s 12h &#8211; Case &#8211; Syngenta<\/strong><\/p>\n<p><em>Moderador:<\/em> Claudio Caiano Spano \u2013 Diretor Executivo de Compass<\/p>\n<p><em>Palestrante:<\/em> Edesio Scalese Junior \u2013 Gerente de Manuten\u00e7\u00e3o LATAM E Syngenta<\/p>\n<p><strong>12h \u00e0s 14h &#8211; Almo\u00e7o\u00a0<\/strong><\/p>\n<p><strong>14h \u00e0s 15h &#8211; Case &#8211; OCYAN<\/strong><\/p>\n<p><em>Moderador:<\/em> Eberaldo Almeida Neto \u2013 IBP<\/p>\n<p><em>Palestrante:<\/em> Isaac Rodrigues de Oliveira \u2013 Gerente de Engenharia da Ocyan<\/p>\n<p><strong>16h \u00e0s 17h &#8211; Case &#8211; SABESP<\/strong><\/p>\n<p><em>Moderador:<\/em> Alan Kardec \u2013 Conselho de Administra\u00e7\u00e3o da ABRAMAN<\/p>\n<p><em>Palestrante:<\/em> D\u00e9bora Pierini Longo \u2013 Superintendente da Unidade de Neg\u00f3cios Oeste \u2013 SABESP<\/p>\n<h3 style=\"text-align: center;\"><strong>Realiza\u00e7\u00e3o<\/strong><\/h3>\n<p><img loading=\"lazy\" decoding=\"async\" class=\"wp-image-69924 alignleft\" src=\"https:\/\/www.institutodeengenharia.org.br\/site\/wp-content\/uploads\/2020\/08\/logo-novo-IE2018-2.png\" alt=\"\" width=\"228\" height=\"69\" srcset=\"https:\/\/www.institutodeengenharia.org.br\/site\/wp-content\/uploads\/2020\/08\/logo-novo-IE2018-2.png 3040w, https:\/\/www.institutodeengenharia.org.br\/site\/wp-content\/uploads\/2020\/08\/logo-novo-IE2018-2-300x91.png 300w, https:\/\/www.institutodeengenharia.org.br\/site\/wp-content\/uploads\/2020\/08\/logo-novo-IE2018-2-768x234.png 768w, https:\/\/www.institutodeengenharia.org.br\/site\/wp-content\/uploads\/2020\/08\/logo-novo-IE2018-2-1024x312.png 1024w, https:\/\/www.institutodeengenharia.org.br\/site\/wp-content\/uploads\/2020\/08\/logo-novo-IE2018-2-696x212.png 696w, https:\/\/www.institutodeengenharia.org.br\/site\/wp-content\/uploads\/2020\/08\/logo-novo-IE2018-2-1068x325.png 1068w, https:\/\/www.institutodeengenharia.org.br\/site\/wp-content\/uploads\/2020\/08\/logo-novo-IE2018-2-1379x420.png 1379w, https:\/\/www.institutodeengenharia.org.br\/site\/wp-content\/uploads\/2020\/08\/logo-novo-IE2018-2-1920x585.png 1920w, https:\/\/www.institutodeengenharia.org.br\/site\/wp-content\/uploads\/2020\/08\/logo-novo-IE2018-2-600x183.png 600w\" sizes=\"auto, (max-width: 228px) 100vw, 228px\" \/><img loading=\"lazy\" decoding=\"async\" class=\"alignnone wp-image-78544 alignleft\" src=\"https:\/\/www.institutodeengenharia.org.br\/site\/wp-content\/uploads\/2021\/03\/ABRAMAN.jpg\" alt=\"\" width=\"255\" height=\"67\" srcset=\"https:\/\/www.institutodeengenharia.org.br\/site\/wp-content\/uploads\/2021\/03\/ABRAMAN.jpg 437w, https:\/\/www.institutodeengenharia.org.br\/site\/wp-content\/uploads\/2021\/03\/ABRAMAN-300x79.jpg 300w\" sizes=\"auto, (max-width: 255px) 100vw, 255px\" \/><\/p>\n<p>&nbsp;<\/p>\n<p>&nbsp;<\/p>\n<p>&nbsp;<\/p>\n<p style=\"text-align: left;\"><strong>Eng. Ivan Metran Whately<\/strong> \u2013 Vice-Presidente de Atividades T\u00e9cnicas<\/p>\n<p style=\"text-align: left;\"><strong>Eng. Al\u00e9ssio Bento Borelli<\/strong> \u2013 Diretor do Departamento de Desenvolvimento de Tecnologia, Ind\u00fastria, Energia e Telecomunica\u00e7\u00f5es<\/p>\n<p style=\"text-align: left;\"><strong>Eng. Jos\u00e9 Eduardo Frasca Poyares Jardim<\/strong> \u2013 Coordenador da Divis\u00e3o T\u00e9cnica de Petr\u00f3leo, G\u00e1s, Bioenergia, Minera\u00e7\u00e3o e Dutovias<\/p>\n<h3 style=\"text-align: center;\"><strong>Patrocinador Diamante <\/strong><\/h3>\n<p><a href=\"https:\/\/www.ntsbrasil.com\/pt\/transparencia\/#accordion-4--section-1\"><img loading=\"lazy\" decoding=\"async\" class=\"alignnone wp-image-99773\" src=\"https:\/\/www.institutodeengenharia.org.br\/site\/wp-content\/uploads\/2022\/08\/nts_logo-colorido_cmyk.png\" alt=\"\" width=\"221\" height=\"90\" srcset=\"https:\/\/www.institutodeengenharia.org.br\/site\/wp-content\/uploads\/2022\/08\/nts_logo-colorido_cmyk.png 6221w, https:\/\/www.institutodeengenharia.org.br\/site\/wp-content\/uploads\/2022\/08\/nts_logo-colorido_cmyk-300x122.png 300w, https:\/\/www.institutodeengenharia.org.br\/site\/wp-content\/uploads\/2022\/08\/nts_logo-colorido_cmyk-1024x416.png 1024w, https:\/\/www.institutodeengenharia.org.br\/site\/wp-content\/uploads\/2022\/08\/nts_logo-colorido_cmyk-768x312.png 768w, https:\/\/www.institutodeengenharia.org.br\/site\/wp-content\/uploads\/2022\/08\/nts_logo-colorido_cmyk-1536x625.png 1536w, https:\/\/www.institutodeengenharia.org.br\/site\/wp-content\/uploads\/2022\/08\/nts_logo-colorido_cmyk-2048x833.png 2048w, https:\/\/www.institutodeengenharia.org.br\/site\/wp-content\/uploads\/2022\/08\/nts_logo-colorido_cmyk-696x283.png 696w, https:\/\/www.institutodeengenharia.org.br\/site\/wp-content\/uploads\/2022\/08\/nts_logo-colorido_cmyk-1068x434.png 1068w, https:\/\/www.institutodeengenharia.org.br\/site\/wp-content\/uploads\/2022\/08\/nts_logo-colorido_cmyk-1920x781.png 1920w, https:\/\/www.institutodeengenharia.org.br\/site\/wp-content\/uploads\/2022\/08\/nts_logo-colorido_cmyk-1033x420.png 1033w, https:\/\/www.institutodeengenharia.org.br\/site\/wp-content\/uploads\/2022\/08\/nts_logo-colorido_cmyk-600x244.png 600w\" sizes=\"auto, (max-width: 221px) 100vw, 221px\" \/>\u00a0\u00a0 <\/a><a href=\"https:\/\/site.sabesp.com.br\/site\/Default.aspx\"><img loading=\"lazy\" decoding=\"async\" class=\"alignnone wp-image-99821\" src=\"https:\/\/www.institutodeengenharia.org.br\/site\/wp-content\/uploads\/2022\/08\/Sabesp_Horizontal-2022_page-0001.jpg\" alt=\"\" width=\"286\" height=\"111\" srcset=\"https:\/\/www.institutodeengenharia.org.br\/site\/wp-content\/uploads\/2022\/08\/Sabesp_Horizontal-2022_page-0001.jpg 1747w, https:\/\/www.institutodeengenharia.org.br\/site\/wp-content\/uploads\/2022\/08\/Sabesp_Horizontal-2022_page-0001-300x116.jpg 300w, https:\/\/www.institutodeengenharia.org.br\/site\/wp-content\/uploads\/2022\/08\/Sabesp_Horizontal-2022_page-0001-1024x397.jpg 1024w, https:\/\/www.institutodeengenharia.org.br\/site\/wp-content\/uploads\/2022\/08\/Sabesp_Horizontal-2022_page-0001-768x298.jpg 768w, https:\/\/www.institutodeengenharia.org.br\/site\/wp-content\/uploads\/2022\/08\/Sabesp_Horizontal-2022_page-0001-1536x596.jpg 1536w, https:\/\/www.institutodeengenharia.org.br\/site\/wp-content\/uploads\/2022\/08\/Sabesp_Horizontal-2022_page-0001-696x270.jpg 696w, https:\/\/www.institutodeengenharia.org.br\/site\/wp-content\/uploads\/2022\/08\/Sabesp_Horizontal-2022_page-0001-1068x414.jpg 1068w, https:\/\/www.institutodeengenharia.org.br\/site\/wp-content\/uploads\/2022\/08\/Sabesp_Horizontal-2022_page-0001-1082x420.jpg 1082w, https:\/\/www.institutodeengenharia.org.br\/site\/wp-content\/uploads\/2022\/08\/Sabesp_Horizontal-2022_page-0001-600x233.jpg 600w\" sizes=\"auto, (max-width: 286px) 100vw, 286px\" \/><\/a><\/p>\n<h3 style=\"text-align: center;\"><strong>Patrocinador Platina<\/strong><\/h3>\n<p><img loading=\"lazy\" decoding=\"async\" class=\"alignnone wp-image-99937\" src=\"https:\/\/www.institutodeengenharia.org.br\/site\/wp-content\/uploads\/2022\/08\/Logo-EMAE_principal.jpg\" alt=\"\" width=\"174\" height=\"76\" srcset=\"https:\/\/www.institutodeengenharia.org.br\/site\/wp-content\/uploads\/2022\/08\/Logo-EMAE_principal.jpg 2199w, https:\/\/www.institutodeengenharia.org.br\/site\/wp-content\/uploads\/2022\/08\/Logo-EMAE_principal-300x132.jpg 300w, https:\/\/www.institutodeengenharia.org.br\/site\/wp-content\/uploads\/2022\/08\/Logo-EMAE_principal-1024x449.jpg 1024w, https:\/\/www.institutodeengenharia.org.br\/site\/wp-content\/uploads\/2022\/08\/Logo-EMAE_principal-768x337.jpg 768w, https:\/\/www.institutodeengenharia.org.br\/site\/wp-content\/uploads\/2022\/08\/Logo-EMAE_principal-1536x674.jpg 1536w, https:\/\/www.institutodeengenharia.org.br\/site\/wp-content\/uploads\/2022\/08\/Logo-EMAE_principal-2048x899.jpg 2048w, https:\/\/www.institutodeengenharia.org.br\/site\/wp-content\/uploads\/2022\/08\/Logo-EMAE_principal-696x305.jpg 696w, https:\/\/www.institutodeengenharia.org.br\/site\/wp-content\/uploads\/2022\/08\/Logo-EMAE_principal-1068x469.jpg 1068w, https:\/\/www.institutodeengenharia.org.br\/site\/wp-content\/uploads\/2022\/08\/Logo-EMAE_principal-1920x843.jpg 1920w, https:\/\/www.institutodeengenharia.org.br\/site\/wp-content\/uploads\/2022\/08\/Logo-EMAE_principal-957x420.jpg 957w, https:\/\/www.institutodeengenharia.org.br\/site\/wp-content\/uploads\/2022\/08\/Logo-EMAE_principal-600x263.jpg 600w\" sizes=\"auto, (max-width: 174px) 100vw, 174px\" \/><\/p>\n<h3 style=\"text-align: center;\"><strong>Patrocinador Ouro<\/strong><\/h3>\n<p><a href=\"https:\/\/www.3rpetroleum.com.br\/\"><img loading=\"lazy\" decoding=\"async\" class=\"alignnone wp-image-99774\" src=\"https:\/\/www.institutodeengenharia.org.br\/site\/wp-content\/uploads\/2022\/08\/Logomarca_3R_Cor_LNKD.jpg\" alt=\"\" width=\"158\" height=\"158\" srcset=\"https:\/\/www.institutodeengenharia.org.br\/site\/wp-content\/uploads\/2022\/08\/Logomarca_3R_Cor_LNKD.jpg 1117w, https:\/\/www.institutodeengenharia.org.br\/site\/wp-content\/uploads\/2022\/08\/Logomarca_3R_Cor_LNKD-300x300.jpg 300w, https:\/\/www.institutodeengenharia.org.br\/site\/wp-content\/uploads\/2022\/08\/Logomarca_3R_Cor_LNKD-1024x1024.jpg 1024w, https:\/\/www.institutodeengenharia.org.br\/site\/wp-content\/uploads\/2022\/08\/Logomarca_3R_Cor_LNKD-150x150.jpg 150w, https:\/\/www.institutodeengenharia.org.br\/site\/wp-content\/uploads\/2022\/08\/Logomarca_3R_Cor_LNKD-768x768.jpg 768w, https:\/\/www.institutodeengenharia.org.br\/site\/wp-content\/uploads\/2022\/08\/Logomarca_3R_Cor_LNKD-696x696.jpg 696w, https:\/\/www.institutodeengenharia.org.br\/site\/wp-content\/uploads\/2022\/08\/Logomarca_3R_Cor_LNKD-1068x1068.jpg 1068w, https:\/\/www.institutodeengenharia.org.br\/site\/wp-content\/uploads\/2022\/08\/Logomarca_3R_Cor_LNKD-420x420.jpg 420w, https:\/\/www.institutodeengenharia.org.br\/site\/wp-content\/uploads\/2022\/08\/Logomarca_3R_Cor_LNKD-600x600.jpg 600w, https:\/\/www.institutodeengenharia.org.br\/site\/wp-content\/uploads\/2022\/08\/Logomarca_3R_Cor_LNKD-100x100.jpg 100w\" sizes=\"auto, (max-width: 158px) 100vw, 158px\" \/><\/a><\/p>\n<h3 style=\"text-align: center;\"><strong>Apoio Institucional<\/strong><\/h3>\n<p>&nbsp;<\/p>\n<p><img loading=\"lazy\" decoding=\"async\" class=\"alignnone wp-image-100435\" src=\"https:\/\/www.institutodeengenharia.org.br\/site\/wp-content\/uploads\/2022\/08\/Novo-Logo-ANAPRE-Cor.png\" alt=\"\" width=\"124\" height=\"88\" srcset=\"https:\/\/www.institutodeengenharia.org.br\/site\/wp-content\/uploads\/2022\/08\/Novo-Logo-ANAPRE-Cor.png 599w, https:\/\/www.institutodeengenharia.org.br\/site\/wp-content\/uploads\/2022\/08\/Novo-Logo-ANAPRE-Cor-300x212.png 300w, https:\/\/www.institutodeengenharia.org.br\/site\/wp-content\/uploads\/2022\/08\/Novo-Logo-ANAPRE-Cor-593x420.png 593w, https:\/\/www.institutodeengenharia.org.br\/site\/wp-content\/uploads\/2022\/08\/Novo-Logo-ANAPRE-Cor-100x70.png 100w\" sizes=\"auto, (max-width: 124px) 100vw, 124px\" \/><img loading=\"lazy\" decoding=\"async\" class=\"alignnone wp-image-99195 size-medium\" src=\"https:\/\/www.institutodeengenharia.org.br\/site\/wp-content\/uploads\/2022\/08\/20221019_144522_0000-300x98.png\" alt=\"\" width=\"300\" height=\"98\" srcset=\"https:\/\/www.institutodeengenharia.org.br\/site\/wp-content\/uploads\/2022\/08\/20221019_144522_0000-300x98.png 300w, https:\/\/www.institutodeengenharia.org.br\/site\/wp-content\/uploads\/2022\/08\/20221019_144522_0000-1024x335.png 1024w, https:\/\/www.institutodeengenharia.org.br\/site\/wp-content\/uploads\/2022\/08\/20221019_144522_0000-768x251.png 768w, https:\/\/www.institutodeengenharia.org.br\/site\/wp-content\/uploads\/2022\/08\/20221019_144522_0000-696x228.png 696w, https:\/\/www.institutodeengenharia.org.br\/site\/wp-content\/uploads\/2022\/08\/20221019_144522_0000-600x196.png 600w, https:\/\/www.institutodeengenharia.org.br\/site\/wp-content\/uploads\/2022\/08\/20221019_144522_0000.png 1030w\" sizes=\"auto, (max-width: 300px) 100vw, 300px\" \/> <img loading=\"lazy\" decoding=\"async\" class=\"alignnone wp-image-99406\" src=\"https:\/\/www.institutodeengenharia.org.br\/site\/wp-content\/uploads\/2022\/08\/logomineronegocio.jpg\" alt=\"\" width=\"202\" height=\"51\" \/><\/p>\n<p><strong>Apoio \u00e0 forma\u00e7\u00e3o:\u00a0<\/strong><\/p>\n<p>Espa\u00e7o aberto ao CREA-SP, objetivando o aperfei\u00e7oamento dos profissionais e o aprimoramento da fiscaliza\u00e7\u00e3o das \u00e1reas abrangidas pelo Sistema Confea\/CREAs, al\u00e9m de promover a conscientiza\u00e7\u00e3o da sociedade quanto \u00e0 necessidade e obrigatoriedade de contratar um profissional devidamente habilitado.<\/p>\n","protected":false},"excerpt":{"rendered":"<p>Assista abaixo \u00e0 grava\u00e7\u00e3o do evento: + Informa\u00e7\u00f5es: &nbsp; O Instituto de Engenharia e a Associa\u00e7\u00e3o Brasileira de Manuten\u00e7\u00e3o e Gest\u00e3o de Ativos &#8211; Abraman &#8211; convidam para o\u00a01\u00ba Semin\u00e1rio de Engenharia e Gest\u00e3o de Ativos &#8211; 1\u00ba SEGA.\u00a0 O evento, que contar\u00e1 com tr\u00eas dias de dura\u00e7\u00e3o, ter\u00e1 como foco os temas: Minera\u00e7\u00e3o, \u00d3leo [&hellip;]<\/p>\n","protected":false},"author":13,"featured_media":100629,"comment_status":"open","ping_status":"open","sticky":false,"template":"","format":"video","meta":{"footnotes":""},"categories":[968,969],"tags":[],"class_list":{"0":"post-101468","1":"post","2":"type-post","3":"status-publish","4":"format-video","5":"has-post-thumbnail","7":"category-nova-tv-engenharia","8":"category-palestra","9":"post_format-post-format-video"},"yoast_head":"<!-- This site is optimized with the Yoast SEO plugin v27.2 - https:\/\/yoast.com\/product\/yoast-seo-wordpress\/ -->\n<title>1\u00ba Semin\u00e1rio de Engenharia e Gest\u00e3o de Ativos - SEGA - Instituto de Engenharia<\/title>\n<meta name=\"robots\" content=\"index, follow, max-snippet:-1, max-image-preview:large, max-video-preview:-1\" \/>\n<link rel=\"canonical\" href=\"https:\/\/www.institutodeengenharia.org.br\/site\/2022\/12\/16\/1o-seminario-de-engenharia-e-gestao-de-ativos-sega\/\" \/>\n<meta property=\"og:locale\" content=\"pt_BR\" \/>\n<meta property=\"og:type\" content=\"article\" \/>\n<meta property=\"og:title\" content=\"1\u00ba Semin\u00e1rio de Engenharia e Gest\u00e3o de Ativos - SEGA\" \/>\n<meta property=\"og:description\" content=\"O evento, que contar\u00e1 com tr\u00eas dias de dura\u00e7\u00e3o, ter\u00e1 como foco os temas: Minera\u00e7\u00e3o, \u00d3leo e G\u00e1s e Gest\u00e3o de Ativos. Durante estes dias, acontecer\u00e3o duas palestras na parte da manh\u00e3 e duas na parte da tarde. O evento ser\u00e1 h\u00edbrido (presencial: sede do Instituto de Engenharia \/ On-line: YouTube IE).\" \/>\n<meta property=\"og:url\" content=\"https:\/\/www.institutodeengenharia.org.br\/site\/2022\/12\/16\/1o-seminario-de-engenharia-e-gestao-de-ativos-sega\/\" \/>\n<meta property=\"og:site_name\" content=\"Instituto de Engenharia\" \/>\n<meta property=\"article:publisher\" content=\"https:\/\/www.facebook.com\/institutodeengenharia\" \/>\n<meta property=\"article:published_time\" content=\"2022-12-16T15:05:13+00:00\" \/>\n<meta property=\"article:modified_time\" content=\"2022-12-16T17:24:45+00:00\" \/>\n<meta property=\"og:image\" content=\"https:\/\/www.institutodeengenharia.org.br\/site\/wp-content\/uploads\/2022\/08\/SELO-SEGA-CORES-CMYK_sem-fundo.webp\" \/>\n\t<meta property=\"og:image:width\" content=\"900\" \/>\n\t<meta property=\"og:image:height\" content=\"808\" \/>\n\t<meta property=\"og:image:type\" content=\"image\/webp\" \/>\n<meta name=\"author\" content=\"Bianca\" \/>\n<meta name=\"twitter:card\" content=\"summary_large_image\" \/>\n<meta name=\"twitter:title\" content=\"1\u00ba Semin\u00e1rio de Engenharia e Gest\u00e3o de Ativos - SEGA\" \/>\n<meta name=\"twitter:description\" content=\"O evento, que contar\u00e1 com tr\u00eas dias de dura\u00e7\u00e3o, ter\u00e1 como foco os temas: Minera\u00e7\u00e3o, \u00d3leo e G\u00e1s e Gest\u00e3o de Ativos. Durante estes dias, acontecer\u00e3o duas palestras na parte da manh\u00e3 e duas na parte da tarde. O evento ser\u00e1 h\u00edbrido (presencial: sede do Instituto de Engenharia \/ On-line: YouTube IE).\" \/>\n<meta name=\"twitter:image\" content=\"https:\/\/www.institutodeengenharia.org.br\/site\/wp-content\/uploads\/2022\/08\/SELO-SEGA-CORES-CMYK_sem-fundo.webp\" \/>\n<meta name=\"twitter:creator\" content=\"@iengenharia\" \/>\n<meta name=\"twitter:site\" content=\"@iengenharia\" \/>\n<meta name=\"twitter:label1\" content=\"Escrito por\" \/>\n\t<meta name=\"twitter:data1\" content=\"Bianca\" \/>\n\t<meta name=\"twitter:label2\" content=\"Est. tempo de leitura\" \/>\n\t<meta name=\"twitter:data2\" content=\"10 minutos\" \/>\n<script type=\"application\/ld+json\" class=\"yoast-schema-graph\">{\"@context\":\"https:\/\/schema.org\",\"@graph\":[{\"@type\":\"Article\",\"@id\":\"https:\/\/www.institutodeengenharia.org.br\/site\/2022\/12\/16\/1o-seminario-de-engenharia-e-gestao-de-ativos-sega\/#article\",\"isPartOf\":{\"@id\":\"https:\/\/www.institutodeengenharia.org.br\/site\/2022\/12\/16\/1o-seminario-de-engenharia-e-gestao-de-ativos-sega\/\"},\"author\":{\"name\":\"Bianca\",\"@id\":\"https:\/\/www.institutodeengenharia.org.br\/site\/#\/schema\/person\/aeb64951c405e100d26d30b033dd423f\"},\"headline\":\"1\u00ba Semin\u00e1rio de Engenharia e Gest\u00e3o de Ativos &#8211; SEGA\",\"datePublished\":\"2022-12-16T15:05:13+00:00\",\"dateModified\":\"2022-12-16T17:24:45+00:00\",\"mainEntityOfPage\":{\"@id\":\"https:\/\/www.institutodeengenharia.org.br\/site\/2022\/12\/16\/1o-seminario-de-engenharia-e-gestao-de-ativos-sega\/\"},\"wordCount\":1617,\"commentCount\":0,\"publisher\":{\"@id\":\"https:\/\/www.institutodeengenharia.org.br\/site\/#organization\"},\"image\":{\"@id\":\"https:\/\/www.institutodeengenharia.org.br\/site\/2022\/12\/16\/1o-seminario-de-engenharia-e-gestao-de-ativos-sega\/#primaryimage\"},\"thumbnailUrl\":\"https:\/\/www.institutodeengenharia.org.br\/site\/wp-content\/uploads\/2022\/08\/SELO-SEGA-CORES-CMYK_sem-fundo.webp\",\"articleSection\":[\"Nova TV Engenharia\",\"Palestra\"],\"inLanguage\":\"pt-BR\",\"potentialAction\":[{\"@type\":\"CommentAction\",\"name\":\"Comment\",\"target\":[\"https:\/\/www.institutodeengenharia.org.br\/site\/2022\/12\/16\/1o-seminario-de-engenharia-e-gestao-de-ativos-sega\/#respond\"]}]},{\"@type\":\"WebPage\",\"@id\":\"https:\/\/www.institutodeengenharia.org.br\/site\/2022\/12\/16\/1o-seminario-de-engenharia-e-gestao-de-ativos-sega\/\",\"url\":\"https:\/\/www.institutodeengenharia.org.br\/site\/2022\/12\/16\/1o-seminario-de-engenharia-e-gestao-de-ativos-sega\/\",\"name\":\"1\u00ba Semin\u00e1rio de Engenharia e Gest\u00e3o de Ativos - SEGA - Instituto de Engenharia\",\"isPartOf\":{\"@id\":\"https:\/\/www.institutodeengenharia.org.br\/site\/#website\"},\"primaryImageOfPage\":{\"@id\":\"https:\/\/www.institutodeengenharia.org.br\/site\/2022\/12\/16\/1o-seminario-de-engenharia-e-gestao-de-ativos-sega\/#primaryimage\"},\"image\":{\"@id\":\"https:\/\/www.institutodeengenharia.org.br\/site\/2022\/12\/16\/1o-seminario-de-engenharia-e-gestao-de-ativos-sega\/#primaryimage\"},\"thumbnailUrl\":\"https:\/\/www.institutodeengenharia.org.br\/site\/wp-content\/uploads\/2022\/08\/SELO-SEGA-CORES-CMYK_sem-fundo.webp\",\"datePublished\":\"2022-12-16T15:05:13+00:00\",\"dateModified\":\"2022-12-16T17:24:45+00:00\",\"breadcrumb\":{\"@id\":\"https:\/\/www.institutodeengenharia.org.br\/site\/2022\/12\/16\/1o-seminario-de-engenharia-e-gestao-de-ativos-sega\/#breadcrumb\"},\"inLanguage\":\"pt-BR\",\"potentialAction\":[{\"@type\":\"ReadAction\",\"target\":[\"https:\/\/www.institutodeengenharia.org.br\/site\/2022\/12\/16\/1o-seminario-de-engenharia-e-gestao-de-ativos-sega\/\"]}]},{\"@type\":\"ImageObject\",\"inLanguage\":\"pt-BR\",\"@id\":\"https:\/\/www.institutodeengenharia.org.br\/site\/2022\/12\/16\/1o-seminario-de-engenharia-e-gestao-de-ativos-sega\/#primaryimage\",\"url\":\"https:\/\/www.institutodeengenharia.org.br\/site\/wp-content\/uploads\/2022\/08\/SELO-SEGA-CORES-CMYK_sem-fundo.webp\",\"contentUrl\":\"https:\/\/www.institutodeengenharia.org.br\/site\/wp-content\/uploads\/2022\/08\/SELO-SEGA-CORES-CMYK_sem-fundo.webp\",\"width\":900,\"height\":808},{\"@type\":\"BreadcrumbList\",\"@id\":\"https:\/\/www.institutodeengenharia.org.br\/site\/2022\/12\/16\/1o-seminario-de-engenharia-e-gestao-de-ativos-sega\/#breadcrumb\",\"itemListElement\":[{\"@type\":\"ListItem\",\"position\":1,\"name\":\"In\u00edcio\",\"item\":\"https:\/\/www.institutodeengenharia.org.br\/site\/\"},{\"@type\":\"ListItem\",\"position\":2,\"name\":\"1\u00ba Semin\u00e1rio de Engenharia e Gest\u00e3o de Ativos &#8211; SEGA\"}]},{\"@type\":\"WebSite\",\"@id\":\"https:\/\/www.institutodeengenharia.org.br\/site\/#website\",\"url\":\"https:\/\/www.institutodeengenharia.org.br\/site\/\",\"name\":\"Instituto de Engenharia\",\"description\":\"O Instituto de Engenharia promove a Engenharia em benef\u00edcio do desenvolvimento e da qualidade de vida da sociedade.\",\"publisher\":{\"@id\":\"https:\/\/www.institutodeengenharia.org.br\/site\/#organization\"},\"potentialAction\":[{\"@type\":\"SearchAction\",\"target\":{\"@type\":\"EntryPoint\",\"urlTemplate\":\"https:\/\/www.institutodeengenharia.org.br\/site\/?s={search_term_string}\"},\"query-input\":{\"@type\":\"PropertyValueSpecification\",\"valueRequired\":true,\"valueName\":\"search_term_string\"}}],\"inLanguage\":\"pt-BR\"},{\"@type\":\"Organization\",\"@id\":\"https:\/\/www.institutodeengenharia.org.br\/site\/#organization\",\"name\":\"Instituto de Engenharia\",\"url\":\"https:\/\/www.institutodeengenharia.org.br\/site\/\",\"logo\":{\"@type\":\"ImageObject\",\"inLanguage\":\"pt-BR\",\"@id\":\"https:\/\/www.institutodeengenharia.org.br\/site\/#\/schema\/logo\/image\/\",\"url\":\"https:\/\/www.institutodeengenharia.org.br\/site\/wp-content\/uploads\/2019\/03\/logo-novo-IE2018-1.jpg\",\"contentUrl\":\"https:\/\/www.institutodeengenharia.org.br\/site\/wp-content\/uploads\/2019\/03\/logo-novo-IE2018-1.jpg\",\"width\":1486,\"height\":1879,\"caption\":\"Instituto de Engenharia\"},\"image\":{\"@id\":\"https:\/\/www.institutodeengenharia.org.br\/site\/#\/schema\/logo\/image\/\"},\"sameAs\":[\"https:\/\/www.facebook.com\/institutodeengenharia\",\"https:\/\/x.com\/iengenharia\",\"https:\/\/www.instagram.com\/institutodeengenharia\/\",\"https:\/\/www.linkedin.com\/company\/instituto-de-engenharia\/\",\"https:\/\/www.youtube.com\/channel\/UCXiCAlsSMe977vamW915HxA\"]},{\"@type\":\"Person\",\"@id\":\"https:\/\/www.institutodeengenharia.org.br\/site\/#\/schema\/person\/aeb64951c405e100d26d30b033dd423f\",\"name\":\"Bianca\",\"image\":{\"@type\":\"ImageObject\",\"inLanguage\":\"pt-BR\",\"@id\":\"https:\/\/secure.gravatar.com\/avatar\/a6fbe9bff57405baf4c1e2c5c1811e072b558253974a9f9508f4678900c97c2a?s=96&d=mm&r=g\",\"url\":\"https:\/\/secure.gravatar.com\/avatar\/a6fbe9bff57405baf4c1e2c5c1811e072b558253974a9f9508f4678900c97c2a?s=96&d=mm&r=g\",\"contentUrl\":\"https:\/\/secure.gravatar.com\/avatar\/a6fbe9bff57405baf4c1e2c5c1811e072b558253974a9f9508f4678900c97c2a?s=96&d=mm&r=g\",\"caption\":\"Bianca\"},\"url\":\"https:\/\/www.institutodeengenharia.org.br\/site\/author\/comunicacao1\/\"}]}<\/script>\n<!-- \/ Yoast SEO plugin. -->","yoast_head_json":{"title":"1\u00ba Semin\u00e1rio de Engenharia e Gest\u00e3o de Ativos - SEGA - Instituto de Engenharia","robots":{"index":"index","follow":"follow","max-snippet":"max-snippet:-1","max-image-preview":"max-image-preview:large","max-video-preview":"max-video-preview:-1"},"canonical":"https:\/\/www.institutodeengenharia.org.br\/site\/2022\/12\/16\/1o-seminario-de-engenharia-e-gestao-de-ativos-sega\/","og_locale":"pt_BR","og_type":"article","og_title":"1\u00ba Semin\u00e1rio de Engenharia e Gest\u00e3o de Ativos - SEGA","og_description":"O evento, que contar\u00e1 com tr\u00eas dias de dura\u00e7\u00e3o, ter\u00e1 como foco os temas: Minera\u00e7\u00e3o, \u00d3leo e G\u00e1s e Gest\u00e3o de Ativos. Durante estes dias, acontecer\u00e3o duas palestras na parte da manh\u00e3 e duas na parte da tarde. O evento ser\u00e1 h\u00edbrido (presencial: sede do Instituto de Engenharia \/ On-line: YouTube IE).","og_url":"https:\/\/www.institutodeengenharia.org.br\/site\/2022\/12\/16\/1o-seminario-de-engenharia-e-gestao-de-ativos-sega\/","og_site_name":"Instituto de Engenharia","article_publisher":"https:\/\/www.facebook.com\/institutodeengenharia","article_published_time":"2022-12-16T15:05:13+00:00","article_modified_time":"2022-12-16T17:24:45+00:00","og_image":[{"width":900,"height":808,"url":"https:\/\/www.institutodeengenharia.org.br\/site\/wp-content\/uploads\/2022\/08\/SELO-SEGA-CORES-CMYK_sem-fundo.webp","type":"image\/webp"}],"author":"Bianca","twitter_card":"summary_large_image","twitter_title":"1\u00ba Semin\u00e1rio de Engenharia e Gest\u00e3o de Ativos - SEGA","twitter_description":"O evento, que contar\u00e1 com tr\u00eas dias de dura\u00e7\u00e3o, ter\u00e1 como foco os temas: Minera\u00e7\u00e3o, \u00d3leo e G\u00e1s e Gest\u00e3o de Ativos. Durante estes dias, acontecer\u00e3o duas palestras na parte da manh\u00e3 e duas na parte da tarde. O evento ser\u00e1 h\u00edbrido (presencial: sede do Instituto de Engenharia \/ On-line: YouTube IE).","twitter_image":"https:\/\/www.institutodeengenharia.org.br\/site\/wp-content\/uploads\/2022\/08\/SELO-SEGA-CORES-CMYK_sem-fundo.webp","twitter_creator":"@iengenharia","twitter_site":"@iengenharia","twitter_misc":{"Escrito por":"Bianca","Est. tempo de leitura":"10 minutos"},"schema":{"@context":"https:\/\/schema.org","@graph":[{"@type":"Article","@id":"https:\/\/www.institutodeengenharia.org.br\/site\/2022\/12\/16\/1o-seminario-de-engenharia-e-gestao-de-ativos-sega\/#article","isPartOf":{"@id":"https:\/\/www.institutodeengenharia.org.br\/site\/2022\/12\/16\/1o-seminario-de-engenharia-e-gestao-de-ativos-sega\/"},"author":{"name":"Bianca","@id":"https:\/\/www.institutodeengenharia.org.br\/site\/#\/schema\/person\/aeb64951c405e100d26d30b033dd423f"},"headline":"1\u00ba Semin\u00e1rio de Engenharia e Gest\u00e3o de Ativos &#8211; SEGA","datePublished":"2022-12-16T15:05:13+00:00","dateModified":"2022-12-16T17:24:45+00:00","mainEntityOfPage":{"@id":"https:\/\/www.institutodeengenharia.org.br\/site\/2022\/12\/16\/1o-seminario-de-engenharia-e-gestao-de-ativos-sega\/"},"wordCount":1617,"commentCount":0,"publisher":{"@id":"https:\/\/www.institutodeengenharia.org.br\/site\/#organization"},"image":{"@id":"https:\/\/www.institutodeengenharia.org.br\/site\/2022\/12\/16\/1o-seminario-de-engenharia-e-gestao-de-ativos-sega\/#primaryimage"},"thumbnailUrl":"https:\/\/www.institutodeengenharia.org.br\/site\/wp-content\/uploads\/2022\/08\/SELO-SEGA-CORES-CMYK_sem-fundo.webp","articleSection":["Nova TV Engenharia","Palestra"],"inLanguage":"pt-BR","potentialAction":[{"@type":"CommentAction","name":"Comment","target":["https:\/\/www.institutodeengenharia.org.br\/site\/2022\/12\/16\/1o-seminario-de-engenharia-e-gestao-de-ativos-sega\/#respond"]}]},{"@type":"WebPage","@id":"https:\/\/www.institutodeengenharia.org.br\/site\/2022\/12\/16\/1o-seminario-de-engenharia-e-gestao-de-ativos-sega\/","url":"https:\/\/www.institutodeengenharia.org.br\/site\/2022\/12\/16\/1o-seminario-de-engenharia-e-gestao-de-ativos-sega\/","name":"1\u00ba Semin\u00e1rio de Engenharia e Gest\u00e3o de Ativos - SEGA - Instituto de Engenharia","isPartOf":{"@id":"https:\/\/www.institutodeengenharia.org.br\/site\/#website"},"primaryImageOfPage":{"@id":"https:\/\/www.institutodeengenharia.org.br\/site\/2022\/12\/16\/1o-seminario-de-engenharia-e-gestao-de-ativos-sega\/#primaryimage"},"image":{"@id":"https:\/\/www.institutodeengenharia.org.br\/site\/2022\/12\/16\/1o-seminario-de-engenharia-e-gestao-de-ativos-sega\/#primaryimage"},"thumbnailUrl":"https:\/\/www.institutodeengenharia.org.br\/site\/wp-content\/uploads\/2022\/08\/SELO-SEGA-CORES-CMYK_sem-fundo.webp","datePublished":"2022-12-16T15:05:13+00:00","dateModified":"2022-12-16T17:24:45+00:00","breadcrumb":{"@id":"https:\/\/www.institutodeengenharia.org.br\/site\/2022\/12\/16\/1o-seminario-de-engenharia-e-gestao-de-ativos-sega\/#breadcrumb"},"inLanguage":"pt-BR","potentialAction":[{"@type":"ReadAction","target":["https:\/\/www.institutodeengenharia.org.br\/site\/2022\/12\/16\/1o-seminario-de-engenharia-e-gestao-de-ativos-sega\/"]}]},{"@type":"ImageObject","inLanguage":"pt-BR","@id":"https:\/\/www.institutodeengenharia.org.br\/site\/2022\/12\/16\/1o-seminario-de-engenharia-e-gestao-de-ativos-sega\/#primaryimage","url":"https:\/\/www.institutodeengenharia.org.br\/site\/wp-content\/uploads\/2022\/08\/SELO-SEGA-CORES-CMYK_sem-fundo.webp","contentUrl":"https:\/\/www.institutodeengenharia.org.br\/site\/wp-content\/uploads\/2022\/08\/SELO-SEGA-CORES-CMYK_sem-fundo.webp","width":900,"height":808},{"@type":"BreadcrumbList","@id":"https:\/\/www.institutodeengenharia.org.br\/site\/2022\/12\/16\/1o-seminario-de-engenharia-e-gestao-de-ativos-sega\/#breadcrumb","itemListElement":[{"@type":"ListItem","position":1,"name":"In\u00edcio","item":"https:\/\/www.institutodeengenharia.org.br\/site\/"},{"@type":"ListItem","position":2,"name":"1\u00ba Semin\u00e1rio de Engenharia e Gest\u00e3o de Ativos &#8211; SEGA"}]},{"@type":"WebSite","@id":"https:\/\/www.institutodeengenharia.org.br\/site\/#website","url":"https:\/\/www.institutodeengenharia.org.br\/site\/","name":"Instituto de Engenharia","description":"O Instituto de Engenharia promove a Engenharia em benef\u00edcio do desenvolvimento e da qualidade de vida da sociedade.","publisher":{"@id":"https:\/\/www.institutodeengenharia.org.br\/site\/#organization"},"potentialAction":[{"@type":"SearchAction","target":{"@type":"EntryPoint","urlTemplate":"https:\/\/www.institutodeengenharia.org.br\/site\/?s={search_term_string}"},"query-input":{"@type":"PropertyValueSpecification","valueRequired":true,"valueName":"search_term_string"}}],"inLanguage":"pt-BR"},{"@type":"Organization","@id":"https:\/\/www.institutodeengenharia.org.br\/site\/#organization","name":"Instituto de Engenharia","url":"https:\/\/www.institutodeengenharia.org.br\/site\/","logo":{"@type":"ImageObject","inLanguage":"pt-BR","@id":"https:\/\/www.institutodeengenharia.org.br\/site\/#\/schema\/logo\/image\/","url":"https:\/\/www.institutodeengenharia.org.br\/site\/wp-content\/uploads\/2019\/03\/logo-novo-IE2018-1.jpg","contentUrl":"https:\/\/www.institutodeengenharia.org.br\/site\/wp-content\/uploads\/2019\/03\/logo-novo-IE2018-1.jpg","width":1486,"height":1879,"caption":"Instituto de Engenharia"},"image":{"@id":"https:\/\/www.institutodeengenharia.org.br\/site\/#\/schema\/logo\/image\/"},"sameAs":["https:\/\/www.facebook.com\/institutodeengenharia","https:\/\/x.com\/iengenharia","https:\/\/www.instagram.com\/institutodeengenharia\/","https:\/\/www.linkedin.com\/company\/instituto-de-engenharia\/","https:\/\/www.youtube.com\/channel\/UCXiCAlsSMe977vamW915HxA"]},{"@type":"Person","@id":"https:\/\/www.institutodeengenharia.org.br\/site\/#\/schema\/person\/aeb64951c405e100d26d30b033dd423f","name":"Bianca","image":{"@type":"ImageObject","inLanguage":"pt-BR","@id":"https:\/\/secure.gravatar.com\/avatar\/a6fbe9bff57405baf4c1e2c5c1811e072b558253974a9f9508f4678900c97c2a?s=96&d=mm&r=g","url":"https:\/\/secure.gravatar.com\/avatar\/a6fbe9bff57405baf4c1e2c5c1811e072b558253974a9f9508f4678900c97c2a?s=96&d=mm&r=g","contentUrl":"https:\/\/secure.gravatar.com\/avatar\/a6fbe9bff57405baf4c1e2c5c1811e072b558253974a9f9508f4678900c97c2a?s=96&d=mm&r=g","caption":"Bianca"},"url":"https:\/\/www.institutodeengenharia.org.br\/site\/author\/comunicacao1\/"}]}},"_links":{"self":[{"href":"https:\/\/www.institutodeengenharia.org.br\/site\/wp-json\/wp\/v2\/posts\/101468","targetHints":{"allow":["GET"]}}],"collection":[{"href":"https:\/\/www.institutodeengenharia.org.br\/site\/wp-json\/wp\/v2\/posts"}],"about":[{"href":"https:\/\/www.institutodeengenharia.org.br\/site\/wp-json\/wp\/v2\/types\/post"}],"author":[{"embeddable":true,"href":"https:\/\/www.institutodeengenharia.org.br\/site\/wp-json\/wp\/v2\/users\/13"}],"replies":[{"embeddable":true,"href":"https:\/\/www.institutodeengenharia.org.br\/site\/wp-json\/wp\/v2\/comments?post=101468"}],"version-history":[{"count":1,"href":"https:\/\/www.institutodeengenharia.org.br\/site\/wp-json\/wp\/v2\/posts\/101468\/revisions"}],"predecessor-version":[{"id":101472,"href":"https:\/\/www.institutodeengenharia.org.br\/site\/wp-json\/wp\/v2\/posts\/101468\/revisions\/101472"}],"wp:featuredmedia":[{"embeddable":true,"href":"https:\/\/www.institutodeengenharia.org.br\/site\/wp-json\/wp\/v2\/media\/100629"}],"wp:attachment":[{"href":"https:\/\/www.institutodeengenharia.org.br\/site\/wp-json\/wp\/v2\/media?parent=101468"}],"wp:term":[{"taxonomy":"category","embeddable":true,"href":"https:\/\/www.institutodeengenharia.org.br\/site\/wp-json\/wp\/v2\/categories?post=101468"},{"taxonomy":"post_tag","embeddable":true,"href":"https:\/\/www.institutodeengenharia.org.br\/site\/wp-json\/wp\/v2\/tags?post=101468"}],"curies":[{"name":"wp","href":"https:\/\/api.w.org\/{rel}","templated":true}]}}