{"id":100994,"date":"2022-12-06T10:01:58","date_gmt":"2022-12-06T13:01:58","guid":{"rendered":"https:\/\/www.institutodeengenharia.org.br\/site\/?p=100994"},"modified":"2022-12-06T10:42:04","modified_gmt":"2022-12-06T13:42:04","slug":"seguranca-nas-vistorias","status":"publish","type":"post","link":"https:\/\/www.institutodeengenharia.org.br\/site\/2022\/12\/06\/seguranca-nas-vistorias\/","title":{"rendered":"Seguran\u00e7a nas Vistorias"},"content":{"rendered":"<div><strong>Assista abaixo \u00e0 grava\u00e7\u00e3o do evento:<\/strong><\/div>\n<div><\/div>\n<div style=\"padding: 56.25% 0 0 0; position: relative;\"><iframe style=\"position: absolute; top: 0; left: 0; width: 100%; height: 100%;\" title=\"Seguran&amp;ccedil;a nas Vistorias\" src=\"https:\/\/player.vimeo.com\/video\/776567518?h=b3e9ae3a41&amp;badge=0&amp;autopause=0&amp;player_id=0&amp;app_id=58479\" frameborder=\"0\" allowfullscreen=\"allowfullscreen\"><\/iframe><\/div>\n<div><\/div>\n<div><\/div>\n<p><strong>+ Informa\u00e7\u00f5es:<\/strong><\/p>\n<p>Conversando sobre seguran\u00e7a nas vistorias de obras e em per\u00edcias de engenharia, com apresenta\u00e7\u00e3o de exemplos pr\u00e1ticos.<\/p>\n<p><strong>P\u00fablico-alvo:<\/strong><\/p>\n<p>Engenheiros e arquitetos que atuam ou desejam atuar na \u00e1rea de per\u00edcias.<\/p>\n<p><b>Moderador:<\/b><\/p>\n<p><img loading=\"lazy\" decoding=\"async\" class=\"alignnone wp-image-91465 td-animation-stack-type0-2\" src=\"https:\/\/www.institutodeengenharia.org.br\/site\/wp-content\/uploads\/2022\/03\/jefferson.jpg\" alt=\"\" width=\"185\" height=\"178\" srcset=\"https:\/\/www.institutodeengenharia.org.br\/site\/wp-content\/uploads\/2022\/03\/jefferson.jpg 629w, https:\/\/www.institutodeengenharia.org.br\/site\/wp-content\/uploads\/2022\/03\/jefferson-300x289.jpg 300w, https:\/\/www.institutodeengenharia.org.br\/site\/wp-content\/uploads\/2022\/03\/jefferson-437x420.jpg 437w, https:\/\/www.institutodeengenharia.org.br\/site\/wp-content\/uploads\/2022\/03\/jefferson-600x577.jpg 600w\" sizes=\"auto, (max-width: 185px) 100vw, 185px\" \/><\/p>\n<p><strong>Eng. Jefferson D. Teixeira da Costa \u2013 Coordenador da Divis\u00e3o T\u00e9cnica de Seguran\u00e7a do Trabalho<\/strong><\/p>\n<p>Engenheiro Civil com 41 anos de experi\u00eancia na \u00e1rea da constru\u00e7\u00e3o civil em empresas de diferentes portes.<\/p>\n<p>Engenheiro de Seguran\u00e7a do Trabalho, 28 anos de experi\u00eancia, com viv\u00eancia na \u00e1rea de constru\u00e7\u00e3o civil, hospitalar e de institui\u00e7\u00e3o financeira.<\/p>\n<p>UNIVERSIDADE S\u00c3O JUDAS TADEU \u2013 Lecionou durante 10 anos para todas as turmas de gradua\u00e7\u00e3o de Engenharia.<\/p>\n<p>UNIP \u2013 Universidade Paulista- (desde 2004) \u2013 Docente para turmas de p\u00f3s-gradua\u00e7\u00e3o de Engenharia de Seguran\u00e7a do Trabalho.<\/p>\n<p>IAMSPE \u2013 Instituto de Assist. M\u00e9dica do Servidor P\u00fablico Estadual- Engenheiro de Seguran\u00e7a do Trabalho durante 9 anos e mais outros diversos Hospitais Privados.<\/p>\n<p>CNEC- Cons\u00f3rcio Nacional de Engenheiros Consultores \u2013 Contrato do CDH, para a obra: INCOR \u2013 INSTITUTO DO CORA\u00c7\u00c3O (65.000,00m\u00b2) \u2013 Engenheiro Civil \u2013 Gerenciamento de Obras P\u00fablicas e outras obras como Hipermercado, Ind\u00fastria, Escolas.<\/p>\n<p>Coordenador da Divis\u00e3o de Seguran\u00e7a no Trabalho do I.E.<\/p>\n<p>Gerente T\u00e9cnico da Foco Engenharia de Avalia\u00e7\u00e3o e Per\u00edcias Ltda.<\/p>\n<p><strong>Palestrantes:<\/strong><\/p>\n<p><img loading=\"lazy\" decoding=\"async\" class=\"alignnone wp-image-92434 td-animation-stack-type0-2\" src=\"https:\/\/www.institutodeengenharia.org.br\/site\/wp-content\/uploads\/2022\/05\/luishenrique.png\" alt=\"\" width=\"181\" height=\"167\" \/><\/p>\n<p><strong><span class=\"NormalTextRun SCXW260099408 BCX9\" data-ccp-parastyle=\"Default\" data-ccp-parastyle-defn=\"{&quot;ObjectId&quot;:&quot;2afcbde1-f029-4f8e-9029-f4cde204a201|33&quot;,&quot;ClassId&quot;:1073872969,&quot;Properties&quot;:[469775450,&quot;Default&quot;,201340122,&quot;2&quot;,134233614,&quot;true&quot;,469778129,&quot;Default&quot;,335572020,&quot;1&quot;,201342448,&quot;1&quot;,469777841,&quot;Times New Roman&quot;,469777842,&quot;Times New Roman&quot;,469777843,&quot;Calibri&quot;,469777844,&quot;Times New Roman&quot;,469769226,&quot;Times New Roman,Calibri&quot;,335551500,&quot;0&quot;,268442635,&quot;24&quot;,335559740,&quot;240&quot;,201341983,&quot;0&quot;,335559739,&quot;0&quot;]}\">Eng.\u00a0<\/span><span class=\"NormalTextRun SpellingErrorV2Themed SCXW260099408 BCX9\" data-ccp-parastyle=\"Default\">Luis<\/span><span class=\"NormalTextRun SCXW260099408 BCX9\" data-ccp-parastyle=\"Default\">\u00a0Henrique Moraes de Souza<\/span><span class=\"NormalTextRun SCXW260099408 BCX9\" data-ccp-parastyle=\"Default\">\u00a0\u2013\u00a0<\/span><span class=\"NormalTextRun SCXW260099408 BCX9\" data-ccp-parastyle=\"Default\">Diretor T\u00e9cnico das empresas\u00a0<\/span><span class=\"NormalTextRun SpellingErrorV2Themed SCXW260099408 BCX9\" data-ccp-parastyle=\"Default\">Consult<\/span><span class=\"NormalTextRun SCXW260099408 BCX9\" data-ccp-parastyle=\"Default\">\u00a0Peritos Associados e Super Drones S\u00e3o Paulo<\/span><\/strong><\/p>\n<p>Graduado em Engenharia Civil com \u00eanfase em Transportes pelo Centro Universit\u00e1rio FEI, com p\u00f3s-gradua\u00e7\u00e3o em Engenharia de Seguran\u00e7a e Medicina do Trabalho pela FAAP.<\/p>\n<p>Possui 35 anos de experi\u00eancias em gerenciamento de projetos e obras de pequeno, m\u00e9dio e grande portes, atuando em empresas nacionais e internacionais.<\/p>\n<p>Atuou como Docente na \u00e1rea de Engenharia Civil da UNG \u2013 Universidade de Guarulhos.<\/p>\n<p>Credenciado Engenheiro Perito Avaliador pelo Sindicato dos Engenheiros do Estado de S\u00e3o Paulo, PUC \u2013 S\u00e3o Paulo, Collibrie Tecnologias de Educa\u00e7\u00e3o, TECSYS Engenharia de Avalia\u00e7\u00f5es Imobili\u00e1rias e IBAPE SP.<\/p>\n<p>Consultor em Planejamento e Gest\u00e3o de Transportes Urbanos pelo Centro Universit\u00e1rio \u2013 FEI.<\/p>\n<p>Palestrante da carreira de Engenharia Civil e Per\u00edcias em diversas entidades de ensino.<\/p>\n<p>Auditor e Consultor em Life Coach, focado em comportamento em obra civil e relacionamento humano em equipe pela Challenger \u2013 Cursos e Treinamentos, Logos \u2013 Kotzent Consultores Associados e Audicomp da Petrobras.<\/p>\n<p>Atua como Perito Judicial, formado a mais de 25 anos, nas Varas Trabalhistas e C\u00edveis nos munic\u00edpios de S\u00e3o Paulo, S\u00e3o Caetano do Sul, Santana de Parna\u00edba, Santos, Praia Grande e Ribeir\u00e3o Pires.<\/p>\n<p><img loading=\"lazy\" decoding=\"async\" class=\"alignnone wp-image-92435 td-animation-stack-type0-2\" src=\"https:\/\/www.institutodeengenharia.org.br\/site\/wp-content\/uploads\/2022\/05\/ricardo.png\" alt=\"\" width=\"149\" height=\"202\" \/><\/p>\n<p><strong>Eng. Ricardo Henrique de A. Imamura \u2013 Coordenador da Divis\u00e3o T\u00e9cnica de Avalia\u00e7\u00f5es e Per\u00edcias<\/strong><\/p>\n<p>Engenheiro Civil pela Escola de Engenharia de Lins, 1977.<\/p>\n<p>Engenheiro pela Empresa Consultora Hidroservice \u2013 Engenharia de Projetos Ltda., atuando na Unidade de Gest\u00e3o de Contratos e Custos, Elabora\u00e7\u00e3o de Propostas T\u00e9cnicas e Econ\u00f4mico-Financeiras e Comerciais.<\/p>\n<p>Engenheiro pela S.A. Ind\u00fastrias Votorantim, Assessor da Diretoria pela Empresa Consultora Matricial Projetos e Consultoria Ltda. S\u00f3cio Propriet\u00e1rio da R.H. Imamura Peritos Consultores. S\u00f3cio Propriet\u00e1rio da Advisors Committee.<\/p>\n<p>Atua como Perito Judicial em diversas Varas C\u00edveis e da Fazenda P\u00fablica no Estado de S\u00e3o Paulo, desde 1978. Dentre sua experi\u00eancia como Perito Judicial, encontram-se a Elabora\u00e7\u00e3o de mais de 4.400 Laudos de Engenharia Legal de naturezas diversas tais como: Elabora\u00e7\u00e3o de Laudos T\u00e9cnicos de Engenharia Econ\u00f4mica relativo a Equil\u00edbrio de Contratos de Obras P\u00fablicas; Gest\u00e3o de Custos de Projetos e Empreendimentos; Elabora\u00e7\u00e3o de Laudos T\u00e9cnicos de Engenharia Legal de importantes Edifica\u00e7\u00f5es relativos a anomalias estruturais, garagens; Elabora\u00e7\u00e3o de Laudos T\u00e9cnicos de Avalia\u00e7\u00e3o de im\u00f3veis urbanos e outros; Elabora\u00e7\u00e3o de Laudos T\u00e9cnicos Ambientais; Elabora\u00e7\u00e3o de Laudos T\u00e9cnicos de Busca e Apreens\u00e3o de Softwares e Per\u00edcias de Inform\u00e1tica; Laudos T\u00e9cnicos de Auditoria em Im\u00f3veis com danos situados ao longo da Linha Amarela do Metr\u00f4 para o Cons\u00f3rcio Via Amarela com Or\u00e7amentos para Reforma e Avalia\u00e7\u00f5es em Im\u00f3veis; Elabora\u00e7\u00e3o de Laudo de Avalia\u00e7\u00e3o T\u00e9cnica de 3 Aeronaves Boeing.<\/p>\n<p>737-200 de propriedade da VASP; Acompanhamento da An\u00e1lise T\u00e9cnica Espec\u00edfica de avaria em acidente sofrido pelo Boeing 737-200 PP-SMV no Aeroporto Internacional de S\u00e3o Paulo \u2013 Cumbica; Elabora\u00e7\u00e3o de Laudos Periciais de Engenharia Civil do acidente da queda do Fokker 100 da TAM em 1996; A\u00e7\u00f5es Cautelares; Ordin\u00e1rias; Renovat\u00f3rias\/Revisionais; Execu\u00e7\u00f5es; Sum\u00e1rias; Desapropria\u00e7\u00f5es; Servid\u00f5es, Usucapi\u00f5es; Reintegrat\u00f3rias; Arbitramentos; Demarcat\u00f3rias; Vistorias \u201cAd perpetuam Rei Memoriam\u201d; Inspe\u00e7\u00e3o Predial, Ambientais, Nuncia\u00e7\u00e3o de Obra Nova; Sinistros em diversas \u00e1reas (inc\u00eandios, vendaval, RE, etc.); C\u00e1lculos de IPTU; Cr\u00e9ditos<\/p>\n<p>de ICMS\/IPI de Materiais Intermedi\u00e1rios e Energia El\u00e9trica; Laudos T\u00e9cnicos sobre produtos qu\u00edmicos (fraude, irregularidades, transporte, etc.); Busca e Apreens\u00e3o de Softwares, etc. Atuou em Media\u00e7\u00e3o junto ao Tribunal de Pequenas Causas.<\/p>\n<p>Coordenador da Divis\u00e3o T\u00e9cnica de Avalia\u00e7\u00f5es e Per\u00edcias, Vice-Coordenador da Divis\u00e3o T\u00e9cnica de Compliance, Conselheiro e Perito Especialista da C\u00e2mara de Media\u00e7\u00e3o e Arbitragem do Instituto de Engenharia \u2013 S\u00e3o Paulo. Membro de diversas Associa\u00e7\u00f5es.<\/p>\n<p>Medalha de Ouro pelo Melhor Trabalho T\u00e9cnico de 2020, \u201cEngenharia de Per\u00edcias e Avalia\u00e7\u00f5es\u201d e Medalha de Ouro pela \u201cMelhor Avalia\u00e7\u00e3o qualitativa da Divis\u00e3o T\u00e9cnica de Avalia\u00e7\u00f5es e Per\u00edcias\u201d de 2020, pelo Instituto de Engenharia.<\/p>\n<p>Men\u00e7\u00e3o Honrosa\/Medalha de Ouro pelo Melhor Trabalho T\u00e9cnico de 2021, \u201cPrevis\u00e3o para o Futuro da Engenharia\u201d, pelo Instituto de Engenharia.<\/p>\n<p><strong>Realiza\u00e7\u00e3o:<\/strong><\/p>\n<p><strong>Eng. Ivan Metran Whately<\/strong>\u00a0\u2013 Vice-Presidente de Atividades T\u00e9cnicas<\/p>\n<p><strong>Eng.\u00aa D\u00e9bora Sanches de A. Marinello<\/strong>\u00a0\u2013 Diretora do Departamento de Desenvolvimento de Gest\u00e3o e Objetivos<\/p>\n<p><strong>Eng. Jefferson D. Teixeira da Costa<\/strong>\u00a0\u2013 Coordenador da Divis\u00e3o T\u00e9cnica de Seguran\u00e7a no Trabalho<\/p>\n<p><strong>Eng. Ricardo Henrique de A. Imamura<\/strong>\u00a0\u2013 Coordenador da Divis\u00e3o T\u00e9cnica de Avalia\u00e7\u00f5es e Per\u00edcias<\/p>\n<p><strong>Apoio Institucional:<\/strong><\/p>\n<p><img loading=\"lazy\" decoding=\"async\" class=\"alignnone wp-image-77696 td-animation-stack-type0-2\" src=\"https:\/\/www.institutodeengenharia.org.br\/site\/wp-content\/uploads\/2021\/02\/crea.jpg\" alt=\"\" width=\"140\" height=\"98\" srcset=\"https:\/\/www.institutodeengenharia.org.br\/site\/wp-content\/uploads\/2021\/02\/crea.jpg 448w, https:\/\/www.institutodeengenharia.org.br\/site\/wp-content\/uploads\/2021\/02\/crea-300x211.jpg 300w, https:\/\/www.institutodeengenharia.org.br\/site\/wp-content\/uploads\/2021\/02\/crea-100x70.jpg 100w\" sizes=\"auto, (max-width: 140px) 100vw, 140px\" \/><\/p>\n<p><strong>Apoio \u00e0 forma\u00e7\u00e3o:\u00a0<\/strong><\/p>\n<p>Espa\u00e7o aberto ao CREA-SP, objetivando o aperfei\u00e7oamento dos profissionais e o aprimoramento da fiscaliza\u00e7\u00e3o das \u00e1reas abrangidas pelo Sistema Confea\/CREAs, al\u00e9m de promover a conscientiza\u00e7\u00e3o da sociedade quanto \u00e0 necessidade e obrigatoriedade de contratar um profissional devidamente habilitado.<\/p>\n","protected":false},"excerpt":{"rendered":"<p>Assista abaixo \u00e0 grava\u00e7\u00e3o do evento: + Informa\u00e7\u00f5es: Conversando sobre seguran\u00e7a nas vistorias de obras e em per\u00edcias de engenharia, com apresenta\u00e7\u00e3o de exemplos pr\u00e1ticos. P\u00fablico-alvo: Engenheiros e arquitetos que atuam ou desejam atuar na \u00e1rea de per\u00edcias. Moderador: Eng. Jefferson D. Teixeira da Costa \u2013 Coordenador da Divis\u00e3o T\u00e9cnica de Seguran\u00e7a do Trabalho Engenheiro [&hellip;]<\/p>\n","protected":false},"author":13,"featured_media":100995,"comment_status":"open","ping_status":"open","sticky":false,"template":"","format":"video","meta":{"footnotes":""},"categories":[968,969],"tags":[1176],"class_list":{"0":"post-100994","1":"post","2":"type-post","3":"status-publish","4":"format-video","5":"has-post-thumbnail","7":"category-nova-tv-engenharia","8":"category-palestra","9":"tag-video-home","10":"post_format-post-format-video"},"yoast_head":"<!-- This site is optimized with the Yoast SEO plugin v27.2 - https:\/\/yoast.com\/product\/yoast-seo-wordpress\/ -->\n<title>Seguran\u00e7a nas Vistorias - Instituto de Engenharia<\/title>\n<meta name=\"robots\" content=\"index, follow, max-snippet:-1, max-image-preview:large, max-video-preview:-1\" \/>\n<link rel=\"canonical\" href=\"https:\/\/www.institutodeengenharia.org.br\/site\/2022\/12\/06\/seguranca-nas-vistorias\/\" \/>\n<meta property=\"og:locale\" content=\"pt_BR\" \/>\n<meta property=\"og:type\" content=\"article\" \/>\n<meta property=\"og:title\" content=\"Seguran\u00e7a nas Vistorias\" \/>\n<meta property=\"og:description\" content=\"Conversando sobre seguran\u00e7a nas vistorias de obras e em per\u00edcias de engenharia, com apresenta\u00e7\u00e3o de exemplos pr\u00e1ticos.\" \/>\n<meta property=\"og:url\" content=\"https:\/\/www.institutodeengenharia.org.br\/site\/2022\/12\/06\/seguranca-nas-vistorias\/\" \/>\n<meta property=\"og:site_name\" content=\"Instituto de Engenharia\" \/>\n<meta property=\"article:publisher\" content=\"https:\/\/www.facebook.com\/institutodeengenharia\" \/>\n<meta property=\"article:published_time\" content=\"2022-12-06T13:01:58+00:00\" \/>\n<meta property=\"article:modified_time\" content=\"2022-12-06T13:42:04+00:00\" \/>\n<meta property=\"og:image\" content=\"https:\/\/www.institutodeengenharia.org.br\/site\/wp-content\/uploads\/2022\/12\/Design-sem-nome-30.jpg\" \/>\n\t<meta property=\"og:image:width\" content=\"1913\" \/>\n\t<meta property=\"og:image:height\" content=\"849\" \/>\n\t<meta property=\"og:image:type\" content=\"image\/jpeg\" \/>\n<meta name=\"author\" content=\"Bianca\" \/>\n<meta name=\"twitter:card\" content=\"summary_large_image\" \/>\n<meta name=\"twitter:title\" content=\"Seguran\u00e7a nas Vistorias\" \/>\n<meta name=\"twitter:description\" content=\"Conversando sobre seguran\u00e7a nas vistorias de obras e em per\u00edcias de engenharia, com apresenta\u00e7\u00e3o de exemplos pr\u00e1ticos.\" \/>\n<meta name=\"twitter:image\" content=\"https:\/\/www.institutodeengenharia.org.br\/site\/wp-content\/uploads\/2022\/12\/Design-sem-nome-30.jpg\" \/>\n<meta name=\"twitter:creator\" content=\"@iengenharia\" \/>\n<meta name=\"twitter:site\" content=\"@iengenharia\" \/>\n<meta name=\"twitter:label1\" content=\"Escrito por\" \/>\n\t<meta name=\"twitter:data1\" content=\"Bianca\" \/>\n\t<meta name=\"twitter:label2\" content=\"Est. tempo de leitura\" \/>\n\t<meta name=\"twitter:data2\" content=\"6 minutos\" \/>\n<script type=\"application\/ld+json\" class=\"yoast-schema-graph\">{\"@context\":\"https:\/\/schema.org\",\"@graph\":[{\"@type\":\"Article\",\"@id\":\"https:\/\/www.institutodeengenharia.org.br\/site\/2022\/12\/06\/seguranca-nas-vistorias\/#article\",\"isPartOf\":{\"@id\":\"https:\/\/www.institutodeengenharia.org.br\/site\/2022\/12\/06\/seguranca-nas-vistorias\/\"},\"author\":{\"name\":\"Bianca\",\"@id\":\"https:\/\/www.institutodeengenharia.org.br\/site\/#\/schema\/person\/aeb64951c405e100d26d30b033dd423f\"},\"headline\":\"Seguran\u00e7a nas Vistorias\",\"datePublished\":\"2022-12-06T13:01:58+00:00\",\"dateModified\":\"2022-12-06T13:42:04+00:00\",\"mainEntityOfPage\":{\"@id\":\"https:\/\/www.institutodeengenharia.org.br\/site\/2022\/12\/06\/seguranca-nas-vistorias\/\"},\"wordCount\":1069,\"commentCount\":0,\"publisher\":{\"@id\":\"https:\/\/www.institutodeengenharia.org.br\/site\/#organization\"},\"image\":{\"@id\":\"https:\/\/www.institutodeengenharia.org.br\/site\/2022\/12\/06\/seguranca-nas-vistorias\/#primaryimage\"},\"thumbnailUrl\":\"https:\/\/www.institutodeengenharia.org.br\/site\/wp-content\/uploads\/2022\/12\/Design-sem-nome-30.jpg\",\"keywords\":[\"video-home\"],\"articleSection\":[\"Nova TV Engenharia\",\"Palestra\"],\"inLanguage\":\"pt-BR\",\"potentialAction\":[{\"@type\":\"CommentAction\",\"name\":\"Comment\",\"target\":[\"https:\/\/www.institutodeengenharia.org.br\/site\/2022\/12\/06\/seguranca-nas-vistorias\/#respond\"]}]},{\"@type\":\"WebPage\",\"@id\":\"https:\/\/www.institutodeengenharia.org.br\/site\/2022\/12\/06\/seguranca-nas-vistorias\/\",\"url\":\"https:\/\/www.institutodeengenharia.org.br\/site\/2022\/12\/06\/seguranca-nas-vistorias\/\",\"name\":\"Seguran\u00e7a nas Vistorias - Instituto de Engenharia\",\"isPartOf\":{\"@id\":\"https:\/\/www.institutodeengenharia.org.br\/site\/#website\"},\"primaryImageOfPage\":{\"@id\":\"https:\/\/www.institutodeengenharia.org.br\/site\/2022\/12\/06\/seguranca-nas-vistorias\/#primaryimage\"},\"image\":{\"@id\":\"https:\/\/www.institutodeengenharia.org.br\/site\/2022\/12\/06\/seguranca-nas-vistorias\/#primaryimage\"},\"thumbnailUrl\":\"https:\/\/www.institutodeengenharia.org.br\/site\/wp-content\/uploads\/2022\/12\/Design-sem-nome-30.jpg\",\"datePublished\":\"2022-12-06T13:01:58+00:00\",\"dateModified\":\"2022-12-06T13:42:04+00:00\",\"breadcrumb\":{\"@id\":\"https:\/\/www.institutodeengenharia.org.br\/site\/2022\/12\/06\/seguranca-nas-vistorias\/#breadcrumb\"},\"inLanguage\":\"pt-BR\",\"potentialAction\":[{\"@type\":\"ReadAction\",\"target\":[\"https:\/\/www.institutodeengenharia.org.br\/site\/2022\/12\/06\/seguranca-nas-vistorias\/\"]}]},{\"@type\":\"ImageObject\",\"inLanguage\":\"pt-BR\",\"@id\":\"https:\/\/www.institutodeengenharia.org.br\/site\/2022\/12\/06\/seguranca-nas-vistorias\/#primaryimage\",\"url\":\"https:\/\/www.institutodeengenharia.org.br\/site\/wp-content\/uploads\/2022\/12\/Design-sem-nome-30.jpg\",\"contentUrl\":\"https:\/\/www.institutodeengenharia.org.br\/site\/wp-content\/uploads\/2022\/12\/Design-sem-nome-30.jpg\",\"width\":1913,\"height\":849},{\"@type\":\"BreadcrumbList\",\"@id\":\"https:\/\/www.institutodeengenharia.org.br\/site\/2022\/12\/06\/seguranca-nas-vistorias\/#breadcrumb\",\"itemListElement\":[{\"@type\":\"ListItem\",\"position\":1,\"name\":\"In\u00edcio\",\"item\":\"https:\/\/www.institutodeengenharia.org.br\/site\/\"},{\"@type\":\"ListItem\",\"position\":2,\"name\":\"Seguran\u00e7a nas Vistorias\"}]},{\"@type\":\"WebSite\",\"@id\":\"https:\/\/www.institutodeengenharia.org.br\/site\/#website\",\"url\":\"https:\/\/www.institutodeengenharia.org.br\/site\/\",\"name\":\"Instituto de Engenharia\",\"description\":\"O Instituto de Engenharia promove a Engenharia em benef\u00edcio do desenvolvimento e da qualidade de vida da sociedade.\",\"publisher\":{\"@id\":\"https:\/\/www.institutodeengenharia.org.br\/site\/#organization\"},\"potentialAction\":[{\"@type\":\"SearchAction\",\"target\":{\"@type\":\"EntryPoint\",\"urlTemplate\":\"https:\/\/www.institutodeengenharia.org.br\/site\/?s={search_term_string}\"},\"query-input\":{\"@type\":\"PropertyValueSpecification\",\"valueRequired\":true,\"valueName\":\"search_term_string\"}}],\"inLanguage\":\"pt-BR\"},{\"@type\":\"Organization\",\"@id\":\"https:\/\/www.institutodeengenharia.org.br\/site\/#organization\",\"name\":\"Instituto de Engenharia\",\"url\":\"https:\/\/www.institutodeengenharia.org.br\/site\/\",\"logo\":{\"@type\":\"ImageObject\",\"inLanguage\":\"pt-BR\",\"@id\":\"https:\/\/www.institutodeengenharia.org.br\/site\/#\/schema\/logo\/image\/\",\"url\":\"https:\/\/www.institutodeengenharia.org.br\/site\/wp-content\/uploads\/2019\/03\/logo-novo-IE2018-1.jpg\",\"contentUrl\":\"https:\/\/www.institutodeengenharia.org.br\/site\/wp-content\/uploads\/2019\/03\/logo-novo-IE2018-1.jpg\",\"width\":1486,\"height\":1879,\"caption\":\"Instituto de Engenharia\"},\"image\":{\"@id\":\"https:\/\/www.institutodeengenharia.org.br\/site\/#\/schema\/logo\/image\/\"},\"sameAs\":[\"https:\/\/www.facebook.com\/institutodeengenharia\",\"https:\/\/x.com\/iengenharia\",\"https:\/\/www.instagram.com\/institutodeengenharia\/\",\"https:\/\/www.linkedin.com\/company\/instituto-de-engenharia\/\",\"https:\/\/www.youtube.com\/channel\/UCXiCAlsSMe977vamW915HxA\"]},{\"@type\":\"Person\",\"@id\":\"https:\/\/www.institutodeengenharia.org.br\/site\/#\/schema\/person\/aeb64951c405e100d26d30b033dd423f\",\"name\":\"Bianca\",\"image\":{\"@type\":\"ImageObject\",\"inLanguage\":\"pt-BR\",\"@id\":\"https:\/\/secure.gravatar.com\/avatar\/a6fbe9bff57405baf4c1e2c5c1811e072b558253974a9f9508f4678900c97c2a?s=96&d=mm&r=g\",\"url\":\"https:\/\/secure.gravatar.com\/avatar\/a6fbe9bff57405baf4c1e2c5c1811e072b558253974a9f9508f4678900c97c2a?s=96&d=mm&r=g\",\"contentUrl\":\"https:\/\/secure.gravatar.com\/avatar\/a6fbe9bff57405baf4c1e2c5c1811e072b558253974a9f9508f4678900c97c2a?s=96&d=mm&r=g\",\"caption\":\"Bianca\"},\"url\":\"https:\/\/www.institutodeengenharia.org.br\/site\/author\/comunicacao1\/\"}]}<\/script>\n<!-- \/ Yoast SEO plugin. -->","yoast_head_json":{"title":"Seguran\u00e7a nas Vistorias - Instituto de Engenharia","robots":{"index":"index","follow":"follow","max-snippet":"max-snippet:-1","max-image-preview":"max-image-preview:large","max-video-preview":"max-video-preview:-1"},"canonical":"https:\/\/www.institutodeengenharia.org.br\/site\/2022\/12\/06\/seguranca-nas-vistorias\/","og_locale":"pt_BR","og_type":"article","og_title":"Seguran\u00e7a nas Vistorias","og_description":"Conversando sobre seguran\u00e7a nas vistorias de obras e em per\u00edcias de engenharia, com apresenta\u00e7\u00e3o de exemplos pr\u00e1ticos.","og_url":"https:\/\/www.institutodeengenharia.org.br\/site\/2022\/12\/06\/seguranca-nas-vistorias\/","og_site_name":"Instituto de Engenharia","article_publisher":"https:\/\/www.facebook.com\/institutodeengenharia","article_published_time":"2022-12-06T13:01:58+00:00","article_modified_time":"2022-12-06T13:42:04+00:00","og_image":[{"width":1913,"height":849,"url":"https:\/\/www.institutodeengenharia.org.br\/site\/wp-content\/uploads\/2022\/12\/Design-sem-nome-30.jpg","type":"image\/jpeg"}],"author":"Bianca","twitter_card":"summary_large_image","twitter_title":"Seguran\u00e7a nas Vistorias","twitter_description":"Conversando sobre seguran\u00e7a nas vistorias de obras e em per\u00edcias de engenharia, com apresenta\u00e7\u00e3o de exemplos pr\u00e1ticos.","twitter_image":"https:\/\/www.institutodeengenharia.org.br\/site\/wp-content\/uploads\/2022\/12\/Design-sem-nome-30.jpg","twitter_creator":"@iengenharia","twitter_site":"@iengenharia","twitter_misc":{"Escrito por":"Bianca","Est. tempo de leitura":"6 minutos"},"schema":{"@context":"https:\/\/schema.org","@graph":[{"@type":"Article","@id":"https:\/\/www.institutodeengenharia.org.br\/site\/2022\/12\/06\/seguranca-nas-vistorias\/#article","isPartOf":{"@id":"https:\/\/www.institutodeengenharia.org.br\/site\/2022\/12\/06\/seguranca-nas-vistorias\/"},"author":{"name":"Bianca","@id":"https:\/\/www.institutodeengenharia.org.br\/site\/#\/schema\/person\/aeb64951c405e100d26d30b033dd423f"},"headline":"Seguran\u00e7a nas Vistorias","datePublished":"2022-12-06T13:01:58+00:00","dateModified":"2022-12-06T13:42:04+00:00","mainEntityOfPage":{"@id":"https:\/\/www.institutodeengenharia.org.br\/site\/2022\/12\/06\/seguranca-nas-vistorias\/"},"wordCount":1069,"commentCount":0,"publisher":{"@id":"https:\/\/www.institutodeengenharia.org.br\/site\/#organization"},"image":{"@id":"https:\/\/www.institutodeengenharia.org.br\/site\/2022\/12\/06\/seguranca-nas-vistorias\/#primaryimage"},"thumbnailUrl":"https:\/\/www.institutodeengenharia.org.br\/site\/wp-content\/uploads\/2022\/12\/Design-sem-nome-30.jpg","keywords":["video-home"],"articleSection":["Nova TV Engenharia","Palestra"],"inLanguage":"pt-BR","potentialAction":[{"@type":"CommentAction","name":"Comment","target":["https:\/\/www.institutodeengenharia.org.br\/site\/2022\/12\/06\/seguranca-nas-vistorias\/#respond"]}]},{"@type":"WebPage","@id":"https:\/\/www.institutodeengenharia.org.br\/site\/2022\/12\/06\/seguranca-nas-vistorias\/","url":"https:\/\/www.institutodeengenharia.org.br\/site\/2022\/12\/06\/seguranca-nas-vistorias\/","name":"Seguran\u00e7a nas Vistorias - Instituto de Engenharia","isPartOf":{"@id":"https:\/\/www.institutodeengenharia.org.br\/site\/#website"},"primaryImageOfPage":{"@id":"https:\/\/www.institutodeengenharia.org.br\/site\/2022\/12\/06\/seguranca-nas-vistorias\/#primaryimage"},"image":{"@id":"https:\/\/www.institutodeengenharia.org.br\/site\/2022\/12\/06\/seguranca-nas-vistorias\/#primaryimage"},"thumbnailUrl":"https:\/\/www.institutodeengenharia.org.br\/site\/wp-content\/uploads\/2022\/12\/Design-sem-nome-30.jpg","datePublished":"2022-12-06T13:01:58+00:00","dateModified":"2022-12-06T13:42:04+00:00","breadcrumb":{"@id":"https:\/\/www.institutodeengenharia.org.br\/site\/2022\/12\/06\/seguranca-nas-vistorias\/#breadcrumb"},"inLanguage":"pt-BR","potentialAction":[{"@type":"ReadAction","target":["https:\/\/www.institutodeengenharia.org.br\/site\/2022\/12\/06\/seguranca-nas-vistorias\/"]}]},{"@type":"ImageObject","inLanguage":"pt-BR","@id":"https:\/\/www.institutodeengenharia.org.br\/site\/2022\/12\/06\/seguranca-nas-vistorias\/#primaryimage","url":"https:\/\/www.institutodeengenharia.org.br\/site\/wp-content\/uploads\/2022\/12\/Design-sem-nome-30.jpg","contentUrl":"https:\/\/www.institutodeengenharia.org.br\/site\/wp-content\/uploads\/2022\/12\/Design-sem-nome-30.jpg","width":1913,"height":849},{"@type":"BreadcrumbList","@id":"https:\/\/www.institutodeengenharia.org.br\/site\/2022\/12\/06\/seguranca-nas-vistorias\/#breadcrumb","itemListElement":[{"@type":"ListItem","position":1,"name":"In\u00edcio","item":"https:\/\/www.institutodeengenharia.org.br\/site\/"},{"@type":"ListItem","position":2,"name":"Seguran\u00e7a nas Vistorias"}]},{"@type":"WebSite","@id":"https:\/\/www.institutodeengenharia.org.br\/site\/#website","url":"https:\/\/www.institutodeengenharia.org.br\/site\/","name":"Instituto de Engenharia","description":"O Instituto de Engenharia promove a Engenharia em benef\u00edcio do desenvolvimento e da qualidade de vida da sociedade.","publisher":{"@id":"https:\/\/www.institutodeengenharia.org.br\/site\/#organization"},"potentialAction":[{"@type":"SearchAction","target":{"@type":"EntryPoint","urlTemplate":"https:\/\/www.institutodeengenharia.org.br\/site\/?s={search_term_string}"},"query-input":{"@type":"PropertyValueSpecification","valueRequired":true,"valueName":"search_term_string"}}],"inLanguage":"pt-BR"},{"@type":"Organization","@id":"https:\/\/www.institutodeengenharia.org.br\/site\/#organization","name":"Instituto de Engenharia","url":"https:\/\/www.institutodeengenharia.org.br\/site\/","logo":{"@type":"ImageObject","inLanguage":"pt-BR","@id":"https:\/\/www.institutodeengenharia.org.br\/site\/#\/schema\/logo\/image\/","url":"https:\/\/www.institutodeengenharia.org.br\/site\/wp-content\/uploads\/2019\/03\/logo-novo-IE2018-1.jpg","contentUrl":"https:\/\/www.institutodeengenharia.org.br\/site\/wp-content\/uploads\/2019\/03\/logo-novo-IE2018-1.jpg","width":1486,"height":1879,"caption":"Instituto de Engenharia"},"image":{"@id":"https:\/\/www.institutodeengenharia.org.br\/site\/#\/schema\/logo\/image\/"},"sameAs":["https:\/\/www.facebook.com\/institutodeengenharia","https:\/\/x.com\/iengenharia","https:\/\/www.instagram.com\/institutodeengenharia\/","https:\/\/www.linkedin.com\/company\/instituto-de-engenharia\/","https:\/\/www.youtube.com\/channel\/UCXiCAlsSMe977vamW915HxA"]},{"@type":"Person","@id":"https:\/\/www.institutodeengenharia.org.br\/site\/#\/schema\/person\/aeb64951c405e100d26d30b033dd423f","name":"Bianca","image":{"@type":"ImageObject","inLanguage":"pt-BR","@id":"https:\/\/secure.gravatar.com\/avatar\/a6fbe9bff57405baf4c1e2c5c1811e072b558253974a9f9508f4678900c97c2a?s=96&d=mm&r=g","url":"https:\/\/secure.gravatar.com\/avatar\/a6fbe9bff57405baf4c1e2c5c1811e072b558253974a9f9508f4678900c97c2a?s=96&d=mm&r=g","contentUrl":"https:\/\/secure.gravatar.com\/avatar\/a6fbe9bff57405baf4c1e2c5c1811e072b558253974a9f9508f4678900c97c2a?s=96&d=mm&r=g","caption":"Bianca"},"url":"https:\/\/www.institutodeengenharia.org.br\/site\/author\/comunicacao1\/"}]}},"_links":{"self":[{"href":"https:\/\/www.institutodeengenharia.org.br\/site\/wp-json\/wp\/v2\/posts\/100994","targetHints":{"allow":["GET"]}}],"collection":[{"href":"https:\/\/www.institutodeengenharia.org.br\/site\/wp-json\/wp\/v2\/posts"}],"about":[{"href":"https:\/\/www.institutodeengenharia.org.br\/site\/wp-json\/wp\/v2\/types\/post"}],"author":[{"embeddable":true,"href":"https:\/\/www.institutodeengenharia.org.br\/site\/wp-json\/wp\/v2\/users\/13"}],"replies":[{"embeddable":true,"href":"https:\/\/www.institutodeengenharia.org.br\/site\/wp-json\/wp\/v2\/comments?post=100994"}],"version-history":[{"count":1,"href":"https:\/\/www.institutodeengenharia.org.br\/site\/wp-json\/wp\/v2\/posts\/100994\/revisions"}],"predecessor-version":[{"id":100996,"href":"https:\/\/www.institutodeengenharia.org.br\/site\/wp-json\/wp\/v2\/posts\/100994\/revisions\/100996"}],"wp:featuredmedia":[{"embeddable":true,"href":"https:\/\/www.institutodeengenharia.org.br\/site\/wp-json\/wp\/v2\/media\/100995"}],"wp:attachment":[{"href":"https:\/\/www.institutodeengenharia.org.br\/site\/wp-json\/wp\/v2\/media?parent=100994"}],"wp:term":[{"taxonomy":"category","embeddable":true,"href":"https:\/\/www.institutodeengenharia.org.br\/site\/wp-json\/wp\/v2\/categories?post=100994"},{"taxonomy":"post_tag","embeddable":true,"href":"https:\/\/www.institutodeengenharia.org.br\/site\/wp-json\/wp\/v2\/tags?post=100994"}],"curies":[{"name":"wp","href":"https:\/\/api.w.org\/{rel}","templated":true}]}}