{"id":100355,"date":"2022-11-17T12:36:24","date_gmt":"2022-11-17T15:36:24","guid":{"rendered":"https:\/\/www.institutodeengenharia.org.br\/site\/?p=100355"},"modified":"2022-11-17T12:36:24","modified_gmt":"2022-11-17T15:36:24","slug":"duplicacao-do-trecho-de-serra-da-rodovia-dos-tamoios-viaduto-v3","status":"publish","type":"post","link":"https:\/\/www.institutodeengenharia.org.br\/site\/2022\/11\/17\/duplicacao-do-trecho-de-serra-da-rodovia-dos-tamoios-viaduto-v3\/","title":{"rendered":"Duplica\u00e7\u00e3o do trecho de Serra da Rodovia dos Tamoios \u2013 Viaduto V3"},"content":{"rendered":"<p><strong>Assista abaixo \u00e0 grava\u00e7\u00e3o do evento:<\/strong><\/p>\n<div style=\"padding: 56.25% 0 0 0; position: relative;\"><iframe style=\"position: absolute; top: 0; left: 0; width: 100%; height: 100%;\" title=\"Duplica&amp;ccedil;&amp;atilde;o do Trecho de Serra da Rodovia dos Tamoios\" src=\"https:\/\/player.vimeo.com\/video\/771971361?h=fd7c5e2478&amp;badge=0&amp;autopause=0&amp;player_id=0&amp;app_id=58479\" frameborder=\"0\" allowfullscreen=\"allowfullscreen\"><\/iframe><\/div>\n<p><script src=\"https:\/\/player.vimeo.com\/api\/player.js\"><\/script><\/p>\n<p><strong>+ Informa\u00e7\u00f5es:<\/strong><\/p>\n<p>Eng. Rafael Timerman, Eng. Douglas Couto e Eng.\u00aa Patr\u00edcia Bonilha<\/p>\n<p><strong>Abordagem<\/strong><br \/>\nVis\u00e3o geral da obra da duplica\u00e7\u00e3o e seus viadutos; metodologia construtiva por<br \/>\nbalan\u00e7os sucessivos; detalhes do projeto do viaduto V3; aspectos normativos \u2013<br \/>\nNBR 7187:2021, detalhes do acompanhamento da constru\u00e7\u00e3o e controle de<br \/>\nflechas.<\/p>\n<p><strong>P\u00fablico-alvo<\/strong><br \/>\nEstudantes de Engenharia e engenheiros<\/p>\n<p><strong>Realiza\u00e7\u00e3o<\/strong><\/p>\n<p><img loading=\"lazy\" decoding=\"async\" class=\"wp-image-81229 alignleft td-animation-stack-type0-2\" src=\"https:\/\/www.institutodeengenharia.org.br\/site\/wp-content\/uploads\/2021\/05\/ie-logo-escudo.jpeg\" alt=\"\" width=\"138\" height=\"175\" srcset=\"https:\/\/www.institutodeengenharia.org.br\/site\/wp-content\/uploads\/2021\/05\/ie-logo-escudo.jpeg 1012w, https:\/\/www.institutodeengenharia.org.br\/site\/wp-content\/uploads\/2021\/05\/ie-logo-escudo-237x300.jpeg 237w, https:\/\/www.institutodeengenharia.org.br\/site\/wp-content\/uploads\/2021\/05\/ie-logo-escudo-810x1024.jpeg 810w, https:\/\/www.institutodeengenharia.org.br\/site\/wp-content\/uploads\/2021\/05\/ie-logo-escudo-768x971.jpeg 768w, https:\/\/www.institutodeengenharia.org.br\/site\/wp-content\/uploads\/2021\/05\/ie-logo-escudo-696x880.jpeg 696w, https:\/\/www.institutodeengenharia.org.br\/site\/wp-content\/uploads\/2021\/05\/ie-logo-escudo-332x420.jpeg 332w, https:\/\/www.institutodeengenharia.org.br\/site\/wp-content\/uploads\/2021\/05\/ie-logo-escudo-600x759.jpeg 600w\" sizes=\"auto, (max-width: 138px) 100vw, 138px\" \/><br \/>\n<strong>Eng. Ivan Metran Whately<\/strong>\u00a0\u2013 Vice-presidente de Atividades T\u00e9cnicas<br \/>\n<strong>Eng. Francisco Jos\u00e9 Pereira de Oliveira<\/strong>\u00a0\u2013 Diretor do Departamento de Desenvolvimento de Projeto e Servi\u00e7os de Infraestrutura<br \/>\n<strong>Eng. Rafael Timerman<\/strong>\u00a0\u2013 Coordenador da Divis\u00e3o T\u00e9cnica de Estruturas e Controle Tecnol\u00f3gico<\/p>\n<p>&nbsp;<\/p>\n<p><strong>Correaliza\u00e7\u00e3o<\/strong><\/p>\n<p><img loading=\"lazy\" decoding=\"async\" class=\"alignnone wp-image-91962 td-animation-stack-type0-2\" src=\"https:\/\/www.institutodeengenharia.org.br\/site\/wp-content\/uploads\/2022\/04\/IBRACON-50-anos.png\" alt=\"\" width=\"210\" height=\"210\" srcset=\"https:\/\/www.institutodeengenharia.org.br\/site\/wp-content\/uploads\/2022\/04\/IBRACON-50-anos.png 720w, https:\/\/www.institutodeengenharia.org.br\/site\/wp-content\/uploads\/2022\/04\/IBRACON-50-anos-300x300.png 300w, https:\/\/www.institutodeengenharia.org.br\/site\/wp-content\/uploads\/2022\/04\/IBRACON-50-anos-150x150.png 150w, https:\/\/www.institutodeengenharia.org.br\/site\/wp-content\/uploads\/2022\/04\/IBRACON-50-anos-696x697.png 696w, https:\/\/www.institutodeengenharia.org.br\/site\/wp-content\/uploads\/2022\/04\/IBRACON-50-anos-419x420.png 419w, https:\/\/www.institutodeengenharia.org.br\/site\/wp-content\/uploads\/2022\/04\/IBRACON-50-anos-600x601.png 600w, https:\/\/www.institutodeengenharia.org.br\/site\/wp-content\/uploads\/2022\/04\/IBRACON-50-anos-100x100.png 100w\" sizes=\"auto, (max-width: 210px) 100vw, 210px\" \/><img loading=\"lazy\" decoding=\"async\" class=\"alignnone wp-image-71932 td-animation-stack-type0-2\" src=\"https:\/\/www.institutodeengenharia.org.br\/site\/wp-content\/uploads\/2020\/10\/ABECE.jpg\" alt=\"\" width=\"214\" height=\"133\" srcset=\"https:\/\/www.institutodeengenharia.org.br\/site\/wp-content\/uploads\/2020\/10\/ABECE.jpg 306w, https:\/\/www.institutodeengenharia.org.br\/site\/wp-content\/uploads\/2020\/10\/ABECE-300x186.jpg 300w\" sizes=\"auto, (max-width: 214px) 100vw, 214px\" \/><\/p>\n<p>&nbsp;<\/p>\n<p><strong>Apoio Institucional<\/strong><\/p>\n<p><img loading=\"lazy\" decoding=\"async\" class=\"wp-image-77696 alignleft td-animation-stack-type0-2\" src=\"https:\/\/www.institutodeengenharia.org.br\/site\/wp-content\/uploads\/2021\/02\/crea.jpg\" alt=\"\" width=\"196\" height=\"138\" srcset=\"https:\/\/www.institutodeengenharia.org.br\/site\/wp-content\/uploads\/2021\/02\/crea.jpg 448w, https:\/\/www.institutodeengenharia.org.br\/site\/wp-content\/uploads\/2021\/02\/crea-300x211.jpg 300w, https:\/\/www.institutodeengenharia.org.br\/site\/wp-content\/uploads\/2021\/02\/crea-100x70.jpg 100w\" sizes=\"auto, (max-width: 196px) 100vw, 196px\" \/><\/p>\n<p>&nbsp;<\/p>\n<p>&nbsp;<\/p>\n<p>&nbsp;<\/p>\n<p>&nbsp;<\/p>\n<p><strong>Apoio \u00e0 forma\u00e7\u00e3o:\u00a0<\/strong><\/p>\n<p>Espa\u00e7o aberto ao CREA-SP, objetivando o aperfei\u00e7oamento dos profissionais e o aprimoramento da fiscaliza\u00e7\u00e3o das \u00e1reas abrangidas pelo Sistema Confea\/CREAs, al\u00e9m de promover a conscientiza\u00e7\u00e3o da sociedade quanto \u00e0 necessidade e obrigatoriedade de contratar um profissional devidamente habilitado.<\/p>\n","protected":false},"excerpt":{"rendered":"<p>Assista abaixo \u00e0 grava\u00e7\u00e3o do evento: + Informa\u00e7\u00f5es: Eng. Rafael Timerman, Eng. Douglas Couto e Eng.\u00aa Patr\u00edcia Bonilha Abordagem Vis\u00e3o geral da obra da duplica\u00e7\u00e3o e seus viadutos; metodologia construtiva por balan\u00e7os sucessivos; detalhes do projeto do viaduto V3; aspectos normativos \u2013 NBR 7187:2021, detalhes do acompanhamento da constru\u00e7\u00e3o e controle de flechas. P\u00fablico-alvo Estudantes [&hellip;]<\/p>\n","protected":false},"author":13,"featured_media":94873,"comment_status":"open","ping_status":"open","sticky":false,"template":"","format":"video","meta":{"footnotes":""},"categories":[968,969],"tags":[1176],"class_list":{"0":"post-100355","1":"post","2":"type-post","3":"status-publish","4":"format-video","5":"has-post-thumbnail","7":"category-nova-tv-engenharia","8":"category-palestra","9":"tag-video-home","10":"post_format-post-format-video"},"yoast_head":"<!-- This site is optimized with the Yoast SEO plugin v27.2 - https:\/\/yoast.com\/product\/yoast-seo-wordpress\/ -->\n<title>Duplica\u00e7\u00e3o do trecho de Serra da Rodovia dos Tamoios \u2013 Viaduto V3 - Instituto de Engenharia<\/title>\n<meta name=\"robots\" content=\"index, follow, max-snippet:-1, max-image-preview:large, max-video-preview:-1\" \/>\n<link rel=\"canonical\" href=\"https:\/\/www.institutodeengenharia.org.br\/site\/2022\/11\/17\/duplicacao-do-trecho-de-serra-da-rodovia-dos-tamoios-viaduto-v3\/\" \/>\n<meta property=\"og:locale\" content=\"pt_BR\" \/>\n<meta property=\"og:type\" content=\"article\" \/>\n<meta property=\"og:title\" content=\"Duplica\u00e7\u00e3o do trecho de Serra da Rodovia dos Tamoios \u2013 Viaduto V3\" \/>\n<meta property=\"og:description\" content=\"Vis\u00e3o geral da obra da duplica\u00e7\u00e3o e seus viadutos; metodologia construtiva porbalan\u00e7os sucessivos; detalhes do projeto do viaduto V3; aspectos normativos \u2013NBR 7187:2021, detalhes do acompanhamento da constru\u00e7\u00e3o e controle deflechas.\" \/>\n<meta property=\"og:url\" content=\"https:\/\/www.institutodeengenharia.org.br\/site\/2022\/11\/17\/duplicacao-do-trecho-de-serra-da-rodovia-dos-tamoios-viaduto-v3\/\" \/>\n<meta property=\"og:site_name\" content=\"Instituto de Engenharia\" \/>\n<meta property=\"article:publisher\" content=\"https:\/\/www.facebook.com\/institutodeengenharia\" \/>\n<meta property=\"article:published_time\" content=\"2022-11-17T15:36:24+00:00\" \/>\n<meta property=\"og:image\" content=\"https:\/\/www.institutodeengenharia.org.br\/site\/wp-content\/uploads\/2022\/06\/Viaduto_V3-scaled.jpg\" \/>\n\t<meta property=\"og:image:width\" content=\"2560\" \/>\n\t<meta property=\"og:image:height\" content=\"1440\" \/>\n\t<meta property=\"og:image:type\" content=\"image\/jpeg\" \/>\n<meta name=\"author\" content=\"Bianca\" \/>\n<meta name=\"twitter:card\" content=\"summary_large_image\" \/>\n<meta name=\"twitter:title\" content=\"Duplica\u00e7\u00e3o do trecho de Serra da Rodovia dos Tamoios \u2013 Viaduto V3\" \/>\n<meta name=\"twitter:description\" content=\"Vis\u00e3o geral da obra da duplica\u00e7\u00e3o e seus viadutos; metodologia construtiva porbalan\u00e7os sucessivos; detalhes do projeto do viaduto V3; aspectos normativos \u2013NBR 7187:2021, detalhes do acompanhamento da constru\u00e7\u00e3o e controle deflechas.\" \/>\n<meta name=\"twitter:image\" content=\"https:\/\/www.institutodeengenharia.org.br\/site\/wp-content\/uploads\/2022\/06\/Viaduto_V3-scaled.jpg\" \/>\n<meta name=\"twitter:creator\" content=\"@iengenharia\" \/>\n<meta name=\"twitter:site\" content=\"@iengenharia\" \/>\n<meta name=\"twitter:label1\" content=\"Escrito por\" \/>\n\t<meta name=\"twitter:data1\" content=\"Bianca\" \/>\n\t<meta name=\"twitter:label2\" content=\"Est. tempo de leitura\" \/>\n\t<meta name=\"twitter:data2\" content=\"2 minutos\" \/>\n<script type=\"application\/ld+json\" class=\"yoast-schema-graph\">{\"@context\":\"https:\/\/schema.org\",\"@graph\":[{\"@type\":\"Article\",\"@id\":\"https:\/\/www.institutodeengenharia.org.br\/site\/2022\/11\/17\/duplicacao-do-trecho-de-serra-da-rodovia-dos-tamoios-viaduto-v3\/#article\",\"isPartOf\":{\"@id\":\"https:\/\/www.institutodeengenharia.org.br\/site\/2022\/11\/17\/duplicacao-do-trecho-de-serra-da-rodovia-dos-tamoios-viaduto-v3\/\"},\"author\":{\"name\":\"Bianca\",\"@id\":\"https:\/\/www.institutodeengenharia.org.br\/site\/#\/schema\/person\/aeb64951c405e100d26d30b033dd423f\"},\"headline\":\"Duplica\u00e7\u00e3o do trecho de Serra da Rodovia dos Tamoios \u2013 Viaduto V3\",\"datePublished\":\"2022-11-17T15:36:24+00:00\",\"mainEntityOfPage\":{\"@id\":\"https:\/\/www.institutodeengenharia.org.br\/site\/2022\/11\/17\/duplicacao-do-trecho-de-serra-da-rodovia-dos-tamoios-viaduto-v3\/\"},\"wordCount\":175,\"commentCount\":0,\"publisher\":{\"@id\":\"https:\/\/www.institutodeengenharia.org.br\/site\/#organization\"},\"image\":{\"@id\":\"https:\/\/www.institutodeengenharia.org.br\/site\/2022\/11\/17\/duplicacao-do-trecho-de-serra-da-rodovia-dos-tamoios-viaduto-v3\/#primaryimage\"},\"thumbnailUrl\":\"https:\/\/www.institutodeengenharia.org.br\/site\/wp-content\/uploads\/2022\/06\/Viaduto_V3-scaled.jpg\",\"keywords\":[\"video-home\"],\"articleSection\":[\"Nova TV Engenharia\",\"Palestra\"],\"inLanguage\":\"pt-BR\",\"potentialAction\":[{\"@type\":\"CommentAction\",\"name\":\"Comment\",\"target\":[\"https:\/\/www.institutodeengenharia.org.br\/site\/2022\/11\/17\/duplicacao-do-trecho-de-serra-da-rodovia-dos-tamoios-viaduto-v3\/#respond\"]}]},{\"@type\":\"WebPage\",\"@id\":\"https:\/\/www.institutodeengenharia.org.br\/site\/2022\/11\/17\/duplicacao-do-trecho-de-serra-da-rodovia-dos-tamoios-viaduto-v3\/\",\"url\":\"https:\/\/www.institutodeengenharia.org.br\/site\/2022\/11\/17\/duplicacao-do-trecho-de-serra-da-rodovia-dos-tamoios-viaduto-v3\/\",\"name\":\"Duplica\u00e7\u00e3o do trecho de Serra da Rodovia dos Tamoios \u2013 Viaduto V3 - Instituto de Engenharia\",\"isPartOf\":{\"@id\":\"https:\/\/www.institutodeengenharia.org.br\/site\/#website\"},\"primaryImageOfPage\":{\"@id\":\"https:\/\/www.institutodeengenharia.org.br\/site\/2022\/11\/17\/duplicacao-do-trecho-de-serra-da-rodovia-dos-tamoios-viaduto-v3\/#primaryimage\"},\"image\":{\"@id\":\"https:\/\/www.institutodeengenharia.org.br\/site\/2022\/11\/17\/duplicacao-do-trecho-de-serra-da-rodovia-dos-tamoios-viaduto-v3\/#primaryimage\"},\"thumbnailUrl\":\"https:\/\/www.institutodeengenharia.org.br\/site\/wp-content\/uploads\/2022\/06\/Viaduto_V3-scaled.jpg\",\"datePublished\":\"2022-11-17T15:36:24+00:00\",\"breadcrumb\":{\"@id\":\"https:\/\/www.institutodeengenharia.org.br\/site\/2022\/11\/17\/duplicacao-do-trecho-de-serra-da-rodovia-dos-tamoios-viaduto-v3\/#breadcrumb\"},\"inLanguage\":\"pt-BR\",\"potentialAction\":[{\"@type\":\"ReadAction\",\"target\":[\"https:\/\/www.institutodeengenharia.org.br\/site\/2022\/11\/17\/duplicacao-do-trecho-de-serra-da-rodovia-dos-tamoios-viaduto-v3\/\"]}]},{\"@type\":\"ImageObject\",\"inLanguage\":\"pt-BR\",\"@id\":\"https:\/\/www.institutodeengenharia.org.br\/site\/2022\/11\/17\/duplicacao-do-trecho-de-serra-da-rodovia-dos-tamoios-viaduto-v3\/#primaryimage\",\"url\":\"https:\/\/www.institutodeengenharia.org.br\/site\/wp-content\/uploads\/2022\/06\/Viaduto_V3-scaled.jpg\",\"contentUrl\":\"https:\/\/www.institutodeengenharia.org.br\/site\/wp-content\/uploads\/2022\/06\/Viaduto_V3-scaled.jpg\",\"width\":2560,\"height\":1440,\"caption\":\"default\"},{\"@type\":\"BreadcrumbList\",\"@id\":\"https:\/\/www.institutodeengenharia.org.br\/site\/2022\/11\/17\/duplicacao-do-trecho-de-serra-da-rodovia-dos-tamoios-viaduto-v3\/#breadcrumb\",\"itemListElement\":[{\"@type\":\"ListItem\",\"position\":1,\"name\":\"In\u00edcio\",\"item\":\"https:\/\/www.institutodeengenharia.org.br\/site\/\"},{\"@type\":\"ListItem\",\"position\":2,\"name\":\"Duplica\u00e7\u00e3o do trecho de Serra da Rodovia dos Tamoios \u2013 Viaduto V3\"}]},{\"@type\":\"WebSite\",\"@id\":\"https:\/\/www.institutodeengenharia.org.br\/site\/#website\",\"url\":\"https:\/\/www.institutodeengenharia.org.br\/site\/\",\"name\":\"Instituto de Engenharia\",\"description\":\"O Instituto de Engenharia promove a Engenharia em benef\u00edcio do desenvolvimento e da qualidade de vida da sociedade.\",\"publisher\":{\"@id\":\"https:\/\/www.institutodeengenharia.org.br\/site\/#organization\"},\"potentialAction\":[{\"@type\":\"SearchAction\",\"target\":{\"@type\":\"EntryPoint\",\"urlTemplate\":\"https:\/\/www.institutodeengenharia.org.br\/site\/?s={search_term_string}\"},\"query-input\":{\"@type\":\"PropertyValueSpecification\",\"valueRequired\":true,\"valueName\":\"search_term_string\"}}],\"inLanguage\":\"pt-BR\"},{\"@type\":\"Organization\",\"@id\":\"https:\/\/www.institutodeengenharia.org.br\/site\/#organization\",\"name\":\"Instituto de Engenharia\",\"url\":\"https:\/\/www.institutodeengenharia.org.br\/site\/\",\"logo\":{\"@type\":\"ImageObject\",\"inLanguage\":\"pt-BR\",\"@id\":\"https:\/\/www.institutodeengenharia.org.br\/site\/#\/schema\/logo\/image\/\",\"url\":\"https:\/\/www.institutodeengenharia.org.br\/site\/wp-content\/uploads\/2019\/03\/logo-novo-IE2018-1.jpg\",\"contentUrl\":\"https:\/\/www.institutodeengenharia.org.br\/site\/wp-content\/uploads\/2019\/03\/logo-novo-IE2018-1.jpg\",\"width\":1486,\"height\":1879,\"caption\":\"Instituto de Engenharia\"},\"image\":{\"@id\":\"https:\/\/www.institutodeengenharia.org.br\/site\/#\/schema\/logo\/image\/\"},\"sameAs\":[\"https:\/\/www.facebook.com\/institutodeengenharia\",\"https:\/\/x.com\/iengenharia\",\"https:\/\/www.instagram.com\/institutodeengenharia\/\",\"https:\/\/www.linkedin.com\/company\/instituto-de-engenharia\/\",\"https:\/\/www.youtube.com\/channel\/UCXiCAlsSMe977vamW915HxA\"]},{\"@type\":\"Person\",\"@id\":\"https:\/\/www.institutodeengenharia.org.br\/site\/#\/schema\/person\/aeb64951c405e100d26d30b033dd423f\",\"name\":\"Bianca\",\"image\":{\"@type\":\"ImageObject\",\"inLanguage\":\"pt-BR\",\"@id\":\"https:\/\/secure.gravatar.com\/avatar\/a6fbe9bff57405baf4c1e2c5c1811e072b558253974a9f9508f4678900c97c2a?s=96&d=mm&r=g\",\"url\":\"https:\/\/secure.gravatar.com\/avatar\/a6fbe9bff57405baf4c1e2c5c1811e072b558253974a9f9508f4678900c97c2a?s=96&d=mm&r=g\",\"contentUrl\":\"https:\/\/secure.gravatar.com\/avatar\/a6fbe9bff57405baf4c1e2c5c1811e072b558253974a9f9508f4678900c97c2a?s=96&d=mm&r=g\",\"caption\":\"Bianca\"},\"url\":\"https:\/\/www.institutodeengenharia.org.br\/site\/author\/comunicacao1\/\"}]}<\/script>\n<!-- \/ Yoast SEO plugin. -->","yoast_head_json":{"title":"Duplica\u00e7\u00e3o do trecho de Serra da Rodovia dos Tamoios \u2013 Viaduto V3 - Instituto de Engenharia","robots":{"index":"index","follow":"follow","max-snippet":"max-snippet:-1","max-image-preview":"max-image-preview:large","max-video-preview":"max-video-preview:-1"},"canonical":"https:\/\/www.institutodeengenharia.org.br\/site\/2022\/11\/17\/duplicacao-do-trecho-de-serra-da-rodovia-dos-tamoios-viaduto-v3\/","og_locale":"pt_BR","og_type":"article","og_title":"Duplica\u00e7\u00e3o do trecho de Serra da Rodovia dos Tamoios \u2013 Viaduto V3","og_description":"Vis\u00e3o geral da obra da duplica\u00e7\u00e3o e seus viadutos; metodologia construtiva porbalan\u00e7os sucessivos; detalhes do projeto do viaduto V3; aspectos normativos \u2013NBR 7187:2021, detalhes do acompanhamento da constru\u00e7\u00e3o e controle deflechas.","og_url":"https:\/\/www.institutodeengenharia.org.br\/site\/2022\/11\/17\/duplicacao-do-trecho-de-serra-da-rodovia-dos-tamoios-viaduto-v3\/","og_site_name":"Instituto de Engenharia","article_publisher":"https:\/\/www.facebook.com\/institutodeengenharia","article_published_time":"2022-11-17T15:36:24+00:00","og_image":[{"width":2560,"height":1440,"url":"https:\/\/www.institutodeengenharia.org.br\/site\/wp-content\/uploads\/2022\/06\/Viaduto_V3-scaled.jpg","type":"image\/jpeg"}],"author":"Bianca","twitter_card":"summary_large_image","twitter_title":"Duplica\u00e7\u00e3o do trecho de Serra da Rodovia dos Tamoios \u2013 Viaduto V3","twitter_description":"Vis\u00e3o geral da obra da duplica\u00e7\u00e3o e seus viadutos; metodologia construtiva porbalan\u00e7os sucessivos; detalhes do projeto do viaduto V3; aspectos normativos \u2013NBR 7187:2021, detalhes do acompanhamento da constru\u00e7\u00e3o e controle deflechas.","twitter_image":"https:\/\/www.institutodeengenharia.org.br\/site\/wp-content\/uploads\/2022\/06\/Viaduto_V3-scaled.jpg","twitter_creator":"@iengenharia","twitter_site":"@iengenharia","twitter_misc":{"Escrito por":"Bianca","Est. tempo de leitura":"2 minutos"},"schema":{"@context":"https:\/\/schema.org","@graph":[{"@type":"Article","@id":"https:\/\/www.institutodeengenharia.org.br\/site\/2022\/11\/17\/duplicacao-do-trecho-de-serra-da-rodovia-dos-tamoios-viaduto-v3\/#article","isPartOf":{"@id":"https:\/\/www.institutodeengenharia.org.br\/site\/2022\/11\/17\/duplicacao-do-trecho-de-serra-da-rodovia-dos-tamoios-viaduto-v3\/"},"author":{"name":"Bianca","@id":"https:\/\/www.institutodeengenharia.org.br\/site\/#\/schema\/person\/aeb64951c405e100d26d30b033dd423f"},"headline":"Duplica\u00e7\u00e3o do trecho de Serra da Rodovia dos Tamoios \u2013 Viaduto V3","datePublished":"2022-11-17T15:36:24+00:00","mainEntityOfPage":{"@id":"https:\/\/www.institutodeengenharia.org.br\/site\/2022\/11\/17\/duplicacao-do-trecho-de-serra-da-rodovia-dos-tamoios-viaduto-v3\/"},"wordCount":175,"commentCount":0,"publisher":{"@id":"https:\/\/www.institutodeengenharia.org.br\/site\/#organization"},"image":{"@id":"https:\/\/www.institutodeengenharia.org.br\/site\/2022\/11\/17\/duplicacao-do-trecho-de-serra-da-rodovia-dos-tamoios-viaduto-v3\/#primaryimage"},"thumbnailUrl":"https:\/\/www.institutodeengenharia.org.br\/site\/wp-content\/uploads\/2022\/06\/Viaduto_V3-scaled.jpg","keywords":["video-home"],"articleSection":["Nova TV Engenharia","Palestra"],"inLanguage":"pt-BR","potentialAction":[{"@type":"CommentAction","name":"Comment","target":["https:\/\/www.institutodeengenharia.org.br\/site\/2022\/11\/17\/duplicacao-do-trecho-de-serra-da-rodovia-dos-tamoios-viaduto-v3\/#respond"]}]},{"@type":"WebPage","@id":"https:\/\/www.institutodeengenharia.org.br\/site\/2022\/11\/17\/duplicacao-do-trecho-de-serra-da-rodovia-dos-tamoios-viaduto-v3\/","url":"https:\/\/www.institutodeengenharia.org.br\/site\/2022\/11\/17\/duplicacao-do-trecho-de-serra-da-rodovia-dos-tamoios-viaduto-v3\/","name":"Duplica\u00e7\u00e3o do trecho de Serra da Rodovia dos Tamoios \u2013 Viaduto V3 - Instituto de Engenharia","isPartOf":{"@id":"https:\/\/www.institutodeengenharia.org.br\/site\/#website"},"primaryImageOfPage":{"@id":"https:\/\/www.institutodeengenharia.org.br\/site\/2022\/11\/17\/duplicacao-do-trecho-de-serra-da-rodovia-dos-tamoios-viaduto-v3\/#primaryimage"},"image":{"@id":"https:\/\/www.institutodeengenharia.org.br\/site\/2022\/11\/17\/duplicacao-do-trecho-de-serra-da-rodovia-dos-tamoios-viaduto-v3\/#primaryimage"},"thumbnailUrl":"https:\/\/www.institutodeengenharia.org.br\/site\/wp-content\/uploads\/2022\/06\/Viaduto_V3-scaled.jpg","datePublished":"2022-11-17T15:36:24+00:00","breadcrumb":{"@id":"https:\/\/www.institutodeengenharia.org.br\/site\/2022\/11\/17\/duplicacao-do-trecho-de-serra-da-rodovia-dos-tamoios-viaduto-v3\/#breadcrumb"},"inLanguage":"pt-BR","potentialAction":[{"@type":"ReadAction","target":["https:\/\/www.institutodeengenharia.org.br\/site\/2022\/11\/17\/duplicacao-do-trecho-de-serra-da-rodovia-dos-tamoios-viaduto-v3\/"]}]},{"@type":"ImageObject","inLanguage":"pt-BR","@id":"https:\/\/www.institutodeengenharia.org.br\/site\/2022\/11\/17\/duplicacao-do-trecho-de-serra-da-rodovia-dos-tamoios-viaduto-v3\/#primaryimage","url":"https:\/\/www.institutodeengenharia.org.br\/site\/wp-content\/uploads\/2022\/06\/Viaduto_V3-scaled.jpg","contentUrl":"https:\/\/www.institutodeengenharia.org.br\/site\/wp-content\/uploads\/2022\/06\/Viaduto_V3-scaled.jpg","width":2560,"height":1440,"caption":"default"},{"@type":"BreadcrumbList","@id":"https:\/\/www.institutodeengenharia.org.br\/site\/2022\/11\/17\/duplicacao-do-trecho-de-serra-da-rodovia-dos-tamoios-viaduto-v3\/#breadcrumb","itemListElement":[{"@type":"ListItem","position":1,"name":"In\u00edcio","item":"https:\/\/www.institutodeengenharia.org.br\/site\/"},{"@type":"ListItem","position":2,"name":"Duplica\u00e7\u00e3o do trecho de Serra da Rodovia dos Tamoios \u2013 Viaduto V3"}]},{"@type":"WebSite","@id":"https:\/\/www.institutodeengenharia.org.br\/site\/#website","url":"https:\/\/www.institutodeengenharia.org.br\/site\/","name":"Instituto de Engenharia","description":"O Instituto de Engenharia promove a Engenharia em benef\u00edcio do desenvolvimento e da qualidade de vida da sociedade.","publisher":{"@id":"https:\/\/www.institutodeengenharia.org.br\/site\/#organization"},"potentialAction":[{"@type":"SearchAction","target":{"@type":"EntryPoint","urlTemplate":"https:\/\/www.institutodeengenharia.org.br\/site\/?s={search_term_string}"},"query-input":{"@type":"PropertyValueSpecification","valueRequired":true,"valueName":"search_term_string"}}],"inLanguage":"pt-BR"},{"@type":"Organization","@id":"https:\/\/www.institutodeengenharia.org.br\/site\/#organization","name":"Instituto de Engenharia","url":"https:\/\/www.institutodeengenharia.org.br\/site\/","logo":{"@type":"ImageObject","inLanguage":"pt-BR","@id":"https:\/\/www.institutodeengenharia.org.br\/site\/#\/schema\/logo\/image\/","url":"https:\/\/www.institutodeengenharia.org.br\/site\/wp-content\/uploads\/2019\/03\/logo-novo-IE2018-1.jpg","contentUrl":"https:\/\/www.institutodeengenharia.org.br\/site\/wp-content\/uploads\/2019\/03\/logo-novo-IE2018-1.jpg","width":1486,"height":1879,"caption":"Instituto de Engenharia"},"image":{"@id":"https:\/\/www.institutodeengenharia.org.br\/site\/#\/schema\/logo\/image\/"},"sameAs":["https:\/\/www.facebook.com\/institutodeengenharia","https:\/\/x.com\/iengenharia","https:\/\/www.instagram.com\/institutodeengenharia\/","https:\/\/www.linkedin.com\/company\/instituto-de-engenharia\/","https:\/\/www.youtube.com\/channel\/UCXiCAlsSMe977vamW915HxA"]},{"@type":"Person","@id":"https:\/\/www.institutodeengenharia.org.br\/site\/#\/schema\/person\/aeb64951c405e100d26d30b033dd423f","name":"Bianca","image":{"@type":"ImageObject","inLanguage":"pt-BR","@id":"https:\/\/secure.gravatar.com\/avatar\/a6fbe9bff57405baf4c1e2c5c1811e072b558253974a9f9508f4678900c97c2a?s=96&d=mm&r=g","url":"https:\/\/secure.gravatar.com\/avatar\/a6fbe9bff57405baf4c1e2c5c1811e072b558253974a9f9508f4678900c97c2a?s=96&d=mm&r=g","contentUrl":"https:\/\/secure.gravatar.com\/avatar\/a6fbe9bff57405baf4c1e2c5c1811e072b558253974a9f9508f4678900c97c2a?s=96&d=mm&r=g","caption":"Bianca"},"url":"https:\/\/www.institutodeengenharia.org.br\/site\/author\/comunicacao1\/"}]}},"_links":{"self":[{"href":"https:\/\/www.institutodeengenharia.org.br\/site\/wp-json\/wp\/v2\/posts\/100355","targetHints":{"allow":["GET"]}}],"collection":[{"href":"https:\/\/www.institutodeengenharia.org.br\/site\/wp-json\/wp\/v2\/posts"}],"about":[{"href":"https:\/\/www.institutodeengenharia.org.br\/site\/wp-json\/wp\/v2\/types\/post"}],"author":[{"embeddable":true,"href":"https:\/\/www.institutodeengenharia.org.br\/site\/wp-json\/wp\/v2\/users\/13"}],"replies":[{"embeddable":true,"href":"https:\/\/www.institutodeengenharia.org.br\/site\/wp-json\/wp\/v2\/comments?post=100355"}],"version-history":[{"count":1,"href":"https:\/\/www.institutodeengenharia.org.br\/site\/wp-json\/wp\/v2\/posts\/100355\/revisions"}],"predecessor-version":[{"id":100357,"href":"https:\/\/www.institutodeengenharia.org.br\/site\/wp-json\/wp\/v2\/posts\/100355\/revisions\/100357"}],"wp:featuredmedia":[{"embeddable":true,"href":"https:\/\/www.institutodeengenharia.org.br\/site\/wp-json\/wp\/v2\/media\/94873"}],"wp:attachment":[{"href":"https:\/\/www.institutodeengenharia.org.br\/site\/wp-json\/wp\/v2\/media?parent=100355"}],"wp:term":[{"taxonomy":"category","embeddable":true,"href":"https:\/\/www.institutodeengenharia.org.br\/site\/wp-json\/wp\/v2\/categories?post=100355"},{"taxonomy":"post_tag","embeddable":true,"href":"https:\/\/www.institutodeengenharia.org.br\/site\/wp-json\/wp\/v2\/tags?post=100355"}],"curies":[{"name":"wp","href":"https:\/\/api.w.org\/{rel}","templated":true}]}}