{"id":110,"count":30,"description":"<em>Eng.Civil, FAAP, Bacharel em Direito pela USP, perito criminal pela Academia de Pol\u00edcia SP, e atua como perito de engenharia e criminal\u00edstica desde 1979, al\u00e9m de professor, conferencista e autor de in\u00fameros artigos e livros. Foi o precursor da Inspe\u00e7\u00e3o Predial e Engenharia Diagn\u00f3stica no Brasil, desenvolvendo intensa atua\u00e7\u00e3o institucional, como ex-presidente do IBAPE-SP e ex-coordenador da Divis\u00e3o T\u00e9cnica de Patologias das Constru\u00e7\u00f5es do Instituto de Engenharia. \u00c9 tamb\u00e9m s\u00f3cio-diretor do Gabinete de Per\u00edcias Gomide. <\/em>","link":"https:\/\/www.institutodeengenharia.org.br\/site\/category\/articulistas\/tito-livio-ferreira-gomide\/","name":"Tito L\u00edvio Ferreira Gomide","slug":"tito-livio-ferreira-gomide","taxonomy":"category","parent":11,"meta":[],"yoast_head":"<!-- This site is optimized with the Yoast SEO plugin v27.2 - https:\/\/yoast.com\/product\/yoast-seo-wordpress\/ -->\n<title>Arquivos Tito L\u00edvio Ferreira Gomide - Instituto de Engenharia<\/title>\n<meta name=\"robots\" content=\"index, follow, max-snippet:-1, max-image-preview:large, max-video-preview:-1\" \/>\n<link rel=\"canonical\" href=\"https:\/\/www.institutodeengenharia.org.br\/site\/category\/articulistas\/tito-livio-ferreira-gomide\/\" \/>\n<meta property=\"og:locale\" content=\"pt_BR\" \/>\n<meta property=\"og:type\" content=\"article\" \/>\n<meta property=\"og:title\" content=\"Arquivos Tito L\u00edvio Ferreira Gomide - Instituto de Engenharia\" \/>\n<meta property=\"og:description\" content=\"Eng.Civil, FAAP, Bacharel em Direito pela USP, perito criminal pela Academia de Pol\u00edcia SP, e atua como perito de engenharia e criminal\u00edstica desde 1979, al\u00e9m de professor, conferencista e autor de in\u00fameros artigos e livros. Foi o precursor da Inspe\u00e7\u00e3o Predial e Engenharia Diagn\u00f3stica no Brasil, desenvolvendo intensa atua\u00e7\u00e3o institucional, como ex-presidente do IBAPE-SP e ex-coordenador da Divis\u00e3o T\u00e9cnica de Patologias das Constru\u00e7\u00f5es do Instituto de Engenharia. \u00c9 tamb\u00e9m s\u00f3cio-diretor do Gabinete de Per\u00edcias Gomide.\" \/>\n<meta property=\"og:url\" content=\"https:\/\/www.institutodeengenharia.org.br\/site\/category\/articulistas\/tito-livio-ferreira-gomide\/\" \/>\n<meta property=\"og:site_name\" content=\"Instituto de Engenharia\" \/>\n<meta name=\"twitter:card\" content=\"summary_large_image\" \/>\n<meta name=\"twitter:site\" content=\"@iengenharia\" \/>\n<script type=\"application\/ld+json\" class=\"yoast-schema-graph\">{\"@context\":\"https:\/\/schema.org\",\"@graph\":[{\"@type\":\"CollectionPage\",\"@id\":\"https:\/\/www.institutodeengenharia.org.br\/site\/category\/articulistas\/tito-livio-ferreira-gomide\/\",\"url\":\"https:\/\/www.institutodeengenharia.org.br\/site\/category\/articulistas\/tito-livio-ferreira-gomide\/\",\"name\":\"Arquivos Tito L\u00edvio Ferreira Gomide - Instituto de Engenharia\",\"isPartOf\":{\"@id\":\"https:\/\/www.institutodeengenharia.org.br\/site\/#website\"},\"breadcrumb\":{\"@id\":\"https:\/\/www.institutodeengenharia.org.br\/site\/category\/articulistas\/tito-livio-ferreira-gomide\/#breadcrumb\"},\"inLanguage\":\"pt-BR\"},{\"@type\":\"BreadcrumbList\",\"@id\":\"https:\/\/www.institutodeengenharia.org.br\/site\/category\/articulistas\/tito-livio-ferreira-gomide\/#breadcrumb\",\"itemListElement\":[{\"@type\":\"ListItem\",\"position\":1,\"name\":\"In\u00edcio\",\"item\":\"https:\/\/www.institutodeengenharia.org.br\/site\/\"},{\"@type\":\"ListItem\",\"position\":2,\"name\":\"Articulistas\",\"item\":\"https:\/\/www.institutodeengenharia.org.br\/site\/category\/articulistas\/\"},{\"@type\":\"ListItem\",\"position\":3,\"name\":\"Tito L\u00edvio Ferreira Gomide\"}]},{\"@type\":\"WebSite\",\"@id\":\"https:\/\/www.institutodeengenharia.org.br\/site\/#website\",\"url\":\"https:\/\/www.institutodeengenharia.org.br\/site\/\",\"name\":\"Instituto de Engenharia\",\"description\":\"O Instituto de Engenharia promove a Engenharia em benef\u00edcio do desenvolvimento e da qualidade de vida da sociedade.\",\"publisher\":{\"@id\":\"https:\/\/www.institutodeengenharia.org.br\/site\/#organization\"},\"potentialAction\":[{\"@type\":\"SearchAction\",\"target\":{\"@type\":\"EntryPoint\",\"urlTemplate\":\"https:\/\/www.institutodeengenharia.org.br\/site\/?s={search_term_string}\"},\"query-input\":{\"@type\":\"PropertyValueSpecification\",\"valueRequired\":true,\"valueName\":\"search_term_string\"}}],\"inLanguage\":\"pt-BR\"},{\"@type\":\"Organization\",\"@id\":\"https:\/\/www.institutodeengenharia.org.br\/site\/#organization\",\"name\":\"Instituto de Engenharia\",\"url\":\"https:\/\/www.institutodeengenharia.org.br\/site\/\",\"logo\":{\"@type\":\"ImageObject\",\"inLanguage\":\"pt-BR\",\"@id\":\"https:\/\/www.institutodeengenharia.org.br\/site\/#\/schema\/logo\/image\/\",\"url\":\"https:\/\/www.institutodeengenharia.org.br\/site\/wp-content\/uploads\/2019\/03\/logo-novo-IE2018-1.jpg\",\"contentUrl\":\"https:\/\/www.institutodeengenharia.org.br\/site\/wp-content\/uploads\/2019\/03\/logo-novo-IE2018-1.jpg\",\"width\":1486,\"height\":1879,\"caption\":\"Instituto de Engenharia\"},\"image\":{\"@id\":\"https:\/\/www.institutodeengenharia.org.br\/site\/#\/schema\/logo\/image\/\"},\"sameAs\":[\"https:\/\/www.facebook.com\/institutodeengenharia\",\"https:\/\/x.com\/iengenharia\",\"https:\/\/www.instagram.com\/institutodeengenharia\/\",\"https:\/\/www.linkedin.com\/company\/instituto-de-engenharia\/\",\"https:\/\/www.youtube.com\/channel\/UCXiCAlsSMe977vamW915HxA\"]}]}<\/script>\n<!-- \/ Yoast SEO plugin. -->","yoast_head_json":{"title":"Arquivos Tito L\u00edvio Ferreira Gomide - Instituto de Engenharia","robots":{"index":"index","follow":"follow","max-snippet":"max-snippet:-1","max-image-preview":"max-image-preview:large","max-video-preview":"max-video-preview:-1"},"canonical":"https:\/\/www.institutodeengenharia.org.br\/site\/category\/articulistas\/tito-livio-ferreira-gomide\/","og_locale":"pt_BR","og_type":"article","og_title":"Arquivos Tito L\u00edvio Ferreira Gomide - Instituto de Engenharia","og_description":"Eng.Civil, FAAP, Bacharel em Direito pela USP, perito criminal pela Academia de Pol\u00edcia SP, e atua como perito de engenharia e criminal\u00edstica desde 1979, al\u00e9m de professor, conferencista e autor de in\u00fameros artigos e livros. Foi o precursor da Inspe\u00e7\u00e3o Predial e Engenharia Diagn\u00f3stica no Brasil, desenvolvendo intensa atua\u00e7\u00e3o institucional, como ex-presidente do IBAPE-SP e ex-coordenador da Divis\u00e3o T\u00e9cnica de Patologias das Constru\u00e7\u00f5es do Instituto de Engenharia. \u00c9 tamb\u00e9m s\u00f3cio-diretor do Gabinete de Per\u00edcias Gomide.","og_url":"https:\/\/www.institutodeengenharia.org.br\/site\/category\/articulistas\/tito-livio-ferreira-gomide\/","og_site_name":"Instituto de Engenharia","twitter_card":"summary_large_image","twitter_site":"@iengenharia","schema":{"@context":"https:\/\/schema.org","@graph":[{"@type":"CollectionPage","@id":"https:\/\/www.institutodeengenharia.org.br\/site\/category\/articulistas\/tito-livio-ferreira-gomide\/","url":"https:\/\/www.institutodeengenharia.org.br\/site\/category\/articulistas\/tito-livio-ferreira-gomide\/","name":"Arquivos Tito L\u00edvio Ferreira Gomide - Instituto de Engenharia","isPartOf":{"@id":"https:\/\/www.institutodeengenharia.org.br\/site\/#website"},"breadcrumb":{"@id":"https:\/\/www.institutodeengenharia.org.br\/site\/category\/articulistas\/tito-livio-ferreira-gomide\/#breadcrumb"},"inLanguage":"pt-BR"},{"@type":"BreadcrumbList","@id":"https:\/\/www.institutodeengenharia.org.br\/site\/category\/articulistas\/tito-livio-ferreira-gomide\/#breadcrumb","itemListElement":[{"@type":"ListItem","position":1,"name":"In\u00edcio","item":"https:\/\/www.institutodeengenharia.org.br\/site\/"},{"@type":"ListItem","position":2,"name":"Articulistas","item":"https:\/\/www.institutodeengenharia.org.br\/site\/category\/articulistas\/"},{"@type":"ListItem","position":3,"name":"Tito L\u00edvio Ferreira Gomide"}]},{"@type":"WebSite","@id":"https:\/\/www.institutodeengenharia.org.br\/site\/#website","url":"https:\/\/www.institutodeengenharia.org.br\/site\/","name":"Instituto de Engenharia","description":"O Instituto de Engenharia promove a Engenharia em benef\u00edcio do desenvolvimento e da qualidade de vida da sociedade.","publisher":{"@id":"https:\/\/www.institutodeengenharia.org.br\/site\/#organization"},"potentialAction":[{"@type":"SearchAction","target":{"@type":"EntryPoint","urlTemplate":"https:\/\/www.institutodeengenharia.org.br\/site\/?s={search_term_string}"},"query-input":{"@type":"PropertyValueSpecification","valueRequired":true,"valueName":"search_term_string"}}],"inLanguage":"pt-BR"},{"@type":"Organization","@id":"https:\/\/www.institutodeengenharia.org.br\/site\/#organization","name":"Instituto de Engenharia","url":"https:\/\/www.institutodeengenharia.org.br\/site\/","logo":{"@type":"ImageObject","inLanguage":"pt-BR","@id":"https:\/\/www.institutodeengenharia.org.br\/site\/#\/schema\/logo\/image\/","url":"https:\/\/www.institutodeengenharia.org.br\/site\/wp-content\/uploads\/2019\/03\/logo-novo-IE2018-1.jpg","contentUrl":"https:\/\/www.institutodeengenharia.org.br\/site\/wp-content\/uploads\/2019\/03\/logo-novo-IE2018-1.jpg","width":1486,"height":1879,"caption":"Instituto de Engenharia"},"image":{"@id":"https:\/\/www.institutodeengenharia.org.br\/site\/#\/schema\/logo\/image\/"},"sameAs":["https:\/\/www.facebook.com\/institutodeengenharia","https:\/\/x.com\/iengenharia","https:\/\/www.instagram.com\/institutodeengenharia\/","https:\/\/www.linkedin.com\/company\/instituto-de-engenharia\/","https:\/\/www.youtube.com\/channel\/UCXiCAlsSMe977vamW915HxA"]}]}},"_links":{"self":[{"href":"https:\/\/www.institutodeengenharia.org.br\/site\/wp-json\/wp\/v2\/categories\/110","targetHints":{"allow":["GET"]}}],"collection":[{"href":"https:\/\/www.institutodeengenharia.org.br\/site\/wp-json\/wp\/v2\/categories"}],"about":[{"href":"https:\/\/www.institutodeengenharia.org.br\/site\/wp-json\/wp\/v2\/taxonomies\/category"}],"up":[{"embeddable":true,"href":"https:\/\/www.institutodeengenharia.org.br\/site\/wp-json\/wp\/v2\/categories\/11"}],"wp:post_type":[{"href":"https:\/\/www.institutodeengenharia.org.br\/site\/wp-json\/wp\/v2\/posts?categories=110"}],"curies":[{"name":"wp","href":"https:\/\/api.w.org\/{rel}","templated":true}]}}